{"id":3201,"date":"2021-02-03T19:15:28","date_gmt":"2021-02-04T01:15:28","guid":{"rendered":"https:\/\/www.uv.mx\/personal\/mcasillas\/?p=3201"},"modified":"2023-10-19T12:25:35","modified_gmt":"2023-10-19T17:25:35","slug":"saberes-digitales-en-la-educacion-una-investigacion-sobre-el-capital-tecnologico-incorporado-de-los-agentes-de-la-educacion","status":"publish","type":"post","link":"https:\/\/www.uv.mx\/personal\/mcasillas\/2021\/02\/03\/saberes-digitales-en-la-educacion-una-investigacion-sobre-el-capital-tecnologico-incorporado-de-los-agentes-de-la-educacion\/","title":{"rendered":"Saberes digitales en la educaci\u00f3n. Una investigaci\u00f3n sobre el capital tecnol\u00f3gico incorporado de los agentes de la educaci\u00f3n"},"content":{"rendered":"<p><a href=\"https:\/\/www.uv.mx\/personal\/mcasillas\/files\/2021\/02\/Captura-de-pantalla-2021-02-03-a-las-19.01.05.png\"><img loading=\"lazy\" decoding=\"async\" class=\"alignleft wp-image-3202 \" src=\"https:\/\/www.uv.mx\/personal\/mcasillas\/files\/2021\/02\/Captura-de-pantalla-2021-02-03-a-las-19.01.05-207x300.png\" alt=\"\" width=\"197\" height=\"286\" srcset=\"https:\/\/www.uv.mx\/personal\/mcasillas\/files\/2021\/02\/Captura-de-pantalla-2021-02-03-a-las-19.01.05-207x300.png 207w, https:\/\/www.uv.mx\/personal\/mcasillas\/files\/2021\/02\/Captura-de-pantalla-2021-02-03-a-las-19.01.05.png 312w\" sizes=\"auto, (max-width: 197px) 100vw, 197px\" \/><\/a><\/p>\n<p>&nbsp;<\/p>\n<p><strong>Para citar este libro:<\/strong><\/p>\n<p>Casillas, M. y Ram\u00edrez, A. (2021). <em>Saberes digitales en la educaci\u00f3n. Una investigaci\u00f3n sobre el capital tecnol\u00f3gico incorporado de los agentes de la educaci\u00f3n<\/em>. Argentina: Brujas.<span class=\"Apple-converted-space\">\u00a0 <\/span>ISBN: 978-987-760-337-8 e-ISBN: 978-987-760-338-5<\/p>\n<p>Para consultar: <a href=\"https:\/\/www.uv.mx\/personal\/mcasillas\/files\/2021\/02\/Libro.pdf\">Saberes digitales en la educaci\u00f3n. Una investigaci\u00f3n sobre el capital tecnol\u00f3gico incorporado de los agentes de la educaci\u00f3n.<\/a><\/p>\n<p>Para descargar: <a href=\"https:\/\/www.uv.mx\/personal\/mcasillas\/files\/2022\/03\/Saberes-digitales-en-la-educacio\u0301n.pdf\">Saberes digitales en la educaci\u00f3n. Una investigaci\u00f3n sobre el capital tecnol\u00f3gico incorporado de los agentes de la educaci\u00f3n<\/a><\/p>\n","protected":false},"excerpt":{"rendered":"<p>&nbsp; Para citar este libro: Casillas, M. y Ram\u00edrez, A. (2021). Saberes digitales en la educaci\u00f3n. Una investigaci\u00f3n sobre el capital tecnol\u00f3gico incorporado de los agentes de la educaci\u00f3n. Argentina: Brujas.\u00a0 ISBN: 978-987-760-337-8 e-ISBN: 978-987-760-338-5 Para consultar: Saberes digitales en la educaci\u00f3n. Una investigaci\u00f3n sobre el capital tecnol\u00f3gico incorporado de los agentes de la educaci\u00f3n&#8230;.<\/p>\n","protected":false},"author":1587,"featured_media":0,"comment_status":"open","ping_status":"closed","sticky":false,"template":"","format":"standard","meta":{"footnotes":""},"categories":[11],"tags":[],"class_list":["post-3201","post","type-post","status-publish","format-standard","hentry","category-libros-publica"],"_links":{"self":[{"href":"https:\/\/www.uv.mx\/personal\/mcasillas\/wp-json\/wp\/v2\/posts\/3201","targetHints":{"allow":["GET"]}}],"collection":[{"href":"https:\/\/www.uv.mx\/personal\/mcasillas\/wp-json\/wp\/v2\/posts"}],"about":[{"href":"https:\/\/www.uv.mx\/personal\/mcasillas\/wp-json\/wp\/v2\/types\/post"}],"author":[{"embeddable":true,"href":"https:\/\/www.uv.mx\/personal\/mcasillas\/wp-json\/wp\/v2\/users\/1587"}],"replies":[{"embeddable":true,"href":"https:\/\/www.uv.mx\/personal\/mcasillas\/wp-json\/wp\/v2\/comments?post=3201"}],"version-history":[{"count":2,"href":"https:\/\/www.uv.mx\/personal\/mcasillas\/wp-json\/wp\/v2\/posts\/3201\/revisions"}],"predecessor-version":[{"id":4274,"href":"https:\/\/www.uv.mx\/personal\/mcasillas\/wp-json\/wp\/v2\/posts\/3201\/revisions\/4274"}],"wp:attachment":[{"href":"https:\/\/www.uv.mx\/personal\/mcasillas\/wp-json\/wp\/v2\/media?parent=3201"}],"wp:term":[{"taxonomy":"category","embeddable":true,"href":"https:\/\/www.uv.mx\/personal\/mcasillas\/wp-json\/wp\/v2\/categories?post=3201"},{"taxonomy":"post_tag","embeddable":true,"href":"https:\/\/www.uv.mx\/personal\/mcasillas\/wp-json\/wp\/v2\/tags?post=3201"}],"curies":[{"name":"wp","href":"https:\/\/api.w.org\/{rel}","templated":true}]}}