{"id":3219,"date":"2021-05-18T11:35:48","date_gmt":"2021-05-18T16:35:48","guid":{"rendered":"https:\/\/www.uv.mx\/personal\/mcasillas\/?p=3219"},"modified":"2023-10-13T13:09:18","modified_gmt":"2023-10-13T18:09:18","slug":"3219","status":"publish","type":"post","link":"https:\/\/www.uv.mx\/personal\/mcasillas\/2021\/05\/18\/3219\/","title":{"rendered":"Ampliaci\u00f3n de la matr\u00edcula estudiantil, gratuidad y libre acceso a la UV"},"content":{"rendered":"<p><a href=\"https:\/\/www.uv.mx\/personal\/mcasillas\/files\/2021\/05\/Captura-de-pantalla-2021-05-18-a-las-11.33.11.png\"><img loading=\"lazy\" decoding=\"async\" class=\"alignleft wp-image-3220\" src=\"https:\/\/www.uv.mx\/personal\/mcasillas\/files\/2021\/05\/Captura-de-pantalla-2021-05-18-a-las-11.33.11-150x150.png\" alt=\"\" width=\"210\" height=\"210\" \/><\/a><\/p>\n<p>&nbsp;<\/p>\n<ul>\n<li>Para citar este documento:<\/li>\n<\/ul>\n<p>Casillas, M. (17 de mayo de 2021). Ampliaci\u00f3n de la matr\u00edcula estudiantil, gratuidad y libre acceso a la UV. \u00a0Educaci\u00f3n Futura. Recuperado de: https:\/\/www.educacionfutura.org<\/p>\n<p>Para consultar:<a href=\"http:\/\/www.educacionfutura.org\/ampliacion-de-la-matricula-estudiantil-gratuidad-y-libre-acceso-a-la-uv\/?fbclid=IwAR0uq5BXXYvxmPSgotmupe0royeAPBZBuP5W45pi9OLgAgXRENyqV0f4c9I\">Ampliaci\u00f3n de la matr\u00edcula estudiantil, gratuidad y libre acceso a la UV. <\/a><\/p>\n<p>Para descargar: <a href=\"https:\/\/www.uv.mx\/personal\/mcasillas\/files\/2022\/03\/Ampliacio\u0301n-de-la-matri\u0301cula-estudiantil-gratuidad-y-libre-acceso-a-la-UV-\u2013-Educacio\u0301n-Futura.pdf\">Ampliaci\u00f3n de la matr\u00edcula estudiantil, gratuidad y libre acceso a la UV<\/a><\/p>\n<p>&nbsp;<\/p>\n<p>&nbsp;<\/p>\n","protected":false},"excerpt":{"rendered":"<p>&nbsp; Para citar este documento: Casillas, M. (17 de mayo de 2021). Ampliaci\u00f3n de la matr\u00edcula estudiantil, gratuidad y libre acceso a la UV. \u00a0Educaci\u00f3n Futura. Recuperado de: https:\/\/www.educacionfutura.org Para consultar:Ampliaci\u00f3n de la matr\u00edcula estudiantil, gratuidad y libre acceso a la UV. Para descargar: Ampliaci\u00f3n de la matr\u00edcula estudiantil, gratuidad y libre acceso a la&#8230;<\/p>\n","protected":false},"author":1587,"featured_media":0,"comment_status":"closed","ping_status":"closed","sticky":false,"template":"","format":"standard","meta":{"footnotes":""},"categories":[40],"tags":[],"class_list":["post-3219","post","type-post","status-publish","format-standard","hentry","category-articulo-difusion"],"_links":{"self":[{"href":"https:\/\/www.uv.mx\/personal\/mcasillas\/wp-json\/wp\/v2\/posts\/3219","targetHints":{"allow":["GET"]}}],"collection":[{"href":"https:\/\/www.uv.mx\/personal\/mcasillas\/wp-json\/wp\/v2\/posts"}],"about":[{"href":"https:\/\/www.uv.mx\/personal\/mcasillas\/wp-json\/wp\/v2\/types\/post"}],"author":[{"embeddable":true,"href":"https:\/\/www.uv.mx\/personal\/mcasillas\/wp-json\/wp\/v2\/users\/1587"}],"replies":[{"embeddable":true,"href":"https:\/\/www.uv.mx\/personal\/mcasillas\/wp-json\/wp\/v2\/comments?post=3219"}],"version-history":[{"count":2,"href":"https:\/\/www.uv.mx\/personal\/mcasillas\/wp-json\/wp\/v2\/posts\/3219\/revisions"}],"predecessor-version":[{"id":4146,"href":"https:\/\/www.uv.mx\/personal\/mcasillas\/wp-json\/wp\/v2\/posts\/3219\/revisions\/4146"}],"wp:attachment":[{"href":"https:\/\/www.uv.mx\/personal\/mcasillas\/wp-json\/wp\/v2\/media?parent=3219"}],"wp:term":[{"taxonomy":"category","embeddable":true,"href":"https:\/\/www.uv.mx\/personal\/mcasillas\/wp-json\/wp\/v2\/categories?post=3219"},{"taxonomy":"post_tag","embeddable":true,"href":"https:\/\/www.uv.mx\/personal\/mcasillas\/wp-json\/wp\/v2\/tags?post=3219"}],"curies":[{"name":"wp","href":"https:\/\/api.w.org\/{rel}","templated":true}]}}