{"id":3252,"date":"2021-06-02T10:46:43","date_gmt":"2021-06-02T15:46:43","guid":{"rendered":"https:\/\/www.uv.mx\/personal\/mcasillas\/?p=3252"},"modified":"2022-03-29T13:46:24","modified_gmt":"2022-03-29T19:46:24","slug":"estudiantes-y-cyberbullying-en-la-universidad","status":"publish","type":"post","link":"https:\/\/www.uv.mx\/personal\/mcasillas\/2021\/06\/02\/estudiantes-y-cyberbullying-en-la-universidad\/","title":{"rendered":"Estudiantes y cyberbullying en la universidad"},"content":{"rendered":"<p><a href=\"https:\/\/www.uv.mx\/personal\/mcasillas\/files\/2021\/06\/Captura-de-pantalla-2021-06-02-a-las-10.44.17.png\"><img loading=\"lazy\" decoding=\"async\" class=\"alignleft wp-image-3253\" src=\"https:\/\/www.uv.mx\/personal\/mcasillas\/files\/2021\/06\/Captura-de-pantalla-2021-06-02-a-las-10.44.17-150x150.png\" alt=\"\" width=\"221\" height=\"221\" \/><\/a><\/p>\n<p>&nbsp;<\/p>\n<div>Dorantes, J. J. y Casillas, M. (2021). Estudiantes y cyberbullying en la universidad. En Ramos, M. A; Ramos, L. B. y Noriega, E. (Eds). (2021).\u00a0<i>Redes de Cultura Escolar en pro de la Educaci\u00f3n para la Paz. Experiencias, an\u00e1lisis y propuestas de intervenci\u00f3n.\u00a0<\/i>Cap. V. La interacci\u00f3n de la vida escolar presencial con la vida escolar digital. M\u00e9xico. Fundaci\u00f3n Vivir en Armon\u00eda. Versi\u00f3n digital. (pp. 450-463). ISBN: 9786079798277.<\/div>\n<div><\/div>\n<div>\n<div class=\"entry-content clearfix\">\n<div class=\"entry-body\">\n<p><strong>Disponible en: <a href=\"https:\/\/www.uv.mx\/personal\/mcasillas\/files\/2021\/06\/Redes-de-Cultura-Escolar-en-pro-de-la-Educacio\u0301n-para-la-Paz1.pdf\">Estudiantes y cyberbullying en la universidad.<\/a><\/strong><\/p>\n<p><strong>Para descargar:\u00a0<\/strong><a href=\"https:\/\/www.uv.mx\/personal\/mcasillas\/files\/2022\/03\/Redes-de-Cultura-Escolar-en-pro-de-la-Educacio\u0301n-para-la-Paz1.pdf\">Estudiantes y cyberbullying en la universidad\u00a0<\/a><\/p>\n<\/div>\n<\/div>\n<\/div>\n","protected":false},"excerpt":{"rendered":"<p>&nbsp; Dorantes, J. J. y Casillas, M. (2021). Estudiantes y cyberbullying en la universidad. En Ramos, M. A; Ramos, L. B. y Noriega, E. (Eds). (2021).\u00a0Redes de Cultura Escolar en pro de la Educaci\u00f3n para la Paz. Experiencias, an\u00e1lisis y propuestas de intervenci\u00f3n.\u00a0Cap. V. La interacci\u00f3n de la vida escolar presencial con la vida escolar&#8230;<\/p>\n","protected":false},"author":1587,"featured_media":0,"comment_status":"closed","ping_status":"closed","sticky":false,"template":"","format":"standard","meta":{"footnotes":""},"categories":[19],"tags":[],"class_list":["post-3252","post","type-post","status-publish","format-standard","hentry","category-cap-libro"],"_links":{"self":[{"href":"https:\/\/www.uv.mx\/personal\/mcasillas\/wp-json\/wp\/v2\/posts\/3252","targetHints":{"allow":["GET"]}}],"collection":[{"href":"https:\/\/www.uv.mx\/personal\/mcasillas\/wp-json\/wp\/v2\/posts"}],"about":[{"href":"https:\/\/www.uv.mx\/personal\/mcasillas\/wp-json\/wp\/v2\/types\/post"}],"author":[{"embeddable":true,"href":"https:\/\/www.uv.mx\/personal\/mcasillas\/wp-json\/wp\/v2\/users\/1587"}],"replies":[{"embeddable":true,"href":"https:\/\/www.uv.mx\/personal\/mcasillas\/wp-json\/wp\/v2\/comments?post=3252"}],"version-history":[{"count":2,"href":"https:\/\/www.uv.mx\/personal\/mcasillas\/wp-json\/wp\/v2\/posts\/3252\/revisions"}],"predecessor-version":[{"id":3695,"href":"https:\/\/www.uv.mx\/personal\/mcasillas\/wp-json\/wp\/v2\/posts\/3252\/revisions\/3695"}],"wp:attachment":[{"href":"https:\/\/www.uv.mx\/personal\/mcasillas\/wp-json\/wp\/v2\/media?parent=3252"}],"wp:term":[{"taxonomy":"category","embeddable":true,"href":"https:\/\/www.uv.mx\/personal\/mcasillas\/wp-json\/wp\/v2\/categories?post=3252"},{"taxonomy":"post_tag","embeddable":true,"href":"https:\/\/www.uv.mx\/personal\/mcasillas\/wp-json\/wp\/v2\/tags?post=3252"}],"curies":[{"name":"wp","href":"https:\/\/api.w.org\/{rel}","templated":true}]}}