{"id":3382,"date":"2021-10-21T13:59:09","date_gmt":"2021-10-21T18:59:09","guid":{"rendered":"https:\/\/www.uv.mx\/personal\/mcasillas\/?p=3382"},"modified":"2023-10-19T12:24:51","modified_gmt":"2023-10-19T17:24:51","slug":"3382","status":"publish","type":"post","link":"https:\/\/www.uv.mx\/personal\/mcasillas\/2021\/10\/21\/3382\/","title":{"rendered":"Saberes digitales de matem\u00e1ticos, f\u00edsicos, qu\u00edmicos, arquitectos e ingenieros."},"content":{"rendered":"<p><a href=\"https:\/\/www.uv.mx\/personal\/mcasillas\/files\/2021\/10\/Screenshot_20211021_135814.jpg\"><img loading=\"lazy\" decoding=\"async\" class=\" wp-image-3383 alignleft\" src=\"https:\/\/www.uv.mx\/personal\/mcasillas\/files\/2021\/10\/Screenshot_20211021_135814.jpg\" alt=\"\" width=\"342\" height=\"454\" srcset=\"https:\/\/www.uv.mx\/personal\/mcasillas\/files\/2021\/10\/Screenshot_20211021_135814.jpg 966w, https:\/\/www.uv.mx\/personal\/mcasillas\/files\/2021\/10\/Screenshot_20211021_135814-226x300.jpg 226w, https:\/\/www.uv.mx\/personal\/mcasillas\/files\/2021\/10\/Screenshot_20211021_135814-773x1024.jpg 773w, https:\/\/www.uv.mx\/personal\/mcasillas\/files\/2021\/10\/Screenshot_20211021_135814-768x1018.jpg 768w, https:\/\/www.uv.mx\/personal\/mcasillas\/files\/2021\/10\/Screenshot_20211021_135814-81x107.jpg 81w\" sizes=\"auto, (max-width: 342px) 100vw, 342px\" \/><\/a><\/p>\n<p><strong>Para citar este libro:<\/strong><\/p>\n<p>Casillas, M. y Ram\u00edrez, A. (2021). <em>Saberes digitales de matem\u00e1ticos, f\u00edsicos, qu\u00edmicos, arquitectos e ingenieros<\/em>. Textos universitarios: Universidad Veracruzana. ISBN:\u00a09786075029498.<\/p>\n<p>Para consultar: <a href=\"http:\/\/libros.uv.mx\/index.php\/UV\/catalog\/book\/2571\">Saberes digitales de matem\u00e1ticos, f\u00edsicos, qu\u00edmicos, arquitectos e ingenieros.<\/a><\/p>\n<p>Para descargar: <a href=\"https:\/\/www.uv.mx\/personal\/mcasillas\/files\/2022\/03\/Saberes-digitales-de-matema\u0301ticos-fi\u0301sicos-qui\u0301micos-arquitectos-e-ingenieros.pdf\">Saberes digitales de matem\u00e1ticos. f\u00edsicos, qu\u00edmicos, arquitectos e ingenieros<\/a><\/p>\n<p>&nbsp;<\/p>\n","protected":false},"excerpt":{"rendered":"<p>Para citar este libro: Casillas, M. y Ram\u00edrez, A. (2021). Saberes digitales de matem\u00e1ticos, f\u00edsicos, qu\u00edmicos, arquitectos e ingenieros. Textos universitarios: Universidad Veracruzana. ISBN:\u00a09786075029498. Para consultar: Saberes digitales de matem\u00e1ticos, f\u00edsicos, qu\u00edmicos, arquitectos e ingenieros. Para descargar: Saberes digitales de matem\u00e1ticos. f\u00edsicos, qu\u00edmicos, arquitectos e ingenieros &nbsp;<\/p>\n","protected":false},"author":1587,"featured_media":0,"comment_status":"closed","ping_status":"closed","sticky":false,"template":"","format":"standard","meta":{"footnotes":""},"categories":[11],"tags":[],"class_list":["post-3382","post","type-post","status-publish","format-standard","hentry","category-libros-publica"],"_links":{"self":[{"href":"https:\/\/www.uv.mx\/personal\/mcasillas\/wp-json\/wp\/v2\/posts\/3382","targetHints":{"allow":["GET"]}}],"collection":[{"href":"https:\/\/www.uv.mx\/personal\/mcasillas\/wp-json\/wp\/v2\/posts"}],"about":[{"href":"https:\/\/www.uv.mx\/personal\/mcasillas\/wp-json\/wp\/v2\/types\/post"}],"author":[{"embeddable":true,"href":"https:\/\/www.uv.mx\/personal\/mcasillas\/wp-json\/wp\/v2\/users\/1587"}],"replies":[{"embeddable":true,"href":"https:\/\/www.uv.mx\/personal\/mcasillas\/wp-json\/wp\/v2\/comments?post=3382"}],"version-history":[{"count":2,"href":"https:\/\/www.uv.mx\/personal\/mcasillas\/wp-json\/wp\/v2\/posts\/3382\/revisions"}],"predecessor-version":[{"id":4271,"href":"https:\/\/www.uv.mx\/personal\/mcasillas\/wp-json\/wp\/v2\/posts\/3382\/revisions\/4271"}],"wp:attachment":[{"href":"https:\/\/www.uv.mx\/personal\/mcasillas\/wp-json\/wp\/v2\/media?parent=3382"}],"wp:term":[{"taxonomy":"category","embeddable":true,"href":"https:\/\/www.uv.mx\/personal\/mcasillas\/wp-json\/wp\/v2\/categories?post=3382"},{"taxonomy":"post_tag","embeddable":true,"href":"https:\/\/www.uv.mx\/personal\/mcasillas\/wp-json\/wp\/v2\/tags?post=3382"}],"curies":[{"name":"wp","href":"https:\/\/api.w.org\/{rel}","templated":true}]}}