{"id":3392,"date":"2021-10-21T14:07:49","date_gmt":"2021-10-21T19:07:49","guid":{"rendered":"https:\/\/www.uv.mx\/personal\/mcasillas\/?p=3392"},"modified":"2023-10-19T12:24:06","modified_gmt":"2023-10-19T17:24:06","slug":"3392","status":"publish","type":"post","link":"https:\/\/www.uv.mx\/personal\/mcasillas\/2021\/10\/21\/3392\/","title":{"rendered":"Saberes digitales de historiadores, fil\u00f3sofos, abogados, antrop\u00f3logos, pedagogos y licenciados en lenguas e idiomas"},"content":{"rendered":"<p style=\"padding-left: 40px\"><a href=\"https:\/\/www.uv.mx\/personal\/mcasillas\/files\/2021\/10\/Screenshot_20211021_140657.jpg\"><img loading=\"lazy\" decoding=\"async\" class=\" wp-image-3393 alignleft\" src=\"https:\/\/www.uv.mx\/personal\/mcasillas\/files\/2021\/10\/Screenshot_20211021_140657.jpg\" alt=\"\" width=\"362\" height=\"475\" srcset=\"https:\/\/www.uv.mx\/personal\/mcasillas\/files\/2021\/10\/Screenshot_20211021_140657.jpg 980w, https:\/\/www.uv.mx\/personal\/mcasillas\/files\/2021\/10\/Screenshot_20211021_140657-229x300.jpg 229w, https:\/\/www.uv.mx\/personal\/mcasillas\/files\/2021\/10\/Screenshot_20211021_140657-780x1024.jpg 780w, https:\/\/www.uv.mx\/personal\/mcasillas\/files\/2021\/10\/Screenshot_20211021_140657-768x1008.jpg 768w, https:\/\/www.uv.mx\/personal\/mcasillas\/files\/2021\/10\/Screenshot_20211021_140657-82x107.jpg 82w\" sizes=\"auto, (max-width: 362px) 100vw, 362px\" \/><\/a><\/p>\n<p>&nbsp;<\/p>\n<p><strong>Para citar este libro:<\/strong><\/p>\n<p>Casillas, M. y Ram\u00edrez, A. (2021). <em>Saberes digitales de historiadores, fil\u00f3sofos, abogados, antrop\u00f3logos, pedagogos y licenciados en lenguas e idiomas\u00a0<\/em>. Textos universitarios: Universidad Veracruzana. ISBN: 9786075029481.<\/p>\n<p>Disponible en: <a href=\"http:\/\/libros.uv.mx\/index.php\/UV\/catalog\/book\/2572\">Saberes digitales de historiadores, fil\u00f3sofos, abogados, antrop\u00f3logos, pedagogos y licenciados en lenguas e idiomas.<\/a><\/p>\n<p>Para descargar: <a href=\"https:\/\/www.uv.mx\/personal\/mcasillas\/files\/2022\/03\/Saberes-digitales-de-historiadores-filo\u0301sofos-abogados-antropo\u0301logos-pedagogos-y-licenciados-en-lenguas-e-idiomas.pdf\">Saberes digitales de historiadores, fil\u00f3sofos, abogados, antrop\u00f3logos, pedagogos y licenciados en lenguas e idiomas<\/a><\/p>\n","protected":false},"excerpt":{"rendered":"<p>&nbsp; Para citar este libro: Casillas, M. y Ram\u00edrez, A. (2021). Saberes digitales de historiadores, fil\u00f3sofos, abogados, antrop\u00f3logos, pedagogos y licenciados en lenguas e idiomas\u00a0. Textos universitarios: Universidad Veracruzana. ISBN: 9786075029481. Disponible en: Saberes digitales de historiadores, fil\u00f3sofos, abogados, antrop\u00f3logos, pedagogos y licenciados en lenguas e idiomas. Para descargar: Saberes digitales de historiadores, fil\u00f3sofos, abogados,&#8230;<\/p>\n","protected":false},"author":1587,"featured_media":0,"comment_status":"closed","ping_status":"closed","sticky":false,"template":"","format":"standard","meta":{"footnotes":""},"categories":[11],"tags":[],"class_list":["post-3392","post","type-post","status-publish","format-standard","hentry","category-libros-publica"],"_links":{"self":[{"href":"https:\/\/www.uv.mx\/personal\/mcasillas\/wp-json\/wp\/v2\/posts\/3392","targetHints":{"allow":["GET"]}}],"collection":[{"href":"https:\/\/www.uv.mx\/personal\/mcasillas\/wp-json\/wp\/v2\/posts"}],"about":[{"href":"https:\/\/www.uv.mx\/personal\/mcasillas\/wp-json\/wp\/v2\/types\/post"}],"author":[{"embeddable":true,"href":"https:\/\/www.uv.mx\/personal\/mcasillas\/wp-json\/wp\/v2\/users\/1587"}],"replies":[{"embeddable":true,"href":"https:\/\/www.uv.mx\/personal\/mcasillas\/wp-json\/wp\/v2\/comments?post=3392"}],"version-history":[{"count":2,"href":"https:\/\/www.uv.mx\/personal\/mcasillas\/wp-json\/wp\/v2\/posts\/3392\/revisions"}],"predecessor-version":[{"id":4269,"href":"https:\/\/www.uv.mx\/personal\/mcasillas\/wp-json\/wp\/v2\/posts\/3392\/revisions\/4269"}],"wp:attachment":[{"href":"https:\/\/www.uv.mx\/personal\/mcasillas\/wp-json\/wp\/v2\/media?parent=3392"}],"wp:term":[{"taxonomy":"category","embeddable":true,"href":"https:\/\/www.uv.mx\/personal\/mcasillas\/wp-json\/wp\/v2\/categories?post=3392"},{"taxonomy":"post_tag","embeddable":true,"href":"https:\/\/www.uv.mx\/personal\/mcasillas\/wp-json\/wp\/v2\/tags?post=3392"}],"curies":[{"name":"wp","href":"https:\/\/api.w.org\/{rel}","templated":true}]}}