{"id":3522,"date":"2022-03-22T11:42:39","date_gmt":"2022-03-22T17:42:39","guid":{"rendered":"https:\/\/www.uv.mx\/personal\/mcasillas\/?p=3522"},"modified":"2022-03-28T12:03:45","modified_gmt":"2022-03-28T18:03:45","slug":"autonomia-a-la-universidad-de-quintana-roo","status":"publish","type":"post","link":"https:\/\/www.uv.mx\/personal\/mcasillas\/2022\/03\/22\/autonomia-a-la-universidad-de-quintana-roo\/","title":{"rendered":"Autonom\u00eda a la Universidad de Quintana Roo"},"content":{"rendered":"<p><a href=\"https:\/\/www.uv.mx\/personal\/mcasillas\/files\/2022\/03\/Autonomi\u0301a-a-la-Universidad-de-Quintana-Roo-\u2013-Educacio\u0301n-Futura_page-0001-e1647969523340.jpeg\"><img loading=\"lazy\" decoding=\"async\" class=\"alignnone wp-image-3523 size-medium\" src=\"https:\/\/www.uv.mx\/personal\/mcasillas\/files\/2022\/03\/Autonomi\u0301a-a-la-Universidad-de-Quintana-Roo-\u2013-Educacio\u0301n-Futura_page-0001-e1647969523340-300x189.jpeg\" alt=\"\" width=\"300\" height=\"189\" srcset=\"https:\/\/www.uv.mx\/personal\/mcasillas\/files\/2022\/03\/Autonomi\u0301a-a-la-Universidad-de-Quintana-Roo-\u2013-Educacio\u0301n-Futura_page-0001-e1647969523340-300x189.jpeg 300w, https:\/\/www.uv.mx\/personal\/mcasillas\/files\/2022\/03\/Autonomi\u0301a-a-la-Universidad-de-Quintana-Roo-\u2013-Educacio\u0301n-Futura_page-0001-e1647969523340-1024x646.jpeg 1024w, https:\/\/www.uv.mx\/personal\/mcasillas\/files\/2022\/03\/Autonomi\u0301a-a-la-Universidad-de-Quintana-Roo-\u2013-Educacio\u0301n-Futura_page-0001-e1647969523340-768x485.jpeg 768w, https:\/\/www.uv.mx\/personal\/mcasillas\/files\/2022\/03\/Autonomi\u0301a-a-la-Universidad-de-Quintana-Roo-\u2013-Educacio\u0301n-Futura_page-0001-e1647969523340-96x61.jpeg 96w, https:\/\/www.uv.mx\/personal\/mcasillas\/files\/2022\/03\/Autonomi\u0301a-a-la-Universidad-de-Quintana-Roo-\u2013-Educacio\u0301n-Futura_page-0001-e1647969523340.jpeg 1274w\" sizes=\"auto, (max-width: 300px) 100vw, 300px\" \/><\/a><\/p>\n<ul>\n<li style=\"list-style-type: none\">\n<ul>\n<li>Para citar este documento:<\/li>\n<\/ul>\n<p>Casillas, M. (20 de marzo de 2022). Autonom\u00eda a la Universidad de Quintana Roo. Educaci\u00f3n Futura. Recuperado de: http:\/\/www.educacionfutura.org\/<\/p>\n<p>Para consultar: <a href=\"http:\/\/www.educacionfutura.org\/autonomia-a-la-universidad-de-quintana-roo\/\">Autonom\u00eda a la Universidad de Quintana Roo<\/a><\/p>\n<p>Para descargar: <a href=\"https:\/\/www.uv.mx\/personal\/mcasillas\/files\/2022\/03\/Autonomi\u0301a-a-la-Universidad-de-Quintana-Roo-\u2013-Educacio\u0301n-Futura.pdf\">Autonom\u00eda a la Universidad de Quintana Roo<\/a><\/li>\n<\/ul>\n<p>&nbsp;<\/p>\n<ul>\n<li>Tambi\u00e9n disponible en:<\/li>\n<\/ul>\n<p>Casillas, M. (20 de marzo de 2022). Autonom\u00eda a la Universidad de Quintana Roo. Versiones. Recuperado de: https:\/\/versiones.com.mx\/<\/p>\n<p>Para consultar: <a href=\"https:\/\/versiones.com.mx\/2022\/03\/22\/opinion-autonomia-a-la-universidad-de-quintana-roo\/\">Autonom\u00eda a la Universidad de Quintana Roo<\/a><\/p>\n<p>Para descargar: <a href=\"https:\/\/www.uv.mx\/personal\/mcasillas\/files\/2022\/03\/AUTONOMI\u0301A-A-LA-UNIVERSIDAD-DE-QUINTANA-ROO-Versiones.pdf\">Autonom\u00eda a la Universidad de Quintana Roo<\/a><\/p>\n<ul>\n<li>Tambi\u00e9n disponible en:<\/li>\n<\/ul>\n<p>Casillas, M. (20 de marzo de 2022). Autonom\u00eda a la Universidad de Quintana Roo. Noticias Desde Veracruz. Recuperado de: https:\/\/noticiasdesdeveracruz.com\/<\/p>\n<p>Para consultar: <a href=\"https:\/\/noticiasdesdeveracruz.com\/resumen.php?id=53400\">Autonom\u00eda a la Universidad de Quintana Roo<\/a><\/p>\n<p>Para descargar: <a href=\"https:\/\/www.uv.mx\/personal\/mcasillas\/files\/2022\/03\/Autonomi\u0301a-a-la-Universidad-de-Quintana-Roo-Noticias-Desde-Veracruz.pdf\">Autonom\u00eda a la Universidad de Quintana Roo<\/a><\/p>\n<ul>\n<li>Tambi\u00e9n disponible en:<\/li>\n<\/ul>\n<p>Casillas, M. (20 de marzo de 2022). Autonom\u00eda a la Universidad de Quintana Roo. Voz Universitaria. Recuperado de: https:\/\/vozuniversitaria.org.mx\/<\/p>\n<p>Para consultar: <a href=\"https:\/\/vozuniversitaria.org.mx\/autonomia-a-la-universidad-de-quintana-roo\/\">Autonom\u00eda a la Universidad de Quintana Roo<\/a><\/p>\n<p>Para descargar: <a href=\"https:\/\/www.uv.mx\/personal\/mcasillas\/files\/2022\/03\/Autonomi\u0301a-a-la-Universidad-de-Quintana-Roo-\u2013-Revista-Digital-Independiente.pdf\">Autonom\u00eda a la Universidad de Quintana Roo<\/a><\/p>\n<p>&nbsp;<\/p>\n","protected":false},"excerpt":{"rendered":"<p>Para citar este documento: Casillas, M. (20 de marzo de 2022). Autonom\u00eda a la Universidad de Quintana Roo. Educaci\u00f3n Futura. Recuperado de: http:\/\/www.educacionfutura.org\/ Para consultar: Autonom\u00eda a la Universidad de Quintana Roo Para descargar: Autonom\u00eda a la Universidad de Quintana Roo &nbsp; Tambi\u00e9n disponible en: Casillas, M. (20 de marzo de 2022). Autonom\u00eda a la&#8230;<\/p>\n","protected":false},"author":1587,"featured_media":0,"comment_status":"closed","ping_status":"closed","sticky":false,"template":"","format":"standard","meta":{"footnotes":""},"categories":[40],"tags":[],"class_list":["post-3522","post","type-post","status-publish","format-standard","hentry","category-articulo-difusion"],"_links":{"self":[{"href":"https:\/\/www.uv.mx\/personal\/mcasillas\/wp-json\/wp\/v2\/posts\/3522","targetHints":{"allow":["GET"]}}],"collection":[{"href":"https:\/\/www.uv.mx\/personal\/mcasillas\/wp-json\/wp\/v2\/posts"}],"about":[{"href":"https:\/\/www.uv.mx\/personal\/mcasillas\/wp-json\/wp\/v2\/types\/post"}],"author":[{"embeddable":true,"href":"https:\/\/www.uv.mx\/personal\/mcasillas\/wp-json\/wp\/v2\/users\/1587"}],"replies":[{"embeddable":true,"href":"https:\/\/www.uv.mx\/personal\/mcasillas\/wp-json\/wp\/v2\/comments?post=3522"}],"version-history":[{"count":2,"href":"https:\/\/www.uv.mx\/personal\/mcasillas\/wp-json\/wp\/v2\/posts\/3522\/revisions"}],"predecessor-version":[{"id":3546,"href":"https:\/\/www.uv.mx\/personal\/mcasillas\/wp-json\/wp\/v2\/posts\/3522\/revisions\/3546"}],"wp:attachment":[{"href":"https:\/\/www.uv.mx\/personal\/mcasillas\/wp-json\/wp\/v2\/media?parent=3522"}],"wp:term":[{"taxonomy":"category","embeddable":true,"href":"https:\/\/www.uv.mx\/personal\/mcasillas\/wp-json\/wp\/v2\/categories?post=3522"},{"taxonomy":"post_tag","embeddable":true,"href":"https:\/\/www.uv.mx\/personal\/mcasillas\/wp-json\/wp\/v2\/tags?post=3522"}],"curies":[{"name":"wp","href":"https:\/\/api.w.org\/{rel}","templated":true}]}}