{"id":3799,"date":"2022-05-13T10:58:43","date_gmt":"2022-05-13T15:58:43","guid":{"rendered":"https:\/\/www.uv.mx\/personal\/mcasillas\/?p=3799"},"modified":"2022-05-13T10:58:43","modified_gmt":"2022-05-13T15:58:43","slug":"estudio-de-egresados-de-arqueologia","status":"publish","type":"post","link":"https:\/\/www.uv.mx\/personal\/mcasillas\/2022\/05\/13\/estudio-de-egresados-de-arqueologia\/","title":{"rendered":"Estudio de egresados de Arqueolog\u00eda"},"content":{"rendered":"<p>Casillas M. A. (Marzo, 2022) \u00abEstudio de egresados de Arqueolog\u00eda\u00bb, en el S\u00e9ptimo Seminario Internacional del Sistema de Informaci\u00f3n de Estudiantes, Egresados y Empleadores (SIEEE), &gt;Emergencia sanitaria, social y econ\u00f3mica global: Tendencias de la ense\u00f1anza superior, impacto en las personas estudiantes egresadas y el entorno laboral ante la pandemia por COVD-19&gt;, celebrado en l\u00ednea los d\u00edas 9, 10 y 11 de marzo de 2022.<\/p>\n","protected":false},"excerpt":{"rendered":"<p>Casillas M. A. (Marzo, 2022) \u00abEstudio de egresados de Arqueolog\u00eda\u00bb, en el S\u00e9ptimo Seminario Internacional del Sistema de Informaci\u00f3n de Estudiantes, Egresados y Empleadores (SIEEE), &gt;Emergencia sanitaria, social y econ\u00f3mica global: Tendencias de la ense\u00f1anza superior, impacto en las personas estudiantes egresadas y el entorno laboral ante la pandemia por COVD-19&gt;, celebrado en l\u00ednea los&#8230;<\/p>\n","protected":false},"author":1587,"featured_media":0,"comment_status":"closed","ping_status":"closed","sticky":false,"template":"","format":"standard","meta":{"footnotes":""},"categories":[47],"tags":[],"class_list":["post-3799","post","type-post","status-publish","format-standard","hentry","category-ponencias"],"_links":{"self":[{"href":"https:\/\/www.uv.mx\/personal\/mcasillas\/wp-json\/wp\/v2\/posts\/3799","targetHints":{"allow":["GET"]}}],"collection":[{"href":"https:\/\/www.uv.mx\/personal\/mcasillas\/wp-json\/wp\/v2\/posts"}],"about":[{"href":"https:\/\/www.uv.mx\/personal\/mcasillas\/wp-json\/wp\/v2\/types\/post"}],"author":[{"embeddable":true,"href":"https:\/\/www.uv.mx\/personal\/mcasillas\/wp-json\/wp\/v2\/users\/1587"}],"replies":[{"embeddable":true,"href":"https:\/\/www.uv.mx\/personal\/mcasillas\/wp-json\/wp\/v2\/comments?post=3799"}],"version-history":[{"count":1,"href":"https:\/\/www.uv.mx\/personal\/mcasillas\/wp-json\/wp\/v2\/posts\/3799\/revisions"}],"predecessor-version":[{"id":3800,"href":"https:\/\/www.uv.mx\/personal\/mcasillas\/wp-json\/wp\/v2\/posts\/3799\/revisions\/3800"}],"wp:attachment":[{"href":"https:\/\/www.uv.mx\/personal\/mcasillas\/wp-json\/wp\/v2\/media?parent=3799"}],"wp:term":[{"taxonomy":"category","embeddable":true,"href":"https:\/\/www.uv.mx\/personal\/mcasillas\/wp-json\/wp\/v2\/categories?post=3799"},{"taxonomy":"post_tag","embeddable":true,"href":"https:\/\/www.uv.mx\/personal\/mcasillas\/wp-json\/wp\/v2\/tags?post=3799"}],"curies":[{"name":"wp","href":"https:\/\/api.w.org\/{rel}","templated":true}]}}