{"id":3954,"date":"2022-09-13T13:21:18","date_gmt":"2022-09-13T18:21:18","guid":{"rendered":"https:\/\/www.uv.mx\/personal\/mcasillas\/?p=3954"},"modified":"2022-09-13T13:21:18","modified_gmt":"2022-09-13T18:21:18","slug":"treinta-anos-de-sociologia-de-las-universidades","status":"publish","type":"post","link":"https:\/\/www.uv.mx\/personal\/mcasillas\/2022\/09\/13\/treinta-anos-de-sociologia-de-las-universidades\/","title":{"rendered":"Treinta a\u00f1os de sociolog\u00eda de las universidades"},"content":{"rendered":"<ul>\n<li>Para citar este documento:<\/li>\n<\/ul>\n<p>Casillas, M. (13 de septiembre de 2022). Treinta a\u00f1os de sociolog\u00eda de las universidades. Noticias Desde Veracruz. Recuperado de: http:\/\/www.noticiasdesdeveracruz.com\/<\/p>\n<p>Para consultar: <a href=\"http:\/\/www.noticiasdesdeveracruz.com\/resumen.php?id=55649\">Treinta a\u00f1os de sociolog\u00eda de las universidades<\/a><\/p>\n<p>Para descargar: <a href=\"https:\/\/www.uv.mx\/personal\/mcasillas\/files\/2022\/09\/Treinta-an\u0303os-de-sociologi\u0301a-de-las-universidades.-Noticias-Desde-Veracruz.pdf\">Treinta a\u00f1os de sociolog\u00eda de las universidades<\/a><\/p>\n<ul>\n<li>Tambi\u00e9n disponible en:<\/li>\n<\/ul>\n<p>Casillas, M. (13 de septiembre de 2022). Treinta a\u00f1os de sociolog\u00eda de las universidades. La Aldea de la Informaci\u00f3n. Recuperado de: https:\/\/laaldeadelainformacion.com.mx\/<\/p>\n<p>Para consultar: <a href=\"https:\/\/laaldeadelainformacion.com.mx\/70213\/#.YyCzjMjYJe8.whatsapp\">Treinta a\u00f1os de sociolog\u00eda de las universidades<\/a><\/p>\n<p>Para descargar: <a href=\"https:\/\/www.uv.mx\/personal\/mcasillas\/files\/2022\/09\/Treinta-an\u0303os-de-sociologi\u0301a-de-las-universidades-\u2013-La-Aldea-de-la-Informacio\u0301n.pdf\">Treinta a\u00f1os de sociolog\u00eda de las universidades<\/a><\/p>\n","protected":false},"excerpt":{"rendered":"<p>Para citar este documento: Casillas, M. (13 de septiembre de 2022). Treinta a\u00f1os de sociolog\u00eda de las universidades. Noticias Desde Veracruz. Recuperado de: http:\/\/www.noticiasdesdeveracruz.com\/ Para consultar: Treinta a\u00f1os de sociolog\u00eda de las universidades Para descargar: Treinta a\u00f1os de sociolog\u00eda de las universidades Tambi\u00e9n disponible en: Casillas, M. (13 de septiembre de 2022). Treinta a\u00f1os de&#8230;<\/p>\n","protected":false},"author":1587,"featured_media":0,"comment_status":"closed","ping_status":"closed","sticky":false,"template":"","format":"standard","meta":{"footnotes":""},"categories":[40],"tags":[],"class_list":["post-3954","post","type-post","status-publish","format-standard","hentry","category-articulo-difusion"],"_links":{"self":[{"href":"https:\/\/www.uv.mx\/personal\/mcasillas\/wp-json\/wp\/v2\/posts\/3954","targetHints":{"allow":["GET"]}}],"collection":[{"href":"https:\/\/www.uv.mx\/personal\/mcasillas\/wp-json\/wp\/v2\/posts"}],"about":[{"href":"https:\/\/www.uv.mx\/personal\/mcasillas\/wp-json\/wp\/v2\/types\/post"}],"author":[{"embeddable":true,"href":"https:\/\/www.uv.mx\/personal\/mcasillas\/wp-json\/wp\/v2\/users\/1587"}],"replies":[{"embeddable":true,"href":"https:\/\/www.uv.mx\/personal\/mcasillas\/wp-json\/wp\/v2\/comments?post=3954"}],"version-history":[{"count":1,"href":"https:\/\/www.uv.mx\/personal\/mcasillas\/wp-json\/wp\/v2\/posts\/3954\/revisions"}],"predecessor-version":[{"id":3957,"href":"https:\/\/www.uv.mx\/personal\/mcasillas\/wp-json\/wp\/v2\/posts\/3954\/revisions\/3957"}],"wp:attachment":[{"href":"https:\/\/www.uv.mx\/personal\/mcasillas\/wp-json\/wp\/v2\/media?parent=3954"}],"wp:term":[{"taxonomy":"category","embeddable":true,"href":"https:\/\/www.uv.mx\/personal\/mcasillas\/wp-json\/wp\/v2\/categories?post=3954"},{"taxonomy":"post_tag","embeddable":true,"href":"https:\/\/www.uv.mx\/personal\/mcasillas\/wp-json\/wp\/v2\/tags?post=3954"}],"curies":[{"name":"wp","href":"https:\/\/api.w.org\/{rel}","templated":true}]}}