{"id":4046,"date":"2023-04-17T12:50:26","date_gmt":"2023-04-17T17:50:26","guid":{"rendered":"https:\/\/www.uv.mx\/personal\/mcasillas\/?p=4046"},"modified":"2023-04-17T12:50:26","modified_gmt":"2023-04-17T17:50:26","slug":"los-saberes-digitales-de-los-universitarios-una-perspectiva-internacional-comparada-en-tiempos-de-pandemia","status":"publish","type":"post","link":"https:\/\/www.uv.mx\/personal\/mcasillas\/2023\/04\/17\/los-saberes-digitales-de-los-universitarios-una-perspectiva-internacional-comparada-en-tiempos-de-pandemia\/","title":{"rendered":"Los saberes digitales de los universitarios: una perspectiva internacional comparada en tiempos de pandemia"},"content":{"rendered":"<p><span style=\"font-weight: 400\">Ram\u00edrez, A. &amp; Casillas, M. (2023). Los saberes digitales de los universitarios: una perspectiva internacional comparada en tiempos de pandemia. En Ram\u00edrez, A., Casillas, M., Sabulsky, G., Castagno, F. &amp; Agust\u00edn, D. (coordinadores). (2023). H\u00e1blame de TIC 10: Los saberes digitales en tiempos de pandemia: un di\u00e1logo entre universitarios de Argentina y M\u00e9xico. Editorial Brujas. Digital: 9789877605181 \/ Impreso: 9789877605167. Pp. 15-28. <\/span><\/p>\n<p><span style=\"font-weight: 400\">Para consultar: <a href=\"https:\/\/www.uv.mx\/blogs\/brechadigital\/files\/2022\/12\/hdt10.pdf\">Los saberes digitales de los universitarios: una perspectiva internacional comparada en tiempos de pandemia.<\/a><\/span><\/p>\n<p><span style=\"font-weight: 400\">Para descargar: <a href=\"https:\/\/www.uv.mx\/personal\/mcasillas\/files\/2023\/04\/hdt10.pdf\">Los saberes digitales de los universitarios: una perspectiva internacional comparada en tiempos de pandemia.<\/a><\/span><\/p>\n<p>&nbsp;<\/p>\n<p>&nbsp;<\/p>\n","protected":false},"excerpt":{"rendered":"<p>Ram\u00edrez, A. &amp; Casillas, M. (2023). Los saberes digitales de los universitarios: una perspectiva internacional comparada en tiempos de pandemia. En Ram\u00edrez, A., Casillas, M., Sabulsky, G., Castagno, F. &amp; Agust\u00edn, D. (coordinadores). (2023). H\u00e1blame de TIC 10: Los saberes digitales en tiempos de pandemia: un di\u00e1logo entre universitarios de Argentina y M\u00e9xico. Editorial Brujas&#8230;.<\/p>\n","protected":false},"author":1587,"featured_media":0,"comment_status":"closed","ping_status":"closed","sticky":false,"template":"","format":"standard","meta":{"footnotes":""},"categories":[19],"tags":[],"class_list":["post-4046","post","type-post","status-publish","format-standard","hentry","category-cap-libro"],"_links":{"self":[{"href":"https:\/\/www.uv.mx\/personal\/mcasillas\/wp-json\/wp\/v2\/posts\/4046","targetHints":{"allow":["GET"]}}],"collection":[{"href":"https:\/\/www.uv.mx\/personal\/mcasillas\/wp-json\/wp\/v2\/posts"}],"about":[{"href":"https:\/\/www.uv.mx\/personal\/mcasillas\/wp-json\/wp\/v2\/types\/post"}],"author":[{"embeddable":true,"href":"https:\/\/www.uv.mx\/personal\/mcasillas\/wp-json\/wp\/v2\/users\/1587"}],"replies":[{"embeddable":true,"href":"https:\/\/www.uv.mx\/personal\/mcasillas\/wp-json\/wp\/v2\/comments?post=4046"}],"version-history":[{"count":1,"href":"https:\/\/www.uv.mx\/personal\/mcasillas\/wp-json\/wp\/v2\/posts\/4046\/revisions"}],"predecessor-version":[{"id":4047,"href":"https:\/\/www.uv.mx\/personal\/mcasillas\/wp-json\/wp\/v2\/posts\/4046\/revisions\/4047"}],"wp:attachment":[{"href":"https:\/\/www.uv.mx\/personal\/mcasillas\/wp-json\/wp\/v2\/media?parent=4046"}],"wp:term":[{"taxonomy":"category","embeddable":true,"href":"https:\/\/www.uv.mx\/personal\/mcasillas\/wp-json\/wp\/v2\/categories?post=4046"},{"taxonomy":"post_tag","embeddable":true,"href":"https:\/\/www.uv.mx\/personal\/mcasillas\/wp-json\/wp\/v2\/tags?post=4046"}],"curies":[{"name":"wp","href":"https:\/\/api.w.org\/{rel}","templated":true}]}}