{"id":4048,"date":"2023-04-17T13:50:27","date_gmt":"2023-04-17T18:50:27","guid":{"rendered":"https:\/\/www.uv.mx\/personal\/mcasillas\/?p=4048"},"modified":"2026-01-14T14:23:28","modified_gmt":"2026-01-14T20:23:28","slug":"los-saberes-digitales-de-las-mujeres-en-stem","status":"publish","type":"post","link":"https:\/\/www.uv.mx\/personal\/mcasillas\/2023\/04\/17\/los-saberes-digitales-de-las-mujeres-en-stem\/","title":{"rendered":"Los saberes digitales de las mujeres en STEM"},"content":{"rendered":"<p><span style=\"font-weight: 400\">Ram\u00edrez, A. &amp; Casillas, M. (2022). Los saberes digitales de las mujeres en STEM. Innovaci\u00f3n educativa, Instituto Polit\u00e9cnico Nacional, SECCI\u00d3N ALEPH, Vol 22 #89, mayo-agosto 2022. ISSN 2594-0392. PP. 9-30. <\/span><\/p>\n<p><span style=\"font-weight: 400\">Para descargar: <a href=\"https:\/\/www.scielo.org.mx\/pdf\/ie\/v22n89\/1665-2673-ie-22-89-9.pdf\">Los saberes digitales de las mujeres en STEM.<\/a><\/span><\/p>\n<p>&nbsp;<\/p>\n<p>&nbsp;<\/p>\n<p>&nbsp;<\/p>\n","protected":false},"excerpt":{"rendered":"<p>Ram\u00edrez, A. &amp; Casillas, M. (2022). Los saberes digitales de las mujeres en STEM. Innovaci\u00f3n educativa, Instituto Polit\u00e9cnico Nacional, SECCI\u00d3N ALEPH, Vol 22 #89, mayo-agosto 2022. ISSN 2594-0392. PP. 9-30. Para descargar: Los saberes digitales de las mujeres en STEM. &nbsp; &nbsp; &nbsp;<\/p>\n","protected":false},"author":1587,"featured_media":0,"comment_status":"closed","ping_status":"closed","sticky":false,"template":"","format":"standard","meta":{"footnotes":""},"categories":[41],"tags":[],"class_list":["post-4048","post","type-post","status-publish","format-standard","hentry","category-articulo_cientifico"],"_links":{"self":[{"href":"https:\/\/www.uv.mx\/personal\/mcasillas\/wp-json\/wp\/v2\/posts\/4048","targetHints":{"allow":["GET"]}}],"collection":[{"href":"https:\/\/www.uv.mx\/personal\/mcasillas\/wp-json\/wp\/v2\/posts"}],"about":[{"href":"https:\/\/www.uv.mx\/personal\/mcasillas\/wp-json\/wp\/v2\/types\/post"}],"author":[{"embeddable":true,"href":"https:\/\/www.uv.mx\/personal\/mcasillas\/wp-json\/wp\/v2\/users\/1587"}],"replies":[{"embeddable":true,"href":"https:\/\/www.uv.mx\/personal\/mcasillas\/wp-json\/wp\/v2\/comments?post=4048"}],"version-history":[{"count":1,"href":"https:\/\/www.uv.mx\/personal\/mcasillas\/wp-json\/wp\/v2\/posts\/4048\/revisions"}],"predecessor-version":[{"id":4914,"href":"https:\/\/www.uv.mx\/personal\/mcasillas\/wp-json\/wp\/v2\/posts\/4048\/revisions\/4914"}],"wp:attachment":[{"href":"https:\/\/www.uv.mx\/personal\/mcasillas\/wp-json\/wp\/v2\/media?parent=4048"}],"wp:term":[{"taxonomy":"category","embeddable":true,"href":"https:\/\/www.uv.mx\/personal\/mcasillas\/wp-json\/wp\/v2\/categories?post=4048"},{"taxonomy":"post_tag","embeddable":true,"href":"https:\/\/www.uv.mx\/personal\/mcasillas\/wp-json\/wp\/v2\/tags?post=4048"}],"curies":[{"name":"wp","href":"https:\/\/api.w.org\/{rel}","templated":true}]}}