{"id":4053,"date":"2023-05-19T13:29:25","date_gmt":"2023-05-19T18:29:25","guid":{"rendered":"https:\/\/www.uv.mx\/personal\/mcasillas\/?p=4053"},"modified":"2023-10-19T12:23:24","modified_gmt":"2023-10-19T17:23:24","slug":"saberes-digitales-de-musicos-actores-bailarines-docentes-de-artes-y-profesionales-de-las-artes-plasticas-y-visuales","status":"publish","type":"post","link":"https:\/\/www.uv.mx\/personal\/mcasillas\/2023\/05\/19\/saberes-digitales-de-musicos-actores-bailarines-docentes-de-artes-y-profesionales-de-las-artes-plasticas-y-visuales\/","title":{"rendered":"Saberes digitales de m\u00fasicos, actores, bailarines, docentes de artes y profesionales de las artes pl\u00e1sticas y visuales"},"content":{"rendered":"<p><a href=\"https:\/\/www.uv.mx\/personal\/mcasillas\/files\/2023\/05\/Captura-de-Pantalla-2023-05-19-a-las-12.11.04.png\"><img loading=\"lazy\" decoding=\"async\" class=\"alignnone size-medium wp-image-4054\" src=\"https:\/\/www.uv.mx\/personal\/mcasillas\/files\/2023\/05\/Captura-de-Pantalla-2023-05-19-a-las-12.11.04-227x300.png\" alt=\"\" width=\"227\" height=\"300\" srcset=\"https:\/\/www.uv.mx\/personal\/mcasillas\/files\/2023\/05\/Captura-de-Pantalla-2023-05-19-a-las-12.11.04-227x300.png 227w, https:\/\/www.uv.mx\/personal\/mcasillas\/files\/2023\/05\/Captura-de-Pantalla-2023-05-19-a-las-12.11.04-81x107.png 81w, https:\/\/www.uv.mx\/personal\/mcasillas\/files\/2023\/05\/Captura-de-Pantalla-2023-05-19-a-las-12.11.04.png 746w\" sizes=\"auto, (max-width: 227px) 100vw, 227px\" \/><\/a><\/p>\n<p><strong>Para citar este libro:<\/strong><\/p>\n<p>Ram\u00edrez, A. y Casillas, M. (2023). <em>Saberes digitales de m\u00fasicos, actores, bailarines, docentes de artes y profesionales de las artes pl\u00e1sticas y visuales<\/em>. Textos universitarios: Universidad Veracruzana. ISBN: 978-607-8858-96-5. Doi: 10.25009\/uv.2896.1725<\/p>\n<p>Para consultar: <a href=\"https:\/\/libros.uv.mx\/index.php\/UV\/catalog\/book\/TU191\">Saberes digitales de m\u00fasicos, actores, bailarines, docentes de artes y profesionales de las artes pl\u00e1sticas y visuales.<\/a><\/p>\n<p>Para descargar: <a href=\"https:\/\/www.uv.mx\/personal\/mcasillas\/files\/2023\/10\/Ramirez-A.-y-Casillas-M.-2023.-Saberes-digitales-de-musicos-actores-bailarines-docentes-de-artes-y-profesionales-de-las-artes-plasticas-y-visuales.pdf\">Saberes digitales de m\u00fasicos, actores, bailarines, docentes de artes y profesionales de las artes pl\u00e1sticas y visuales.\u00a0<\/a><\/p>\n","protected":false},"excerpt":{"rendered":"<p>Para citar este libro: Ram\u00edrez, A. y Casillas, M. (2023). Saberes digitales de m\u00fasicos, actores, bailarines, docentes de artes y profesionales de las artes pl\u00e1sticas y visuales. Textos universitarios: Universidad Veracruzana. ISBN: 978-607-8858-96-5. Doi: 10.25009\/uv.2896.1725 Para consultar: Saberes digitales de m\u00fasicos, actores, bailarines, docentes de artes y profesionales de las artes pl\u00e1sticas y visuales. Para&#8230;<\/p>\n","protected":false},"author":1587,"featured_media":0,"comment_status":"closed","ping_status":"closed","sticky":false,"template":"","format":"standard","meta":{"footnotes":""},"categories":[11],"tags":[],"class_list":["post-4053","post","type-post","status-publish","format-standard","hentry","category-libros-publica"],"_links":{"self":[{"href":"https:\/\/www.uv.mx\/personal\/mcasillas\/wp-json\/wp\/v2\/posts\/4053","targetHints":{"allow":["GET"]}}],"collection":[{"href":"https:\/\/www.uv.mx\/personal\/mcasillas\/wp-json\/wp\/v2\/posts"}],"about":[{"href":"https:\/\/www.uv.mx\/personal\/mcasillas\/wp-json\/wp\/v2\/types\/post"}],"author":[{"embeddable":true,"href":"https:\/\/www.uv.mx\/personal\/mcasillas\/wp-json\/wp\/v2\/users\/1587"}],"replies":[{"embeddable":true,"href":"https:\/\/www.uv.mx\/personal\/mcasillas\/wp-json\/wp\/v2\/comments?post=4053"}],"version-history":[{"count":2,"href":"https:\/\/www.uv.mx\/personal\/mcasillas\/wp-json\/wp\/v2\/posts\/4053\/revisions"}],"predecessor-version":[{"id":4266,"href":"https:\/\/www.uv.mx\/personal\/mcasillas\/wp-json\/wp\/v2\/posts\/4053\/revisions\/4266"}],"wp:attachment":[{"href":"https:\/\/www.uv.mx\/personal\/mcasillas\/wp-json\/wp\/v2\/media?parent=4053"}],"wp:term":[{"taxonomy":"category","embeddable":true,"href":"https:\/\/www.uv.mx\/personal\/mcasillas\/wp-json\/wp\/v2\/categories?post=4053"},{"taxonomy":"post_tag","embeddable":true,"href":"https:\/\/www.uv.mx\/personal\/mcasillas\/wp-json\/wp\/v2\/tags?post=4053"}],"curies":[{"name":"wp","href":"https:\/\/api.w.org\/{rel}","templated":true}]}}