{"id":4429,"date":"2024-04-25T13:55:53","date_gmt":"2024-04-25T18:55:53","guid":{"rendered":"https:\/\/www.uv.mx\/personal\/mcasillas\/?p=4429"},"modified":"2024-04-25T13:55:53","modified_gmt":"2024-04-25T18:55:53","slug":"empleo-y-transicion-ecologica-en-espana-un-ejemplo-para-mexico","status":"publish","type":"post","link":"https:\/\/www.uv.mx\/personal\/mcasillas\/2024\/04\/25\/empleo-y-transicion-ecologica-en-espana-un-ejemplo-para-mexico\/","title":{"rendered":"Empleo y transici\u00f3n ecol\u00f3gica en Espa\u00f1a: un ejemplo para M\u00e9xico"},"content":{"rendered":"<p><a href=\"https:\/\/www.uv.mx\/personal\/mcasillas\/files\/2024\/04\/Captura-de-Pantalla-2024-04-25-a-las-12.43.35.png\"><img loading=\"lazy\" decoding=\"async\" class=\"alignnone size-medium wp-image-4431\" src=\"https:\/\/www.uv.mx\/personal\/mcasillas\/files\/2024\/04\/Captura-de-Pantalla-2024-04-25-a-las-12.43.35-300x262.png\" alt=\"\" width=\"300\" height=\"262\" srcset=\"https:\/\/www.uv.mx\/personal\/mcasillas\/files\/2024\/04\/Captura-de-Pantalla-2024-04-25-a-las-12.43.35-300x262.png 300w, https:\/\/www.uv.mx\/personal\/mcasillas\/files\/2024\/04\/Captura-de-Pantalla-2024-04-25-a-las-12.43.35-768x670.png 768w, https:\/\/www.uv.mx\/personal\/mcasillas\/files\/2024\/04\/Captura-de-Pantalla-2024-04-25-a-las-12.43.35-96x84.png 96w, https:\/\/www.uv.mx\/personal\/mcasillas\/files\/2024\/04\/Captura-de-Pantalla-2024-04-25-a-las-12.43.35.png 1011w\" sizes=\"auto, (max-width: 300px) 100vw, 300px\" \/><\/a><\/p>\n<p>Casillas, M. (25 de abril de 2024). Empleo y transici\u00f3n ecol\u00f3gica en Espa\u00f1a: un ejemplo para M\u00e9xico. CAMPUS. Recuperado de: https:\/\/suplementocampus.com\/<\/p>\n<p>Para consultar: <a href=\"https:\/\/suplementocampus.com\/empleo-y-transicion-ecologica-en-espana-un-ejemplo-para-mexico\/\">Empleo y transici\u00f3n ecol\u00f3gica en Espa\u00f1a: un ejemplo para M\u00e9xico<\/a><\/p>\n<p>Para descargar: <a href=\"https:\/\/www.uv.mx\/personal\/mcasillas\/files\/2024\/04\/Empleo-y-transicion-ecologica-en-Espana_-un-ejemplo-para-Mexico.pdf\">Empleo y transici\u00f3n ecol\u00f3gica en Espa\u00f1a: un ejemplo para M\u00e9xico<\/a><\/p>\n","protected":false},"excerpt":{"rendered":"<p>Casillas, M. (25 de abril de 2024). Empleo y transici\u00f3n ecol\u00f3gica en Espa\u00f1a: un ejemplo para M\u00e9xico. CAMPUS. Recuperado de: https:\/\/suplementocampus.com\/ Para consultar: Empleo y transici\u00f3n ecol\u00f3gica en Espa\u00f1a: un ejemplo para M\u00e9xico Para descargar: Empleo y transici\u00f3n ecol\u00f3gica en Espa\u00f1a: un ejemplo para M\u00e9xico<\/p>\n","protected":false},"author":1587,"featured_media":0,"comment_status":"closed","ping_status":"closed","sticky":false,"template":"","format":"standard","meta":{"footnotes":""},"categories":[40],"tags":[],"class_list":["post-4429","post","type-post","status-publish","format-standard","hentry","category-articulo-difusion"],"_links":{"self":[{"href":"https:\/\/www.uv.mx\/personal\/mcasillas\/wp-json\/wp\/v2\/posts\/4429","targetHints":{"allow":["GET"]}}],"collection":[{"href":"https:\/\/www.uv.mx\/personal\/mcasillas\/wp-json\/wp\/v2\/posts"}],"about":[{"href":"https:\/\/www.uv.mx\/personal\/mcasillas\/wp-json\/wp\/v2\/types\/post"}],"author":[{"embeddable":true,"href":"https:\/\/www.uv.mx\/personal\/mcasillas\/wp-json\/wp\/v2\/users\/1587"}],"replies":[{"embeddable":true,"href":"https:\/\/www.uv.mx\/personal\/mcasillas\/wp-json\/wp\/v2\/comments?post=4429"}],"version-history":[{"count":1,"href":"https:\/\/www.uv.mx\/personal\/mcasillas\/wp-json\/wp\/v2\/posts\/4429\/revisions"}],"predecessor-version":[{"id":4432,"href":"https:\/\/www.uv.mx\/personal\/mcasillas\/wp-json\/wp\/v2\/posts\/4429\/revisions\/4432"}],"wp:attachment":[{"href":"https:\/\/www.uv.mx\/personal\/mcasillas\/wp-json\/wp\/v2\/media?parent=4429"}],"wp:term":[{"taxonomy":"category","embeddable":true,"href":"https:\/\/www.uv.mx\/personal\/mcasillas\/wp-json\/wp\/v2\/categories?post=4429"},{"taxonomy":"post_tag","embeddable":true,"href":"https:\/\/www.uv.mx\/personal\/mcasillas\/wp-json\/wp\/v2\/tags?post=4429"}],"curies":[{"name":"wp","href":"https:\/\/api.w.org\/{rel}","templated":true}]}}