{"id":4483,"date":"2024-06-18T12:11:11","date_gmt":"2024-06-18T17:11:11","guid":{"rendered":"https:\/\/www.uv.mx\/personal\/mcasillas\/?p=4483"},"modified":"2024-06-18T12:11:11","modified_gmt":"2024-06-18T17:11:11","slug":"practicas-y-percepciones-de-los-cuidadores-de-nna-sobre-ciudadania-digital","status":"publish","type":"post","link":"https:\/\/www.uv.mx\/personal\/mcasillas\/2024\/06\/18\/practicas-y-percepciones-de-los-cuidadores-de-nna-sobre-ciudadania-digital\/","title":{"rendered":"Pr\u00e1cticas y percepciones de los cuidadores de NNA sobre ciudadan\u00eda digital"},"content":{"rendered":"<p>Ponente con el tema Pr\u00e1cticas y percepciones de los cuidadores de NNA sobre ciudadan\u00eda digital, en el XVII Congreso Nacional de Investigaci\u00f3n Educativa realizado en Villahermosa Tabasco del 4 al 8 de diciembre de 2023. 5\/dic\/2023.<\/p>\n<p>&nbsp;<\/p>\n","protected":false},"excerpt":{"rendered":"<p>Ponente con el tema Pr\u00e1cticas y percepciones de los cuidadores de NNA sobre ciudadan\u00eda digital, en el XVII Congreso Nacional de Investigaci\u00f3n Educativa realizado en Villahermosa Tabasco del 4 al 8 de diciembre de 2023. 5\/dic\/2023. &nbsp;<\/p>\n","protected":false},"author":1587,"featured_media":0,"comment_status":"closed","ping_status":"closed","sticky":false,"template":"","format":"standard","meta":{"footnotes":""},"categories":[47],"tags":[],"class_list":["post-4483","post","type-post","status-publish","format-standard","hentry","category-ponencias"],"_links":{"self":[{"href":"https:\/\/www.uv.mx\/personal\/mcasillas\/wp-json\/wp\/v2\/posts\/4483","targetHints":{"allow":["GET"]}}],"collection":[{"href":"https:\/\/www.uv.mx\/personal\/mcasillas\/wp-json\/wp\/v2\/posts"}],"about":[{"href":"https:\/\/www.uv.mx\/personal\/mcasillas\/wp-json\/wp\/v2\/types\/post"}],"author":[{"embeddable":true,"href":"https:\/\/www.uv.mx\/personal\/mcasillas\/wp-json\/wp\/v2\/users\/1587"}],"replies":[{"embeddable":true,"href":"https:\/\/www.uv.mx\/personal\/mcasillas\/wp-json\/wp\/v2\/comments?post=4483"}],"version-history":[{"count":1,"href":"https:\/\/www.uv.mx\/personal\/mcasillas\/wp-json\/wp\/v2\/posts\/4483\/revisions"}],"predecessor-version":[{"id":4484,"href":"https:\/\/www.uv.mx\/personal\/mcasillas\/wp-json\/wp\/v2\/posts\/4483\/revisions\/4484"}],"wp:attachment":[{"href":"https:\/\/www.uv.mx\/personal\/mcasillas\/wp-json\/wp\/v2\/media?parent=4483"}],"wp:term":[{"taxonomy":"category","embeddable":true,"href":"https:\/\/www.uv.mx\/personal\/mcasillas\/wp-json\/wp\/v2\/categories?post=4483"},{"taxonomy":"post_tag","embeddable":true,"href":"https:\/\/www.uv.mx\/personal\/mcasillas\/wp-json\/wp\/v2\/tags?post=4483"}],"curies":[{"name":"wp","href":"https:\/\/api.w.org\/{rel}","templated":true}]}}