{"id":4502,"date":"2024-06-18T13:45:56","date_gmt":"2024-06-18T18:45:56","guid":{"rendered":"https:\/\/www.uv.mx\/personal\/mcasillas\/?p=4502"},"modified":"2024-06-18T13:45:56","modified_gmt":"2024-06-18T18:45:56","slug":"introduccion-general","status":"publish","type":"post","link":"https:\/\/www.uv.mx\/personal\/mcasillas\/2024\/06\/18\/introduccion-general\/","title":{"rendered":"Introducci\u00f3n general."},"content":{"rendered":"<p>Casillas, M., Ram\u00edrez, A., Sabulsky, G., Castagno, F. y Agust\u00edn, D. (2023). Introducci\u00f3n general. En Ram\u00edrez, A., Casillas, M., Sabulsky, G., Castagno, F. y Agust\u00edn, D. (coordinadores). (2023). H\u00e1blame de TIC 10: Los saberes digitales en tiempos de pandemia: un di\u00e1logo entre universitarios de Argentina y M\u00e9xico. Editorial Brujas. Digital: 9789877605181 \/ Impreso: 9789877605167. Pp. 15-28.<\/p>\n<p>Disponible en: <a href=\"https:\/\/www.uv.mx\/blogs\/brechadigital\/files\/2022\/12\/hdt10.pdf\">Introducci\u00f3n<\/a><\/p>\n","protected":false},"excerpt":{"rendered":"<p>Casillas, M., Ram\u00edrez, A., Sabulsky, G., Castagno, F. y Agust\u00edn, D. (2023). Introducci\u00f3n general. En Ram\u00edrez, A., Casillas, M., Sabulsky, G., Castagno, F. y Agust\u00edn, D. (coordinadores). (2023). H\u00e1blame de TIC 10: Los saberes digitales en tiempos de pandemia: un di\u00e1logo entre universitarios de Argentina y M\u00e9xico. Editorial Brujas. Digital: 9789877605181 \/ Impreso: 9789877605167. Pp&#8230;.<\/p>\n","protected":false},"author":1587,"featured_media":0,"comment_status":"closed","ping_status":"closed","sticky":false,"template":"","format":"standard","meta":{"footnotes":""},"categories":[19],"tags":[],"class_list":["post-4502","post","type-post","status-publish","format-standard","hentry","category-cap-libro"],"_links":{"self":[{"href":"https:\/\/www.uv.mx\/personal\/mcasillas\/wp-json\/wp\/v2\/posts\/4502","targetHints":{"allow":["GET"]}}],"collection":[{"href":"https:\/\/www.uv.mx\/personal\/mcasillas\/wp-json\/wp\/v2\/posts"}],"about":[{"href":"https:\/\/www.uv.mx\/personal\/mcasillas\/wp-json\/wp\/v2\/types\/post"}],"author":[{"embeddable":true,"href":"https:\/\/www.uv.mx\/personal\/mcasillas\/wp-json\/wp\/v2\/users\/1587"}],"replies":[{"embeddable":true,"href":"https:\/\/www.uv.mx\/personal\/mcasillas\/wp-json\/wp\/v2\/comments?post=4502"}],"version-history":[{"count":1,"href":"https:\/\/www.uv.mx\/personal\/mcasillas\/wp-json\/wp\/v2\/posts\/4502\/revisions"}],"predecessor-version":[{"id":4503,"href":"https:\/\/www.uv.mx\/personal\/mcasillas\/wp-json\/wp\/v2\/posts\/4502\/revisions\/4503"}],"wp:attachment":[{"href":"https:\/\/www.uv.mx\/personal\/mcasillas\/wp-json\/wp\/v2\/media?parent=4502"}],"wp:term":[{"taxonomy":"category","embeddable":true,"href":"https:\/\/www.uv.mx\/personal\/mcasillas\/wp-json\/wp\/v2\/categories?post=4502"},{"taxonomy":"post_tag","embeddable":true,"href":"https:\/\/www.uv.mx\/personal\/mcasillas\/wp-json\/wp\/v2\/tags?post=4502"}],"curies":[{"name":"wp","href":"https:\/\/api.w.org\/{rel}","templated":true}]}}