{"id":4528,"date":"2024-07-04T13:39:35","date_gmt":"2024-07-04T18:39:35","guid":{"rendered":"https:\/\/www.uv.mx\/personal\/mcasillas\/?p=4528"},"modified":"2024-07-18T14:32:10","modified_gmt":"2024-07-18T19:32:10","slug":"educacion-superior-en-iberoamerica-2024","status":"publish","type":"post","link":"https:\/\/www.uv.mx\/personal\/mcasillas\/2024\/07\/04\/educacion-superior-en-iberoamerica-2024\/","title":{"rendered":"Educaci\u00f3n superior en Iberoam\u00e9rica, 2024."},"content":{"rendered":"<p>Casillas, M. (2024, julio, 4). Educaci\u00f3n superior en Iberoam\u00e9rica, 2024. <em>Suplemento Campus. <\/em>Recuperado de: <a href=\"https:\/\/www.uv.mx\/personal\/mcasillas\/files\/2024\/07\/Educacion-superior-en-Iberoamerica-2024-CAMPUS.pdf\">https:\/\/www.uv.mx\/personal\/<\/a><\/p>\n<p>&nbsp;<\/p>\n<p>Para descargar: <a href=\"https:\/\/www.uv.mx\/personal\/mcasillas\/files\/2024\/07\/Educacion-superior-en-Iberoamerica-2024-CAMPUS.pdf\">Educaci\u00f3n superior en Iberoam\u00e9rica, 2024.\u00a0<\/a><\/p>\n<p>Para consultar: <a href=\"https:\/\/suplementocampus.com\/educacion-superior-en-iberoamerica-2024\/\">Educaci\u00f3n superior en Iberoam\u00e9rica, 2024.<\/a><\/p>\n","protected":false},"excerpt":{"rendered":"<p>Casillas, M. (2024, julio, 4). Educaci\u00f3n superior en Iberoam\u00e9rica, 2024. Suplemento Campus. Recuperado de: https:\/\/www.uv.mx\/personal\/ &nbsp; Para descargar: Educaci\u00f3n superior en Iberoam\u00e9rica, 2024.\u00a0 Para consultar: Educaci\u00f3n superior en Iberoam\u00e9rica, 2024.<\/p>\n","protected":false},"author":1587,"featured_media":0,"comment_status":"closed","ping_status":"closed","sticky":false,"template":"","format":"standard","meta":{"footnotes":""},"categories":[40],"tags":[],"class_list":["post-4528","post","type-post","status-publish","format-standard","hentry","category-articulo-difusion"],"_links":{"self":[{"href":"https:\/\/www.uv.mx\/personal\/mcasillas\/wp-json\/wp\/v2\/posts\/4528","targetHints":{"allow":["GET"]}}],"collection":[{"href":"https:\/\/www.uv.mx\/personal\/mcasillas\/wp-json\/wp\/v2\/posts"}],"about":[{"href":"https:\/\/www.uv.mx\/personal\/mcasillas\/wp-json\/wp\/v2\/types\/post"}],"author":[{"embeddable":true,"href":"https:\/\/www.uv.mx\/personal\/mcasillas\/wp-json\/wp\/v2\/users\/1587"}],"replies":[{"embeddable":true,"href":"https:\/\/www.uv.mx\/personal\/mcasillas\/wp-json\/wp\/v2\/comments?post=4528"}],"version-history":[{"count":1,"href":"https:\/\/www.uv.mx\/personal\/mcasillas\/wp-json\/wp\/v2\/posts\/4528\/revisions"}],"predecessor-version":[{"id":4548,"href":"https:\/\/www.uv.mx\/personal\/mcasillas\/wp-json\/wp\/v2\/posts\/4528\/revisions\/4548"}],"wp:attachment":[{"href":"https:\/\/www.uv.mx\/personal\/mcasillas\/wp-json\/wp\/v2\/media?parent=4528"}],"wp:term":[{"taxonomy":"category","embeddable":true,"href":"https:\/\/www.uv.mx\/personal\/mcasillas\/wp-json\/wp\/v2\/categories?post=4528"},{"taxonomy":"post_tag","embeddable":true,"href":"https:\/\/www.uv.mx\/personal\/mcasillas\/wp-json\/wp\/v2\/tags?post=4528"}],"curies":[{"name":"wp","href":"https:\/\/api.w.org\/{rel}","templated":true}]}}