{"id":4545,"date":"2024-07-18T14:28:48","date_gmt":"2024-07-18T19:28:48","guid":{"rendered":"https:\/\/www.uv.mx\/personal\/mcasillas\/?p=4545"},"modified":"2026-08-18T12:16:13","modified_gmt":"2026-08-18T18:16:13","slug":"balance-de-las-politicas-de-educacion-superior-en-la-cuarta-transformacion-2018-2024","status":"publish","type":"post","link":"https:\/\/www.uv.mx\/personal\/mcasillas\/2024\/07\/18\/balance-de-las-politicas-de-educacion-superior-en-la-cuarta-transformacion-2018-2024\/","title":{"rendered":"Balance de las pol\u00edticas de educaci\u00f3n superior en la Cuarta Transformaci\u00f3n (2018-2024)."},"content":{"rendered":"<p>Casillas, M., L\u00f3pez, R.,(coords.) (2024).<em> Balance de las pol\u00edticas de educaci\u00f3n superior en la cuarta transformaci\u00f3n (2018 &#8211; 2024)<\/em>. Editorial Transdigital. https:\/\/doi.org\/10.56162\/transdigitalb30<\/p>\n<p>&nbsp;<\/p>\n<p>Para consultar: <a href=\"https:\/\/editorial.transdigital.mx\/libros\/balance-de-las-politicas-de-educacion-superior-en-la-cuarta-transformacion-2018-2024\/\">Balance de las pol\u00edticas de educaci\u00f3n superior en la Cuarta Transformaci\u00f3n (2018-2024)<\/a><\/p>\n<p>Para descargar: <a href=\"https:\/\/www.uv.mx\/personal\/mcasillas\/files\/2024\/07\/Balance-de-las-politicas-de-educacion-superior-en-la-Cuarta-Transformacion-2018-2024-1.pdf\">Balance de las pol\u00edticas de educaci\u00f3n superior en la Cuarta Transformaci\u00f3n (2018-2024)<\/a><\/p>\n<p>&nbsp;<\/p>\n","protected":false},"excerpt":{"rendered":"<p>Casillas, M., L\u00f3pez, R.,(coords.) (2024). Balance de las pol\u00edticas de educaci\u00f3n superior en la cuarta transformaci\u00f3n (2018 &#8211; 2024). Editorial Transdigital. https:\/\/doi.org\/10.56162\/transdigitalb30 &nbsp; Para consultar: Balance de las pol\u00edticas de educaci\u00f3n superior en la Cuarta Transformaci\u00f3n (2018-2024) Para descargar: Balance de las pol\u00edticas de educaci\u00f3n superior en la Cuarta Transformaci\u00f3n (2018-2024) &nbsp;<\/p>\n","protected":false},"author":1587,"featured_media":0,"comment_status":"closed","ping_status":"closed","sticky":false,"template":"","format":"standard","meta":{"footnotes":""},"categories":[4,11],"tags":[],"class_list":["post-4545","post","type-post","status-publish","format-standard","hentry","category-miblog","category-libros-publica"],"_links":{"self":[{"href":"https:\/\/www.uv.mx\/personal\/mcasillas\/wp-json\/wp\/v2\/posts\/4545","targetHints":{"allow":["GET"]}}],"collection":[{"href":"https:\/\/www.uv.mx\/personal\/mcasillas\/wp-json\/wp\/v2\/posts"}],"about":[{"href":"https:\/\/www.uv.mx\/personal\/mcasillas\/wp-json\/wp\/v2\/types\/post"}],"author":[{"embeddable":true,"href":"https:\/\/www.uv.mx\/personal\/mcasillas\/wp-json\/wp\/v2\/users\/1587"}],"replies":[{"embeddable":true,"href":"https:\/\/www.uv.mx\/personal\/mcasillas\/wp-json\/wp\/v2\/comments?post=4545"}],"version-history":[{"count":2,"href":"https:\/\/www.uv.mx\/personal\/mcasillas\/wp-json\/wp\/v2\/posts\/4545\/revisions"}],"predecessor-version":[{"id":4996,"href":"https:\/\/www.uv.mx\/personal\/mcasillas\/wp-json\/wp\/v2\/posts\/4545\/revisions\/4996"}],"wp:attachment":[{"href":"https:\/\/www.uv.mx\/personal\/mcasillas\/wp-json\/wp\/v2\/media?parent=4545"}],"wp:term":[{"taxonomy":"category","embeddable":true,"href":"https:\/\/www.uv.mx\/personal\/mcasillas\/wp-json\/wp\/v2\/categories?post=4545"},{"taxonomy":"post_tag","embeddable":true,"href":"https:\/\/www.uv.mx\/personal\/mcasillas\/wp-json\/wp\/v2\/tags?post=4545"}],"curies":[{"name":"wp","href":"https:\/\/api.w.org\/{rel}","templated":true}]}}