{"id":886,"date":"2014-03-10T13:42:26","date_gmt":"2014-03-10T19:42:26","guid":{"rendered":"http:\/\/www.uv.mx\/personal\/mcasillas\/?p=886"},"modified":"2023-10-13T14:31:17","modified_gmt":"2023-10-13T19:31:17","slug":"proyecto-de-transformacion-academica-de-la-ecam_caracterizacion-de-los-estudiantes-2","status":"publish","type":"post","link":"https:\/\/www.uv.mx\/personal\/mcasillas\/2014\/03\/10\/proyecto-de-transformacion-academica-de-la-ecam_caracterizacion-de-los-estudiantes-2\/","title":{"rendered":"Proyecto de investigaci\u00f3n para la transformaci\u00f3n del plan de estudios de la E. C. A. Mazatl\u00e1n"},"content":{"rendered":"<p>&nbsp;<\/p>\n<p><img loading=\"lazy\" decoding=\"async\" class=\"alignleft wp-image-492\" style=\"line-height: 17.399999618530273px\" src=\"http:\/\/www.uv.mx\/personal\/mcasillas\/files\/2014\/02\/P.transformacipon-academica-150x150.jpg\" alt=\"P.transformacipon academica\" width=\"135\" height=\"135\" \/><\/p>\n<p>Para citar este documento:<\/p>\n<p>Casillas, M. A. (Abril, 1983). Proyecto de investigaci\u00f3n para la transformaci\u00f3n del plan de estudios de la E. C. A. Mazatl\u00e1n.\u00a0<em>Trasformaci\u00f3n acad\u00e9mica<\/em>, (1).<\/p>\n<p><strong>Para descargar:<\/strong>\u00a0<a href=\"http:\/\/www.uv.mx\/personal\/mcasillas\/files\/2014\/03\/Proyecto-de-transformacion-academica-de-la-ECAM_Caracterizacion-de-los-estudiantes.pdf\">Proyecto de investigaci\u00f3n para la transformaci\u00f3n del plan de estudios de la E. C. A. Mazatl\u00e1n<\/a><a href=\"http:\/\/www.uv.mx\/personal\/mcasillas\/files\/2014\/02\/Proyecto-de-Transformaci\u00f3n-Acad\u00e9mica-de-la-ECAM_Caracterizaci\u00f3n-de-los-estudiantes.pdf\"><br \/>\n<\/a><\/p>\n","protected":false},"excerpt":{"rendered":"<p>&nbsp; Para citar este documento: Casillas, M. A. (Abril, 1983). Proyecto de investigaci\u00f3n para la transformaci\u00f3n del plan de estudios de la E. C. A. Mazatl\u00e1n.\u00a0Trasformaci\u00f3n acad\u00e9mica, (1). Para descargar:\u00a0Proyecto de investigaci\u00f3n para la transformaci\u00f3n del plan de estudios de la E. C. A. Mazatl\u00e1n<\/p>\n","protected":false},"author":1587,"featured_media":0,"comment_status":"open","ping_status":"closed","sticky":false,"template":"","format":"standard","meta":{"footnotes":""},"categories":[40],"tags":[],"class_list":["post-886","post","type-post","status-publish","format-standard","hentry","category-articulo-difusion"],"_links":{"self":[{"href":"https:\/\/www.uv.mx\/personal\/mcasillas\/wp-json\/wp\/v2\/posts\/886","targetHints":{"allow":["GET"]}}],"collection":[{"href":"https:\/\/www.uv.mx\/personal\/mcasillas\/wp-json\/wp\/v2\/posts"}],"about":[{"href":"https:\/\/www.uv.mx\/personal\/mcasillas\/wp-json\/wp\/v2\/types\/post"}],"author":[{"embeddable":true,"href":"https:\/\/www.uv.mx\/personal\/mcasillas\/wp-json\/wp\/v2\/users\/1587"}],"replies":[{"embeddable":true,"href":"https:\/\/www.uv.mx\/personal\/mcasillas\/wp-json\/wp\/v2\/comments?post=886"}],"version-history":[{"count":1,"href":"https:\/\/www.uv.mx\/personal\/mcasillas\/wp-json\/wp\/v2\/posts\/886\/revisions"}],"predecessor-version":[{"id":4229,"href":"https:\/\/www.uv.mx\/personal\/mcasillas\/wp-json\/wp\/v2\/posts\/886\/revisions\/4229"}],"wp:attachment":[{"href":"https:\/\/www.uv.mx\/personal\/mcasillas\/wp-json\/wp\/v2\/media?parent=886"}],"wp:term":[{"taxonomy":"category","embeddable":true,"href":"https:\/\/www.uv.mx\/personal\/mcasillas\/wp-json\/wp\/v2\/categories?post=886"},{"taxonomy":"post_tag","embeddable":true,"href":"https:\/\/www.uv.mx\/personal\/mcasillas\/wp-json\/wp\/v2\/tags?post=886"}],"curies":[{"name":"wp","href":"https:\/\/api.w.org\/{rel}","templated":true}]}}