{"id":933,"date":"2014-03-10T23:28:37","date_gmt":"2014-03-11T05:28:37","guid":{"rendered":"http:\/\/www.uv.mx\/personal\/mcasillas\/?p=933"},"modified":"2018-08-03T12:51:10","modified_gmt":"2018-08-03T17:51:10","slug":"los-academicos-de-las-universidades-mexicanas-contexto-discusion-conceptual-y-dimensiones-relevantes-para-la-investigacion-2","status":"publish","type":"post","link":"https:\/\/www.uv.mx\/personal\/mcasillas\/2014\/03\/10\/los-academicos-de-las-universidades-mexicanas-contexto-discusion-conceptual-y-dimensiones-relevantes-para-la-investigacion-2\/","title":{"rendered":"Los acad\u00e9micos de las universidades mexicanas. Contexto, discusi\u00f3n conceptual y dimensiones relevantes para la investigaci\u00f3n"},"content":{"rendered":"<p>&nbsp;<\/p>\n<p><a href=\"http:\/\/www.uv.mx\/personal\/mcasillas\/files\/2014\/03\/losacadmisocsdlasunivmex.gif\"><img loading=\"lazy\" decoding=\"async\" class=\"alignleft wp-image-620\" src=\"http:\/\/www.uv.mx\/personal\/mcasillas\/files\/2014\/03\/losacadmisocsdlasunivmex-150x150.gif\" alt=\"losacadmisocsdlasunivmex\" width=\"90\" height=\"90\" \/><\/a><\/p>\n<p><strong>Para citar este documento:\u00a0<\/strong><\/p>\n<p>&nbsp;<\/p>\n<p>P\u00e9rez, L., et al. (Enero-abril, 1991). Los Acad\u00e9micos de las Universidades Mexicanas: Contexto, discusi\u00f3n conceptual y dimensiones relevantes para la investigaci\u00f3n.\u00a0<em>Sociol\u00f3gica<\/em>, (15), 323-347.<\/p>\n<p>&nbsp;<\/p>\n<p><strong>\u00a0 \u00a0 \u00a0 \u00a0 \u00a0 \u00a0 \u00a0 \u00a0 \u00a0 \u00a0 \u00a0 \u00a0 \u00a0 \u00a0 \u00a0 \u00a0 \u00a0 Descargar:\u00a0<a href=\"http:\/\/www.uv.mx\/personal\/mcasillas\/files\/2014\/03\/Los-academicos-de-las-universidades-mexicanas.pdf\">Los acad\u00e9micos de las universidades mexicanas<\/a><\/strong><a href=\"http:\/\/www.uv.mx\/personal\/mcasillas\/files\/2014\/03\/Los-acad\u00e9micos-de-las-universidades-mexicanas.pdf\"><br \/>\n<\/a><\/p>\n<p><b>\u00a0<\/b><\/p>\n","protected":false},"excerpt":{"rendered":"<p>&nbsp; Para citar este documento:\u00a0 &nbsp; P\u00e9rez, L., et al. (Enero-abril, 1991). Los Acad\u00e9micos de las Universidades Mexicanas: Contexto, discusi\u00f3n conceptual y dimensiones relevantes para la investigaci\u00f3n.\u00a0Sociol\u00f3gica, (15), 323-347. &nbsp; \u00a0 \u00a0 \u00a0 \u00a0 \u00a0 \u00a0 \u00a0 \u00a0 \u00a0 \u00a0 \u00a0 \u00a0 \u00a0 \u00a0 \u00a0 \u00a0 \u00a0 Descargar:\u00a0Los acad\u00e9micos de las universidades mexicanas \u00a0<\/p>\n","protected":false},"author":1587,"featured_media":0,"comment_status":"open","ping_status":"closed","sticky":false,"template":"","format":"standard","meta":{"footnotes":""},"categories":[41],"tags":[],"class_list":["post-933","post","type-post","status-publish","format-standard","hentry","category-articulo_cientifico"],"_links":{"self":[{"href":"https:\/\/www.uv.mx\/personal\/mcasillas\/wp-json\/wp\/v2\/posts\/933","targetHints":{"allow":["GET"]}}],"collection":[{"href":"https:\/\/www.uv.mx\/personal\/mcasillas\/wp-json\/wp\/v2\/posts"}],"about":[{"href":"https:\/\/www.uv.mx\/personal\/mcasillas\/wp-json\/wp\/v2\/types\/post"}],"author":[{"embeddable":true,"href":"https:\/\/www.uv.mx\/personal\/mcasillas\/wp-json\/wp\/v2\/users\/1587"}],"replies":[{"embeddable":true,"href":"https:\/\/www.uv.mx\/personal\/mcasillas\/wp-json\/wp\/v2\/comments?post=933"}],"version-history":[{"count":0,"href":"https:\/\/www.uv.mx\/personal\/mcasillas\/wp-json\/wp\/v2\/posts\/933\/revisions"}],"wp:attachment":[{"href":"https:\/\/www.uv.mx\/personal\/mcasillas\/wp-json\/wp\/v2\/media?parent=933"}],"wp:term":[{"taxonomy":"category","embeddable":true,"href":"https:\/\/www.uv.mx\/personal\/mcasillas\/wp-json\/wp\/v2\/categories?post=933"},{"taxonomy":"post_tag","embeddable":true,"href":"https:\/\/www.uv.mx\/personal\/mcasillas\/wp-json\/wp\/v2\/tags?post=933"}],"curies":[{"name":"wp","href":"https:\/\/api.w.org\/{rel}","templated":true}]}}