{"id":965,"date":"2014-03-10T23:59:41","date_gmt":"2014-03-11T05:59:41","guid":{"rendered":"http:\/\/www.uv.mx\/personal\/mcasillas\/?p=965"},"modified":"2018-04-13T14:10:26","modified_gmt":"2018-04-13T19:10:26","slug":"autonomia-y-poder-academico","status":"publish","type":"post","link":"https:\/\/www.uv.mx\/personal\/mcasillas\/2014\/03\/10\/autonomia-y-poder-academico\/","title":{"rendered":"Autonom\u00eda y poder acad\u00e9mico"},"content":{"rendered":"<p>&nbsp;<\/p>\n<p><a href=\"http:\/\/www.uv.mx\/personal\/mcasillas\/files\/2014\/03\/autonomia.bmp\"><img loading=\"lazy\" decoding=\"async\" class=\"alignleft wp-image-1163\" src=\"http:\/\/www.uv.mx\/personal\/mcasillas\/files\/2014\/03\/autonomia.bmp\" alt=\"autonomia\" width=\"97\" height=\"135\" \/><\/a><\/p>\n<p><strong>Para citar este documento<\/strong>:<\/p>\n<p>&nbsp;<\/p>\n<p>Casillas, M. A. (1996). Autonom\u00eda y poder acad\u00e9mico. En R. Cha\u00edn (Coord.), Universidad Veracruzana: las cuestiones de la autonom\u00eda (pp. 15-25). Xalapa: Universidad Veracruzana.<\/p>\n<p>&nbsp;<\/p>\n<p><strong>Descargar:<\/strong>\u00a0<a href=\"http:\/\/www.uv.mx\/personal\/mcasillas\/files\/2014\/03\/Autonomia-y-poder-academico.pdf\">Autonomia y poder academico<\/a><a href=\"http:\/\/www.uv.mx\/personal\/mcasillas\/files\/2014\/03\/Autonomia-y-poder-academico.pdf\"><br \/>\n<\/a><\/p>\n<p>&nbsp;<\/p>\n<p><b>\u00a0<\/b><\/p>\n","protected":false},"excerpt":{"rendered":"<p>&nbsp; Para citar este documento: &nbsp; Casillas, M. A. (1996). Autonom\u00eda y poder acad\u00e9mico. En R. Cha\u00edn (Coord.), Universidad Veracruzana: las cuestiones de la autonom\u00eda (pp. 15-25). Xalapa: Universidad Veracruzana. &nbsp; Descargar:\u00a0Autonomia y poder academico &nbsp; \u00a0<\/p>\n","protected":false},"author":1587,"featured_media":0,"comment_status":"open","ping_status":"closed","sticky":false,"template":"","format":"standard","meta":{"footnotes":""},"categories":[19],"tags":[],"class_list":["post-965","post","type-post","status-publish","format-standard","hentry","category-cap-libro"],"_links":{"self":[{"href":"https:\/\/www.uv.mx\/personal\/mcasillas\/wp-json\/wp\/v2\/posts\/965","targetHints":{"allow":["GET"]}}],"collection":[{"href":"https:\/\/www.uv.mx\/personal\/mcasillas\/wp-json\/wp\/v2\/posts"}],"about":[{"href":"https:\/\/www.uv.mx\/personal\/mcasillas\/wp-json\/wp\/v2\/types\/post"}],"author":[{"embeddable":true,"href":"https:\/\/www.uv.mx\/personal\/mcasillas\/wp-json\/wp\/v2\/users\/1587"}],"replies":[{"embeddable":true,"href":"https:\/\/www.uv.mx\/personal\/mcasillas\/wp-json\/wp\/v2\/comments?post=965"}],"version-history":[{"count":0,"href":"https:\/\/www.uv.mx\/personal\/mcasillas\/wp-json\/wp\/v2\/posts\/965\/revisions"}],"wp:attachment":[{"href":"https:\/\/www.uv.mx\/personal\/mcasillas\/wp-json\/wp\/v2\/media?parent=965"}],"wp:term":[{"taxonomy":"category","embeddable":true,"href":"https:\/\/www.uv.mx\/personal\/mcasillas\/wp-json\/wp\/v2\/categories?post=965"},{"taxonomy":"post_tag","embeddable":true,"href":"https:\/\/www.uv.mx\/personal\/mcasillas\/wp-json\/wp\/v2\/tags?post=965"}],"curies":[{"name":"wp","href":"https:\/\/api.w.org\/{rel}","templated":true}]}}