{"id":164,"date":"2023-01-20T11:14:46","date_gmt":"2023-01-20T17:14:46","guid":{"rendered":"https:\/\/www.uv.mx\/personal\/nbarradas\/?p=164"},"modified":"2023-01-20T11:57:00","modified_gmt":"2023-01-20T17:57:00","slug":"formacion-academica-2","status":"publish","type":"post","link":"https:\/\/www.uv.mx\/personal\/nbarradas\/2023\/01\/20\/formacion-academica-2\/","title":{"rendered":"Formaci\u00f3n acad\u00e9mica"},"content":{"rendered":"<p>Licenciada en Nutrici\u00f3n por la Universidad Veracruz<\/p>\n<p>N\u00famero de c\u00e9dula profesional 4549026<\/p>\n<p>&nbsp;<\/p>\n<p>Maestr\u00eda en Administraci\u00f3n y Gesti\u00f3n de Instituciones Educativas<\/p>\n<p>N\u00famero de c\u00e9dula profesional 7724901<\/p>\n","protected":false},"excerpt":{"rendered":"<p>Licenciada en Nutrici\u00f3n por la Universidad Veracruz N\u00famero de c\u00e9dula profesional 4549026 &nbsp; Maestr\u00eda en Administraci\u00f3n y Gesti\u00f3n de Instituciones Educativas N\u00famero de c\u00e9dula profesional 7724901<\/p>\n","protected":false},"author":2203,"featured_media":0,"comment_status":"closed","ping_status":"closed","sticky":false,"template":"","format":"standard","meta":[],"categories":[4],"tags":[],"_links":{"self":[{"href":"https:\/\/www.uv.mx\/personal\/nbarradas\/wp-json\/wp\/v2\/posts\/164"}],"collection":[{"href":"https:\/\/www.uv.mx\/personal\/nbarradas\/wp-json\/wp\/v2\/posts"}],"about":[{"href":"https:\/\/www.uv.mx\/personal\/nbarradas\/wp-json\/wp\/v2\/types\/post"}],"author":[{"embeddable":true,"href":"https:\/\/www.uv.mx\/personal\/nbarradas\/wp-json\/wp\/v2\/users\/2203"}],"replies":[{"embeddable":true,"href":"https:\/\/www.uv.mx\/personal\/nbarradas\/wp-json\/wp\/v2\/comments?post=164"}],"version-history":[{"count":2,"href":"https:\/\/www.uv.mx\/personal\/nbarradas\/wp-json\/wp\/v2\/posts\/164\/revisions"}],"predecessor-version":[{"id":184,"href":"https:\/\/www.uv.mx\/personal\/nbarradas\/wp-json\/wp\/v2\/posts\/164\/revisions\/184"}],"wp:attachment":[{"href":"https:\/\/www.uv.mx\/personal\/nbarradas\/wp-json\/wp\/v2\/media?parent=164"}],"wp:term":[{"taxonomy":"category","embeddable":true,"href":"https:\/\/www.uv.mx\/personal\/nbarradas\/wp-json\/wp\/v2\/categories?post=164"},{"taxonomy":"post_tag","embeddable":true,"href":"https:\/\/www.uv.mx\/personal\/nbarradas\/wp-json\/wp\/v2\/tags?post=164"}],"curies":[{"name":"wp","href":"https:\/\/api.w.org\/{rel}","templated":true}]}}