{"id":290,"date":"2015-05-27T09:55:37","date_gmt":"2015-05-27T14:55:37","guid":{"rendered":"http:\/\/www.uv.mx\/personal\/racmartinez\/?p=290"},"modified":"2016-04-19T15:23:54","modified_gmt":"2016-04-19T20:23:54","slug":"adios-en-blanco-y-negro","status":"publish","type":"post","link":"https:\/\/www.uv.mx\/personal\/racmartinez\/2015\/05\/27\/adios-en-blanco-y-negro\/","title":{"rendered":"Adi\u00f3s en blanco y negro"},"content":{"rendered":"<p>&nbsp;<\/p>\n<p><a href=\"http:\/\/www.uv.mx\/personal\/racmartinez\/files\/2015\/05\/Coincidenciaydiversidad.jpg\"><img loading=\"lazy\" decoding=\"async\" class=\"alignright wp-image-291 \" src=\"http:\/\/www.uv.mx\/personal\/racmartinez\/files\/2015\/05\/Coincidenciaydiversidad-300x197.jpg\" alt=\"Coincidenciaydiversidad\" width=\"363\" height=\"238\" srcset=\"https:\/\/www.uv.mx\/personal\/racmartinez\/files\/2015\/05\/Coincidenciaydiversidad-300x197.jpg 300w, https:\/\/www.uv.mx\/personal\/racmartinez\/files\/2015\/05\/Coincidenciaydiversidad-1024x675.jpg 1024w\" sizes=\"auto, (max-width: 363px) 100vw, 363px\" \/><\/a><\/p>\n<p><span style=\"font-size: 10pt\"><strong>Sergio Maldonado Rosales<\/strong> (Xalapa, 1959-2015) fue un artista de la lente que contribuy\u00f3 al ejercicio de un periodismo independiente y cr\u00edtico en un contexto donde no prevalec\u00eda exactamente la apertura pol\u00edtica, editorial ni est\u00e9tica para intentar los cambios que demandaba una naciente audiencia formada en el mundo de las im\u00e1genes.<\/span><\/p>\n<p><span style=\"font-size: 10pt\">Arquitecto de formaci\u00f3n acad\u00e9mica en la Universidad Veracruzana, Maldonado particip\u00f3 como fotorreportero en el proyecto del peri\u00f3dico <em>Pol\u00edtica<\/em> desde que inici\u00f3 all\u00e1 a finales de la d\u00e9cada de los ochenta \u2014justo en la cresta posterior del temblor de 1985.<\/span><\/p>\n<p><span style=\"font-size: 10pt\">Espec\u00edficamente Sergio entr\u00f3 a <em>Pol\u00edtica<\/em> en 1988, a\u00f1o que para muchos ha sido considerado como parteaguas de la pol\u00edtica mexicana. Ah\u00ed en Revoluci\u00f3n 11 nos conocimos en la redacci\u00f3n que me toc\u00f3 coordinar durante dos d\u00e9cadas; a m\u00ed me entregaba las fotograf\u00edas del d\u00eda a las seis o siete de la noche para iniciar la edici\u00f3n.<\/span><\/p>\n<p><span style=\"font-size: 10pt\">Le toc\u00f3 una etapa pol\u00edtica convulsa por la escisi\u00f3n pri\u00edsta, el surgimiento de una oposici\u00f3n fuerte liderada por el ingeniero Cuauht\u00e9moc C\u00e1rdenas y sobre todo una movilizaci\u00f3n civil sin precedentes de campesinos, sindicatos, sectores populares de la m\u00e1s variada \u00edndole e in\u00e9ditas protestas urbanas como la de Laguna Verde en donde confluyeron diversas clases sociales \u2013y que Sergio tiempo despu\u00e9s registr\u00f3 en exposiciones.<\/span><\/p>\n<p><span style=\"font-size: 10pt\">Maldonado fue testigo y protagonista de un nuevo periodismo que vino a romper con ciertas pr\u00e1cticas can\u00f3nicas conservadoras, que no se atrev\u00edan a incluir a la imagen como un elemento noticioso.<\/span><\/p>\n<p><span style=\"font-size: 10pt\">La fotograf\u00eda en la poca y exigua oferta medi\u00e1tica impresa en la ciudad de Xalapa en particular, se conformaba con ser el registro fr\u00edo y acartonado de los eventos pol\u00edticos.<\/span><\/p>\n<p><span style=\"font-size: 10pt\">Fueron los a\u00f1os en donde formatos como los del antiguo <em>Exc\u00e9lsior<\/em> cedieron su posici\u00f3n a <em>La Jornada<\/em>, <em>Uno<\/em> <em>m\u00e1s<\/em> <em>uno<\/em> y <em>Reforma<\/em>. De esta manera Maldonado se distingui\u00f3 por un trabajo profesional pulcro y su propuesta period\u00edstica jam\u00e1s re\u00f1\u00eda con la calidad de las fotos.<\/span><\/p>\n<p><span style=\"font-size: 10pt\">Junto a Daniel Mendoza y Alberto Morales Garc\u00eda, tambi\u00e9n habr\u00eda que agregar a Ang\u00e9lica Morales Noble, hicimos del peri\u00f3dico <em>Pol\u00edtica<\/em> un campo de exploraci\u00f3n visual donde la fotograf\u00eda adquiri\u00f3 mayor volumen editorial pero, sobre todo, transform\u00f3 las sinergias del peri\u00f3dico. Ya no se trataba de un relleno visual, sino de la noticia misma que implicaba una fotograf\u00eda que no se agotaba en el evento sino en sus alrededores.<\/span><\/p>\n<p><span style=\"font-size: 10pt\">De esta manera el peri\u00f3dico <em>Pol\u00edtica<\/em> dio cabida a planos otrora no tan utilizados. Se gener\u00f3 una especie de cultura del <em>close up<\/em>, por ejemplo, que adem\u00e1s estaba en el primer\u00edsimo lugar de la jerarqu\u00eda editorial.<\/span><\/p>\n<p><span style=\"font-size: 10pt\">El director de <em>Pol\u00edtica<\/em>, \u00c1ngel Leodegario Guti\u00e9rrez Castellanos, nos ped\u00eda que de alguna manera arrevist\u00e1ramos el peri\u00f3dico, que la portada se volviera un descarado poster para jalar a esos lectores incautos que no estaban avezados a la pol\u00edtica. Y Sergio con sus excelentes fotograf\u00edas contribuy\u00f3 a potenciar la imagen como un gancho pol\u00edtico.<\/span><\/p>\n<p><span style=\"font-size: 10pt\">Recuerdo mucho la composici\u00f3n de las fotos de Sergio. Comparto con H\u00e9ctor Vicario su visi\u00f3n sobre el talante t\u00e9cnico del trabajo de Maldonado. De hecho todav\u00eda guardo algunas de las fotograf\u00edas de Sergio en su formato original que entregaba a la redacci\u00f3n.<\/span><\/p>\n<p><span style=\"font-size: 10pt\">Con Daniel Mendoza fund\u00f3 Imagen Jarocha, la primera agencia de informaci\u00f3n gr\u00e1fica a nivel estatal.<\/span><\/p>\n<p><span style=\"font-size: 10pt\">En el libro <em>Coincidencia y diversidad. Fot\u00f3grafos en Veracruz<\/em> (IVEC, 1998), se rescatan una tercia muy particular de fotograf\u00edas que distingue el estilo de Sergio. \u201cEn defensa de la tierra (1990)\u201d, una mujer de la tercera edad recibi\u00f3 una pedrada en la frente y sangra indolente. En \u201cSue\u00f1o injusto\u201d (1995) capta a decenas de migrantes apelotonados casi unos encima de otros como pel\u00edcula de Eisenstein. O en\u00a0 \u201cSolidaridad\u201d (1990): viene a Veracruz el presidente de la rep\u00fablica en aquel entonces, Carlos Salinas de Gortari, quien se inclina sobre su derecha para entregar t\u00edtulos de propiedad mientras que en primer\u00edsimo plano Sergio hab\u00eda captado a un perro com\u00fan y corriente que abre su hocico entre la ambig\u00fcedad de la iron\u00eda y el aburrimiento.<\/span><\/p>\n<p><span style=\"font-size: 10pt\">Testigo de las cosas que pasan, Sergio se durmi\u00f3 para siempre un mi\u00e9rcoles. En blanco y negro, me parece, la desmemoria es menor. Sergio nos dej\u00f3 un buen registro, s\u00ed, para no olvidar.<\/span><\/p>\n","protected":false},"excerpt":{"rendered":"<p>&nbsp; Sergio Maldonado Rosales (Xalapa, 1959-2015) fue un artista de la lente que contribuy\u00f3 al ejercicio de un periodismo independiente y cr\u00edtico en un contexto donde no prevalec\u00eda exactamente la apertura pol\u00edtica, editorial ni est\u00e9tica para intentar los cambios que demandaba una naciente audiencia formada en el mundo de las im\u00e1genes. Arquitecto de formaci\u00f3n acad\u00e9mica&#8230;<\/p>\n","protected":false},"author":1532,"featured_media":0,"comment_status":"closed","ping_status":"closed","sticky":false,"template":"","format":"standard","meta":{"footnotes":""},"categories":[4,1],"tags":[13,34,25],"class_list":["post-290","post","type-post","status-publish","format-standard","hentry","category-miblog","category-general","tag-comunicacion-2","tag-fotografia","tag-resena"],"_links":{"self":[{"href":"https:\/\/www.uv.mx\/personal\/racmartinez\/wp-json\/wp\/v2\/posts\/290","targetHints":{"allow":["GET"]}}],"collection":[{"href":"https:\/\/www.uv.mx\/personal\/racmartinez\/wp-json\/wp\/v2\/posts"}],"about":[{"href":"https:\/\/www.uv.mx\/personal\/racmartinez\/wp-json\/wp\/v2\/types\/post"}],"author":[{"embeddable":true,"href":"https:\/\/www.uv.mx\/personal\/racmartinez\/wp-json\/wp\/v2\/users\/1532"}],"replies":[{"embeddable":true,"href":"https:\/\/www.uv.mx\/personal\/racmartinez\/wp-json\/wp\/v2\/comments?post=290"}],"version-history":[{"count":0,"href":"https:\/\/www.uv.mx\/personal\/racmartinez\/wp-json\/wp\/v2\/posts\/290\/revisions"}],"wp:attachment":[{"href":"https:\/\/www.uv.mx\/personal\/racmartinez\/wp-json\/wp\/v2\/media?parent=290"}],"wp:term":[{"taxonomy":"category","embeddable":true,"href":"https:\/\/www.uv.mx\/personal\/racmartinez\/wp-json\/wp\/v2\/categories?post=290"},{"taxonomy":"post_tag","embeddable":true,"href":"https:\/\/www.uv.mx\/personal\/racmartinez\/wp-json\/wp\/v2\/tags?post=290"}],"curies":[{"name":"wp","href":"https:\/\/api.w.org\/{rel}","templated":true}]}}