{"id":338,"date":"2016-01-29T19:36:45","date_gmt":"2016-01-30T01:36:45","guid":{"rendered":"http:\/\/www.uv.mx\/personal\/racmartinez\/?p=338"},"modified":"2016-04-19T14:23:27","modified_gmt":"2016-04-19T19:23:27","slug":"premio-nacional-del-periodismo-2013","status":"publish","type":"post","link":"https:\/\/www.uv.mx\/personal\/racmartinez\/2016\/01\/29\/premio-nacional-del-periodismo-2013\/","title":{"rendered":"Premio Nacional del Periodismo 2013"},"content":{"rendered":"<p><span style=\"font-size: 10pt\">Para la versi\u00f3n de 2013 del Premio Nacional de Periodismo se recibieron, seg\u00fan el Consejo Ciudadano, fue de mil 260 trabajos.\u00a0La cifra supera por 175 trabajos m\u00e1s al total de la cifra de inscritos para la versi\u00f3n de\u00a02012.\u00a0A colaci\u00f3n queda -parafrase\u00e1ndolo por supuesto-, lo que Salvador D\u00edaz Mir\u00f3n le escribi\u00f3 a\u00a0Gloria: algo muy bueno cruza el pantano y no se mancha en este Premio Nacional de\u00a0Periodismo 2013.<\/span><\/p>\n<p><span style=\"font-size: 10pt\">Rese\u00f1a \u00abLa nueva prensa en el M\u00e9xico convulso\u00bb y libro\u00a0<em>Premio Nacional de Periodismo 2013<\/em><a href=\"http:\/\/www.periodismo.org.mx\/assets\/ganadores-2013.pdf\"> aqu\u00ed<\/a><\/span><\/p>\n<p><img loading=\"lazy\" decoding=\"async\" class=\"aligncenter\" style=\"line-height: 17.4px\" src=\"http:\/\/www.radiover.info\/admin\/fotos\/2014-06-13\/6214_55x.jpg\" alt=\"\" width=\"284\" height=\"160\" \/><\/p>\n","protected":false},"excerpt":{"rendered":"<p>Para la versi\u00f3n de 2013 del Premio Nacional de Periodismo se recibieron, seg\u00fan el Consejo Ciudadano, fue de mil 260 trabajos.\u00a0La cifra supera por 175 trabajos m\u00e1s al total de la cifra de inscritos para la versi\u00f3n de\u00a02012.\u00a0A colaci\u00f3n queda -parafrase\u00e1ndolo por supuesto-, lo que Salvador D\u00edaz Mir\u00f3n le escribi\u00f3 a\u00a0Gloria: algo muy bueno cruza&#8230;<\/p>\n","protected":false},"author":1532,"featured_media":0,"comment_status":"closed","ping_status":"closed","sticky":false,"template":"","format":"standard","meta":{"footnotes":""},"categories":[4,12],"tags":[13,21,23],"class_list":["post-338","post","type-post","status-publish","format-standard","hentry","category-miblog","category-comunicacion","tag-comunicacion-2","tag-libros","tag-resenas"],"_links":{"self":[{"href":"https:\/\/www.uv.mx\/personal\/racmartinez\/wp-json\/wp\/v2\/posts\/338","targetHints":{"allow":["GET"]}}],"collection":[{"href":"https:\/\/www.uv.mx\/personal\/racmartinez\/wp-json\/wp\/v2\/posts"}],"about":[{"href":"https:\/\/www.uv.mx\/personal\/racmartinez\/wp-json\/wp\/v2\/types\/post"}],"author":[{"embeddable":true,"href":"https:\/\/www.uv.mx\/personal\/racmartinez\/wp-json\/wp\/v2\/users\/1532"}],"replies":[{"embeddable":true,"href":"https:\/\/www.uv.mx\/personal\/racmartinez\/wp-json\/wp\/v2\/comments?post=338"}],"version-history":[{"count":0,"href":"https:\/\/www.uv.mx\/personal\/racmartinez\/wp-json\/wp\/v2\/posts\/338\/revisions"}],"wp:attachment":[{"href":"https:\/\/www.uv.mx\/personal\/racmartinez\/wp-json\/wp\/v2\/media?parent=338"}],"wp:term":[{"taxonomy":"category","embeddable":true,"href":"https:\/\/www.uv.mx\/personal\/racmartinez\/wp-json\/wp\/v2\/categories?post=338"},{"taxonomy":"post_tag","embeddable":true,"href":"https:\/\/www.uv.mx\/personal\/racmartinez\/wp-json\/wp\/v2\/tags?post=338"}],"curies":[{"name":"wp","href":"https:\/\/api.w.org\/{rel}","templated":true}]}}