{"id":300,"date":"2018-04-19T21:59:47","date_gmt":"2018-04-20T02:59:47","guid":{"rendered":"http:\/\/www.uv.mx\/personal\/rcalderon\/?p=300"},"modified":"2018-04-19T21:59:47","modified_gmt":"2018-04-20T02:59:47","slug":"entrevista-con-el-maestro-roberto-de-gasperin-sampieri-y-sus-libros-publicados","status":"publish","type":"post","link":"https:\/\/www.uv.mx\/personal\/rcalderon\/2018\/04\/19\/entrevista-con-el-maestro-roberto-de-gasperin-sampieri-y-sus-libros-publicados\/","title":{"rendered":"Entrevista con el Maestro Roberto de Gasperin Sampieri y sus libros publicados"},"content":{"rendered":"<p><img loading=\"lazy\" decoding=\"async\" class=\"alignright wp-image-295\" src=\"http:\/\/www.uv.mx\/personal\/rcalderon\/files\/2018\/04\/Roberto-de-Gasperin.jpg\" alt=\"\" width=\"353\" height=\"198\" srcset=\"https:\/\/www.uv.mx\/personal\/rcalderon\/files\/2018\/04\/Roberto-de-Gasperin.jpg 1280w, https:\/\/www.uv.mx\/personal\/rcalderon\/files\/2018\/04\/Roberto-de-Gasperin-300x169.jpg 300w, https:\/\/www.uv.mx\/personal\/rcalderon\/files\/2018\/04\/Roberto-de-Gasperin-768x432.jpg 768w, https:\/\/www.uv.mx\/personal\/rcalderon\/files\/2018\/04\/Roberto-de-Gasperin-1024x576.jpg 1024w\" sizes=\"auto, (max-width: 353px) 100vw, 353px\" \/>Roberto de Gasper\u00edn Sampieri, catedr\u00e1tico e investigador del Sistema de Ense\u00f1anza Abierta de la Universidad Veracruzana nos habla sobre algunas de sus obras publicadas, en su ya larga trayectoria como miembro de la comunidad acad\u00e9mica del SEA.<\/p>\n<p>Esta entrevista pese a ser realizada hace algunos a\u00f1os, realizada por el profesor Rodolfo Calder\u00f3n Vivar, no pierde su vigencia a cuanto a mostrar la creatividad en publicaciones del maestro universitario.<\/p>\n<p>&nbsp;<\/p>\n<p>&nbsp;<\/p>\n<p>Una producci\u00f3n de Radio Casa SEA<\/p>\n<p>&nbsp;<\/p>\n<audio class=\"wp-audio-shortcode\" id=\"audio-300-1\" preload=\"none\" style=\"width: 100%;\" controls=\"controls\"><source type=\"audio\/mpeg\" src=\"http:\/\/www.uv.mx\/personal\/rcalderon\/files\/2018\/04\/Radio_CASA_SEA_Roberto_DE_GASPERIN_64kb.mp3?_=1\" \/><a href=\"http:\/\/www.uv.mx\/personal\/rcalderon\/files\/2018\/04\/Radio_CASA_SEA_Roberto_DE_GASPERIN_64kb.mp3\">http:\/\/www.uv.mx\/personal\/rcalderon\/files\/2018\/04\/Radio_CASA_SEA_Roberto_DE_GASPERIN_64kb.mp3<\/a><\/audio>\n","protected":false},"excerpt":{"rendered":"<p>Roberto de Gasper\u00edn Sampieri, catedr\u00e1tico e investigador del Sistema de Ense\u00f1anza Abierta de la Universidad Veracruzana nos habla sobre algunas de sus obras publicadas, en su ya larga trayectoria como miembro de la comunidad acad\u00e9mica del SEA. Esta entrevista pese a ser realizada hace algunos a\u00f1os, realizada por el profesor Rodolfo Calder\u00f3n Vivar, no pierde&#8230;<\/p>\n","protected":false},"author":505,"featured_media":0,"comment_status":"closed","ping_status":"closed","sticky":false,"template":"","format":"standard","meta":{"footnotes":""},"categories":[4,8,7,9],"tags":[],"class_list":["post-300","post","type-post","status-publish","format-standard","hentry","category-miblog","category-rodolfo-calderon-vivar","category-sistema-de-educacion-multimodal","category-sistema-de-ensenanza-abierta"],"_links":{"self":[{"href":"https:\/\/www.uv.mx\/personal\/rcalderon\/wp-json\/wp\/v2\/posts\/300","targetHints":{"allow":["GET"]}}],"collection":[{"href":"https:\/\/www.uv.mx\/personal\/rcalderon\/wp-json\/wp\/v2\/posts"}],"about":[{"href":"https:\/\/www.uv.mx\/personal\/rcalderon\/wp-json\/wp\/v2\/types\/post"}],"author":[{"embeddable":true,"href":"https:\/\/www.uv.mx\/personal\/rcalderon\/wp-json\/wp\/v2\/users\/505"}],"replies":[{"embeddable":true,"href":"https:\/\/www.uv.mx\/personal\/rcalderon\/wp-json\/wp\/v2\/comments?post=300"}],"version-history":[{"count":0,"href":"https:\/\/www.uv.mx\/personal\/rcalderon\/wp-json\/wp\/v2\/posts\/300\/revisions"}],"wp:attachment":[{"href":"https:\/\/www.uv.mx\/personal\/rcalderon\/wp-json\/wp\/v2\/media?parent=300"}],"wp:term":[{"taxonomy":"category","embeddable":true,"href":"https:\/\/www.uv.mx\/personal\/rcalderon\/wp-json\/wp\/v2\/categories?post=300"},{"taxonomy":"post_tag","embeddable":true,"href":"https:\/\/www.uv.mx\/personal\/rcalderon\/wp-json\/wp\/v2\/tags?post=300"}],"curies":[{"name":"wp","href":"https:\/\/api.w.org\/{rel}","templated":true}]}}