{"id":62,"date":"2023-01-10T12:41:22","date_gmt":"2023-01-10T18:41:22","guid":{"rendered":"https:\/\/www.uv.mx\/personal\/rosareyes\/?p=62"},"modified":"2024-06-20T18:53:09","modified_gmt":"2024-06-20T23:53:09","slug":"cursos-diplomados-y-certificaciones","status":"publish","type":"post","link":"https:\/\/www.uv.mx\/personal\/rosareyes\/2023\/01\/10\/cursos-diplomados-y-certificaciones\/","title":{"rendered":"Actualizaci\u00f3n disciplinar y pedag\u00f3gica"},"content":{"rendered":"<p>Cursos disciplinares<\/p>\n<ul>\n<li>Webinar: Nutrici\u00f3n y Alimentaci\u00f3n{on Comunitaria Sostenible. 11 de noviembre al 09 de diciembre del 2022. Cd. de M\u00e9xico. Instituto Nacinoal de Ciencias M\u00e9dicas y Nutrici\u00f3n Salvador Zubir\u00e1n<\/li>\n<li>Simposio Nacional Virtual: Educaci\u00f3n Integral, Humana e Inclusiva para el nutri\u00f3logo. 27 de enero 2022. Xalapa, Veracruz. 10 horas.<\/li>\n<li>2do Congreso Internacional virtual: Alimentaci\u00f3n, Nutrici\u00f3n e Innovaci\u00f3n. 18-20 mayo 2022. 20 horas.<\/li>\n<li>Congreso virtual: Trastornos de la conducta alimentaria. 10 horas, 29 y 30 de enero 2022<\/li>\n<li>Congreso Internacional Virtual: El derecho a una alimentaci\u00f3n saludable e inclusiva: Trascendencia del Licenciado en Nutrici\u00f3n. 20 horas. 12-14 octubre 2022<\/li>\n<li>Taller metabolismo en cetosis. 21 de enero 2022.<\/li>\n<li>Curso-Taller de nutrici\u00f3n en deportes espec\u00edficos. 21 al 28 de enero 2021. 20 horas. Universidad Veracruzana<\/li>\n<li>Curso: La gu\u00eda del ayuno intermitente y la dieta cetog\u00e9nica. 11-13 de octubre 2021. 10 horas.<\/li>\n<li>1er Congreso virtual internacional: Alimentaci\u00f3n, Nutrici\u00f3n y Innovaci\u00f3n. 19-21 mayo 2021. Valor curricular : 20 horas<\/li>\n<li>Curso: ABC de la obesidad. 10 horas. 28 de junio 2020<\/li>\n<li>Curso: Lactancia y amamantamiento. Instituto Nacional de Salud P\u00fablica. Mayo 2018. 40 horas, 4 cr\u00e9ditos.<\/li>\n<\/ul>\n<p>Cursos pedag\u00f3gicos<\/p>\n<ul>\n<li>Curso- Taller: Eminus B\u00e1sico para el aprendizaje multimodal. 19 de junio al 07 de julio del 2017, 30 horas y 3 cr\u00e9ditos.<\/li>\n<li>Curso-Taller: Estrategias y recursos del trabajo tutorial. 26 al 30 de junio del 2017. 30 horas, 3 cr\u00e9dito<\/li>\n<li>Curso-Taller: Introducci\u00f3n a la tecnolog\u00eda Educativa. 26 de junio al 7 de julio del 2017. 45 horas, 4 cr\u00e9ditos.<\/li>\n<li>2do Congreso Cient\u00edfico Internacional sobre Nutrici\u00f3n en Salud: Actividad F\u00edsica e Imagen corporal. 23 y 24 de febrero 2018. 20 horas. 4 cr\u00e9ditos<\/li>\n<li>Curso-Taller: Dise\u00f1o de ambientes de aprendizaje basados en Tecnolog\u00eda Educativa. 29 de enero al 2 de febrero del 2018. 45 horas. \u00a04 cr\u00e9ditos<\/li>\n<li>Curso-Taller: Formaci\u00f3n Universitaria Integral. 22-26 de enero del 2018. 30 horas. 3 cr\u00e9ditos<\/li>\n<li>Curso- Taller: P\u00e1gina personal Institucional, Blogs y redes sociales. 2-6 julio 2018. 30 horas. 3 cr\u00e9ditos.<\/li>\n<li>Curso-Taller: La velocidad como base fundamental en el desarrollo del deportista. 11-13 de febrero 2019. Centro de Raqueta, Veracruz, Ver.<\/li>\n<li>Curso-Taller: Estrategias para el aseguramiento de la calidad educativa. 12 de noviembre del 2018 al 25 de enero del 2019. 50 horas. 4 cr\u00e9ditos<\/li>\n<li>Curso: Todo sobre la prevenci\u00f3n del Covid-19. 28 junio 2020<\/li>\n<li>Webinar: C\u00f3mo mejorar la experiencia online de los estudiantes utilizando customer journey map y service blueprint. 18 de junio 2020<\/li>\n<li>Curso-Taller: planeaci\u00f3n did\u00e1ctica en el marco institucional 31 de agosto al 30 de septiembre del 2020. 30 horas.<\/li>\n<li>Curso-taller: Investigaci\u00f3n en la pr\u00e1ctica docente. 28 de enero al 25 de febrero del 2020. 60 horas<\/li>\n<li>Foro internacional de inclusi\u00f3n en Educaci\u00f3n superior. 2 y 3 de diciembre 2021.<\/li>\n<li>Curso-Taller: Vivir la sustentabilidad en La UV. 17 de enero al 28 de enero del 2022. 30 horas<\/li>\n<li>Curso- Taller : dise\u00f1o de programas de experiencias educativas con pertinencia social. 24 de febrero al 17 de marzo del 2022. 45 horas.<\/li>\n<\/ul>\n<p>Diplomados<\/p>\n<ul>\n<li>Diplomado en Nutrici\u00f3n Bari\u00e1trica. ISEC. 120 horas. Septiembre 2022- Enero 2023<\/li>\n<li>Diplomado: Inmunonutrici\u00f3n Deportiva. 18 de enero al 06 de junio del 2020. 120 horas. Universidad Veracruzana. CESS<\/li>\n<li>Diplomado Liderazgo: Se un referente enfocado al Liderazgo Empresarial. 5 de julio al 1 de agosto 2019 . Boca del R\u00edo, Veracruz. Coparmex<\/li>\n<li>Diplomado en Nutrici\u00f3n aplicada al deporte. 8 octubre 2022-22 abril 2023. Instituto de Ciencias aplicadas al Rendimiento Deportivo. 150 horas<\/li>\n<li>Diplomado en S\u00edndrome metab\u00f3lico. 8 octubre 2022-22 abril 2023. Instituto de Ciencias aplicadas al Rendimiento Deportivo. 150 horas<\/li>\n<\/ul>\n","protected":false},"excerpt":{"rendered":"<p>Cursos disciplinares Webinar: Nutrici\u00f3n y Alimentaci\u00f3n{on Comunitaria Sostenible. 11 de noviembre al 09 de diciembre del 2022. Cd. de M\u00e9xico. Instituto Nacinoal de Ciencias M\u00e9dicas y Nutrici\u00f3n Salvador Zubir\u00e1n Simposio Nacional Virtual: Educaci\u00f3n Integral, Humana e Inclusiva para el nutri\u00f3logo. 27 de enero 2022. Xalapa, Veracruz. 10 horas. 2do Congreso Internacional virtual: Alimentaci\u00f3n, Nutrici\u00f3n e&#8230;<\/p>\n","protected":false},"author":2205,"featured_media":0,"comment_status":"closed","ping_status":"closed","sticky":false,"template":"","format":"standard","meta":{"footnotes":""},"categories":[4],"tags":[],"class_list":["post-62","post","type-post","status-publish","format-standard","hentry","category-miblog"],"_links":{"self":[{"href":"https:\/\/www.uv.mx\/personal\/rosareyes\/wp-json\/wp\/v2\/posts\/62","targetHints":{"allow":["GET"]}}],"collection":[{"href":"https:\/\/www.uv.mx\/personal\/rosareyes\/wp-json\/wp\/v2\/posts"}],"about":[{"href":"https:\/\/www.uv.mx\/personal\/rosareyes\/wp-json\/wp\/v2\/types\/post"}],"author":[{"embeddable":true,"href":"https:\/\/www.uv.mx\/personal\/rosareyes\/wp-json\/wp\/v2\/users\/2205"}],"replies":[{"embeddable":true,"href":"https:\/\/www.uv.mx\/personal\/rosareyes\/wp-json\/wp\/v2\/comments?post=62"}],"version-history":[{"count":2,"href":"https:\/\/www.uv.mx\/personal\/rosareyes\/wp-json\/wp\/v2\/posts\/62\/revisions"}],"predecessor-version":[{"id":110,"href":"https:\/\/www.uv.mx\/personal\/rosareyes\/wp-json\/wp\/v2\/posts\/62\/revisions\/110"}],"wp:attachment":[{"href":"https:\/\/www.uv.mx\/personal\/rosareyes\/wp-json\/wp\/v2\/media?parent=62"}],"wp:term":[{"taxonomy":"category","embeddable":true,"href":"https:\/\/www.uv.mx\/personal\/rosareyes\/wp-json\/wp\/v2\/categories?post=62"},{"taxonomy":"post_tag","embeddable":true,"href":"https:\/\/www.uv.mx\/personal\/rosareyes\/wp-json\/wp\/v2\/tags?post=62"}],"curies":[{"name":"wp","href":"https:\/\/api.w.org\/{rel}","templated":true}]}}