{"id":34,"date":"2020-11-18T12:18:13","date_gmt":"2020-11-18T18:18:13","guid":{"rendered":"http:\/\/www.uv.mx\/personal\/smendez\/?p=34"},"modified":"2020-11-18T12:18:13","modified_gmt":"2020-11-18T18:18:13","slug":"redes-de-investigacion","status":"publish","type":"post","link":"https:\/\/www.uv.mx\/personal\/smendez\/2020\/11\/18\/redes-de-investigacion\/","title":{"rendered":"Redes de Investigaci\u00f3n"},"content":{"rendered":"<p><strong>Participaci\u00f3n \u00a0y pertenencia a Cuerpos acad\u00e9micos,\u00a0 Redes y Asociaciones de Investigaci\u00f3n\u00a0<\/strong><\/p>\n<ul>\n<li>Cuerpo Acad\u00e9mico Consolidado: \u201cEstudios hist\u00f3ricos de la regi\u00f3n del Golfo en el siglo XIX y XX\u201d, U. . Xalapa, Ver., P-UVER-CA-70<\/li>\n<li>Co-fundadora de la Red de Historia Demogr\u00e1fica de M\u00e9xico.<\/li>\n<li>Red Viejas y Nuevas Enfermedades en Iberoam\u00e9rica de la Asociaci\u00f3n Latinoamericana de Poblaci\u00f3n (ALAP).<\/li>\n<li>Red de Historia de la familia de la Asociaci\u00f3n Latinoamericana de Poblaci\u00f3n (ALAP).<\/li>\n<li>Sociedad Mexicana de Demograf\u00eda.<\/li>\n<li>Red IN-HOPPE, R\u00e9seau th\u00e9matique et international de recherche de l\u2019INED, centr\u00e9 sur l\u2019approche pluridisciplinaire des populations du pass\u00e9, Paris, Fr.<\/li>\n<li>Miembro de la Commission Internationale de D\u00e9mographie Historique\/ International Commission for Historical Demography.<\/li>\n<li>Miembro de la Asociaci\u00f3n de Demograf\u00eda Hist\u00f3rica Espa\u00f1ola.<\/li>\n<li>Red Institucional Enfermedades, Epidemias y Contagios. Historia de la Salud y la Enfermedad en Argentina y M\u00e9xico. Universidad de la Pampa.<\/li>\n<\/ul>\n","protected":false},"excerpt":{"rendered":"<p>Participaci\u00f3n \u00a0y pertenencia a Cuerpos acad\u00e9micos,\u00a0 Redes y Asociaciones de Investigaci\u00f3n\u00a0 Cuerpo Acad\u00e9mico Consolidado: \u201cEstudios hist\u00f3ricos de la regi\u00f3n del Golfo en el siglo XIX y XX\u201d, U. . Xalapa, Ver., P-UVER-CA-70 Co-fundadora de la Red de Historia Demogr\u00e1fica de M\u00e9xico. Red Viejas y Nuevas Enfermedades en Iberoam\u00e9rica de la Asociaci\u00f3n Latinoamericana de Poblaci\u00f3n (ALAP)&#8230;.<\/p>\n","protected":false},"author":214,"featured_media":0,"comment_status":"closed","ping_status":"closed","sticky":false,"template":"","format":"standard","meta":{"footnotes":""},"categories":[4],"tags":[],"class_list":["post-34","post","type-post","status-publish","format-standard","hentry","category-miblog"],"_links":{"self":[{"href":"https:\/\/www.uv.mx\/personal\/smendez\/wp-json\/wp\/v2\/posts\/34","targetHints":{"allow":["GET"]}}],"collection":[{"href":"https:\/\/www.uv.mx\/personal\/smendez\/wp-json\/wp\/v2\/posts"}],"about":[{"href":"https:\/\/www.uv.mx\/personal\/smendez\/wp-json\/wp\/v2\/types\/post"}],"author":[{"embeddable":true,"href":"https:\/\/www.uv.mx\/personal\/smendez\/wp-json\/wp\/v2\/users\/214"}],"replies":[{"embeddable":true,"href":"https:\/\/www.uv.mx\/personal\/smendez\/wp-json\/wp\/v2\/comments?post=34"}],"version-history":[{"count":1,"href":"https:\/\/www.uv.mx\/personal\/smendez\/wp-json\/wp\/v2\/posts\/34\/revisions"}],"predecessor-version":[{"id":192,"href":"https:\/\/www.uv.mx\/personal\/smendez\/wp-json\/wp\/v2\/posts\/34\/revisions\/192"}],"wp:attachment":[{"href":"https:\/\/www.uv.mx\/personal\/smendez\/wp-json\/wp\/v2\/media?parent=34"}],"wp:term":[{"taxonomy":"category","embeddable":true,"href":"https:\/\/www.uv.mx\/personal\/smendez\/wp-json\/wp\/v2\/categories?post=34"},{"taxonomy":"post_tag","embeddable":true,"href":"https:\/\/www.uv.mx\/personal\/smendez\/wp-json\/wp\/v2\/tags?post=34"}],"curies":[{"name":"wp","href":"https:\/\/api.w.org\/{rel}","templated":true}]}}