{"id":123,"date":"2024-06-19T14:50:45","date_gmt":"2024-06-19T19:50:45","guid":{"rendered":"https:\/\/www.uv.mx\/personal\/ycalderon\/?p=123"},"modified":"2024-06-19T14:50:55","modified_gmt":"2024-06-19T19:50:55","slug":"certificaciones-profesionales","status":"publish","type":"post","link":"https:\/\/www.uv.mx\/personal\/ycalderon\/2024\/06\/19\/certificaciones-profesionales\/","title":{"rendered":"Certificaciones Profesionales"},"content":{"rendered":"<p>\u00abCertificaci\u00f3n Internacional en Calidad en Servicios de Alimentaci\u00f3n y Nutrici\u00f3n\u201d.<\/p>\n","protected":false},"excerpt":{"rendered":"<p>\u00abCertificaci\u00f3n Internacional en Calidad en Servicios de Alimentaci\u00f3n y Nutrici\u00f3n\u201d.<\/p>\n","protected":false},"author":2202,"featured_media":0,"comment_status":"closed","ping_status":"closed","sticky":false,"template":"","format":"standard","meta":{"footnotes":""},"categories":[4],"tags":[],"class_list":["post-123","post","type-post","status-publish","format-standard","hentry","category-blog-personal"],"_links":{"self":[{"href":"https:\/\/www.uv.mx\/personal\/ycalderon\/wp-json\/wp\/v2\/posts\/123","targetHints":{"allow":["GET"]}}],"collection":[{"href":"https:\/\/www.uv.mx\/personal\/ycalderon\/wp-json\/wp\/v2\/posts"}],"about":[{"href":"https:\/\/www.uv.mx\/personal\/ycalderon\/wp-json\/wp\/v2\/types\/post"}],"author":[{"embeddable":true,"href":"https:\/\/www.uv.mx\/personal\/ycalderon\/wp-json\/wp\/v2\/users\/2202"}],"replies":[{"embeddable":true,"href":"https:\/\/www.uv.mx\/personal\/ycalderon\/wp-json\/wp\/v2\/comments?post=123"}],"version-history":[{"count":2,"href":"https:\/\/www.uv.mx\/personal\/ycalderon\/wp-json\/wp\/v2\/posts\/123\/revisions"}],"predecessor-version":[{"id":131,"href":"https:\/\/www.uv.mx\/personal\/ycalderon\/wp-json\/wp\/v2\/posts\/123\/revisions\/131"}],"wp:attachment":[{"href":"https:\/\/www.uv.mx\/personal\/ycalderon\/wp-json\/wp\/v2\/media?parent=123"}],"wp:term":[{"taxonomy":"category","embeddable":true,"href":"https:\/\/www.uv.mx\/personal\/ycalderon\/wp-json\/wp\/v2\/categories?post=123"},{"taxonomy":"post_tag","embeddable":true,"href":"https:\/\/www.uv.mx\/personal\/ycalderon\/wp-json\/wp\/v2\/tags?post=123"}],"curies":[{"name":"wp","href":"https:\/\/api.w.org\/{rel}","templated":true}]}}