{"id":100050,"date":"2021-07-13T08:00:29","date_gmt":"2021-07-13T13:00:29","guid":{"rendered":"https:\/\/www.uv.mx\/prensa\/?p=100050"},"modified":"2021-07-14T13:42:39","modified_gmt":"2021-07-14T18:42:39","slug":"iieses-imparte-seminario-sobre-estudio-de-textos-escolares","status":"publish","type":"post","link":"https:\/\/www.uv.mx\/prensa\/general\/iieses-imparte-seminario-sobre-estudio-de-textos-escolares\/","title":{"rendered":"IIESES imparte seminario sobre estudio de textos escolares"},"content":{"rendered":"<ul>\n<li data-leveltext=\"\uf0b7\" data-font=\"Symbol\" data-listid=\"1\" data-aria-posinset=\"1\" data-aria-level=\"1\"><i><span data-contrast=\"auto\">Se enfoca en la producci\u00f3n de los egresados normalistas de fines del siglo XIX y primeras d\u00e9cadas del XX, para conocer sus intereses pol\u00edticos y pedag\u00f3gicos<\/span><\/i><span data-ccp-props=\"{&quot;134233279&quot;:true,&quot;201341983&quot;:0,&quot;335559739&quot;:160,&quot;335559740&quot;:240}\">\u00a0<\/span><\/li>\n<li data-leveltext=\"\uf0b7\" data-font=\"Symbol\" data-listid=\"1\" data-aria-posinset=\"2\" data-aria-level=\"1\"><i><span data-contrast=\"auto\">La organizaci\u00f3n de este seminario da continuidad a otro realizado en torno a las producciones intelectuales de normalistas en la \u00e9poca del Porfiriato<\/span><\/i><span data-ccp-props=\"{&quot;134233279&quot;:true,&quot;201341983&quot;:0,&quot;335559739&quot;:160,&quot;335559740&quot;:240}\">\u00a0<\/span><\/li>\n<\/ul>\n<p>&nbsp;<\/p>\n<div id=\"attachment_100052\" style=\"width: 732px\" class=\"wp-caption aligncenter\"><a href=\"https:\/\/www.uv.mx\/prensa\/files\/2021\/07\/090721-PAOLA-Seminario-IIESES-1.jpg\"><img aria-describedby=\"caption-attachment-100052\" decoding=\"async\" loading=\"lazy\" class=\"size-full wp-image-100052\" src=\"https:\/\/www.uv.mx\/prensa\/files\/2021\/07\/090721-PAOLA-Seminario-IIESES-1.jpg\" alt=\"\" width=\"722\" height=\"481\" srcset=\"https:\/\/www.uv.mx\/prensa\/files\/2021\/07\/090721-PAOLA-Seminario-IIESES-1.jpg 722w, https:\/\/www.uv.mx\/prensa\/files\/2021\/07\/090721-PAOLA-Seminario-IIESES-1-300x200.jpg 300w\" sizes=\"(max-width: 722px) 100vw, 722px\" \/><\/a><p id=\"caption-attachment-100052\" class=\"wp-caption-text\">El IIESES imparte la segunda edici\u00f3n del Seminario \u201cCultura escolar y pr\u00e1ctica docente\u201d<\/p><\/div>\n<p>&nbsp;<\/p>\n<p><b><i><span data-contrast=\"auto\">Paola Cort\u00e9s P\u00e9rez<\/span><\/i><\/b><span data-ccp-props=\"{&quot;201341983&quot;:0,&quot;335559739&quot;:160,&quot;335559740&quot;:240}\">\u00a0<\/span><\/p>\n<p><b><i><span data-contrast=\"auto\">13\/07\/2021, Xalapa, Ver.-<\/span><\/i><\/b><span data-contrast=\"auto\"> El <a href=\"https:\/\/www.uv.mx\/iieses\/\" target=\"_blank\" rel=\"noopener\">Instituto de Investigaciones y de Estudios Superiores y Econ\u00f3micos Sociales<\/a> (IIESES) de la Universidad Veracruzana (UV) lleva a cabo el II Seminario \u201cCultura escolar y pr\u00e1ctica docente: textos escolares de profesores\/as normalistas en M\u00e9xico 1876-1940\u201d, que tiene por objetivo conocer los testimonios de los intelectuales normalistas y la cultura cient\u00edfica y escolar de la \u00e9poca.<\/span><span data-ccp-props=\"{&quot;201341983&quot;:0,&quot;335559739&quot;:160,&quot;335559740&quot;:240}\">\u00a0<\/span><\/p>\n<p><span data-contrast=\"auto\">Ana Mar\u00eda Garc\u00eda Garc\u00eda, docente de la Facultad de Historia de la UV, explic\u00f3 que en las diversas etapas de la historia de la humanidad los textos escolares han sido instrumento de apoyo para los docentes y estudiantes; gracias a ellos se tienen conocimientos, valores, criterios y pueden utilizarse como fuente de estudio.<\/span><span data-ccp-props=\"{&quot;201341983&quot;:0,&quot;335559731&quot;:708,&quot;335559739&quot;:160,&quot;335559740&quot;:240}\">\u00a0<\/span><\/p>\n<p><span data-contrast=\"auto\">Al seminario \u2013que concluye el 16 de agosto\u2013 asisten profesores de otras universidades y de escuelas normales del pa\u00eds, estudiantes de posgrado y licenciatura, as\u00ed como p\u00fablico en general, interesados en el estudio de la producci\u00f3n de los egresados normalistas de fines del siglo XIX y primeras d\u00e9cadas del XX, para conocer sus intereses pol\u00edticos y pedag\u00f3gicos, c\u00f3mo quer\u00edan reproducir los valores de la \u00e9poca y c\u00f3mo aprend\u00edan los educandos.<\/span><span data-ccp-props=\"{&quot;201341983&quot;:0,&quot;335559731&quot;:708,&quot;335559739&quot;:160,&quot;335559740&quot;:240}\">\u00a0<\/span><\/p>\n<p>&nbsp;<\/p>\n<div id=\"attachment_100053\" style=\"width: 732px\" class=\"wp-caption aligncenter\"><a href=\"https:\/\/www.uv.mx\/prensa\/files\/2021\/07\/090721-PAOLA-Seminario-IIESES-2.jpg\"><img aria-describedby=\"caption-attachment-100053\" decoding=\"async\" loading=\"lazy\" class=\"size-full wp-image-100053\" src=\"https:\/\/www.uv.mx\/prensa\/files\/2021\/07\/090721-PAOLA-Seminario-IIESES-2.jpg\" alt=\"\" width=\"722\" height=\"481\" srcset=\"https:\/\/www.uv.mx\/prensa\/files\/2021\/07\/090721-PAOLA-Seminario-IIESES-2.jpg 722w, https:\/\/www.uv.mx\/prensa\/files\/2021\/07\/090721-PAOLA-Seminario-IIESES-2-300x200.jpg 300w\" sizes=\"(max-width: 722px) 100vw, 722px\" \/><\/a><p id=\"caption-attachment-100053\" class=\"wp-caption-text\">En el seminario se discute la importancia de los libros y manuales escolares como instrumentos formativos para el proyecto civilizatorio de la \u00e9poca<\/p><\/div>\n<p>&nbsp;<\/p>\n<p><span data-contrast=\"auto\">\u201cLa organizaci\u00f3n de este seminario da continuidad a otro realizado en torno a las producciones intelectuales de las y los normalistas en la \u00e9poca del Porfiriato.<\/span><span data-ccp-props=\"{&quot;201341983&quot;:0,&quot;335559731&quot;:708,&quot;335559739&quot;:160,&quot;335559740&quot;:240}\">\u00a0<\/span><\/p>\n<p><span data-contrast=\"auto\">\u201dYa desde junio de 2020, un grupo interdisciplinario de diversas instituciones de educaci\u00f3n superior nos reunimos para analizar las disertaciones de normalistas para obtener el t\u00edtulo de profesor de primaria elemental y profesor de primaria superior.\u201d<\/span><span data-ccp-props=\"{&quot;201341983&quot;:0,&quot;335559731&quot;:708,&quot;335559739&quot;:160,&quot;335559740&quot;:240}\">\u00a0<\/span><\/p>\n<p><span data-contrast=\"auto\">En esta edici\u00f3n, reiter\u00f3, discutir\u00e1n sobre la importancia de los libros y manuales escolares, en tanto recurso did\u00e1ctico, como instrumentos formativos para el proyecto civilizatorio de la \u00e9poca.<\/span><span data-ccp-props=\"{&quot;201341983&quot;:0,&quot;335559731&quot;:708,&quot;335559739&quot;:160,&quot;335559740&quot;:240}\">\u00a0<\/span><\/p>\n<p><span data-contrast=\"auto\">\u201cA trav\u00e9s de la historia material, el libro de texto es un reflejo del funcionamiento de la escuela y de la cultura escolar; la relevancia del seminario radica en el estudio y discusi\u00f3n del rescate de la producci\u00f3n de textos de los egresados de las escuelas normales m\u00e1s importantes de la \u00e9poca, como fueron la hoy Benem\u00e9rita Escuela Normal de Xalapa, la Escuela Normal de Profesores y Profesoras de M\u00e9xico, de Puebla, y de otros estados.\u201d<\/span><span data-ccp-props=\"{&quot;201341983&quot;:0,&quot;335559731&quot;:708,&quot;335559739&quot;:160,&quot;335559740&quot;:240}\">\u00a0<\/span><\/p>\n<p><span data-contrast=\"auto\">Mencion\u00f3 que participan especialistas en estas tem\u00e1ticas, quienes se apoyar\u00e1n en diversas lecturas sobre la copiosa producci\u00f3n de profesores y profesoras como: Luc\u00eda Mart\u00ednez Moctezuma, Rosal\u00eda Men\u00edndez Mart\u00ednez, Ana Mar\u00eda del Socorro Garc\u00eda Garc\u00eda, Norma Guti\u00e9rrez Hern\u00e1ndez, Oliva Sol\u00eds Hern\u00e1ndez, Jenny Zapata de la Cruz, Julieta Arcos Chigo y Pablo Mart\u00ednez Carmona.<\/span><span data-ccp-props=\"{&quot;201341983&quot;:0,&quot;335559731&quot;:708,&quot;335559739&quot;:160,&quot;335559740&quot;:240}\">\u00a0<\/span><\/p>\n","protected":false},"excerpt":{"rendered":"<p>Se enfoca en la producci\u00f3n de los egresados normalistas de fines del siglo XIX y primeras d\u00e9cadas del XX, para conocer sus intereses pol\u00edticos y pedag\u00f3gicos <\/p>\n","protected":false},"author":1508,"featured_media":100053,"comment_status":"closed","ping_status":"closed","sticky":false,"template":"","format":"standard","meta":[],"categories":[1],"tags":[],"_links":{"self":[{"href":"https:\/\/www.uv.mx\/prensa\/wp-json\/wp\/v2\/posts\/100050"}],"collection":[{"href":"https:\/\/www.uv.mx\/prensa\/wp-json\/wp\/v2\/posts"}],"about":[{"href":"https:\/\/www.uv.mx\/prensa\/wp-json\/wp\/v2\/types\/post"}],"author":[{"embeddable":true,"href":"https:\/\/www.uv.mx\/prensa\/wp-json\/wp\/v2\/users\/1508"}],"replies":[{"embeddable":true,"href":"https:\/\/www.uv.mx\/prensa\/wp-json\/wp\/v2\/comments?post=100050"}],"version-history":[{"count":1,"href":"https:\/\/www.uv.mx\/prensa\/wp-json\/wp\/v2\/posts\/100050\/revisions"}],"predecessor-version":[{"id":100117,"href":"https:\/\/www.uv.mx\/prensa\/wp-json\/wp\/v2\/posts\/100050\/revisions\/100117"}],"wp:featuredmedia":[{"embeddable":true,"href":"https:\/\/www.uv.mx\/prensa\/wp-json\/wp\/v2\/media\/100053"}],"wp:attachment":[{"href":"https:\/\/www.uv.mx\/prensa\/wp-json\/wp\/v2\/media?parent=100050"}],"wp:term":[{"taxonomy":"category","embeddable":true,"href":"https:\/\/www.uv.mx\/prensa\/wp-json\/wp\/v2\/categories?post=100050"},{"taxonomy":"post_tag","embeddable":true,"href":"https:\/\/www.uv.mx\/prensa\/wp-json\/wp\/v2\/tags?post=100050"}],"curies":[{"name":"wp","href":"https:\/\/api.w.org\/{rel}","templated":true}]}}