{"id":100275,"date":"2021-08-02T08:00:44","date_gmt":"2021-08-02T13:00:44","guid":{"rendered":"https:\/\/www.uv.mx\/prensa\/?p=100275"},"modified":"2021-08-13T15:17:43","modified_gmt":"2021-08-13T20:17:43","slug":"uv-ha-afrontado-la-modalidad-virtual-sin-inconvenientes-dgti","status":"publish","type":"post","link":"https:\/\/www.uv.mx\/prensa\/tecnologia\/uv-ha-afrontado-la-modalidad-virtual-sin-inconvenientes-dgti\/","title":{"rendered":"UV ha afrontado la modalidad virtual sin inconvenientes: DGTI"},"content":{"rendered":"<ul>\n<li data-leveltext=\"\uf0b7\" data-font=\"Symbol\" data-listid=\"2\" data-aria-posinset=\"1\" data-aria-level=\"1\"><a href=\"https:\/\/www.uv.mx\/plataformasacademicas\/)\" target=\"_blank\" rel=\"noopener\"><i><span data-contrast=\"none\">\u201cPlataformas de apoyo acad\u00e9mico y difusi\u00f3n del conocimiento\u201d<\/span><\/i><\/a><i><span data-contrast=\"auto\"> re\u00fane a <\/span><\/i><span data-contrast=\"auto\">Lienzos<\/span><i><span data-contrast=\"auto\">, <\/span><\/i><span data-contrast=\"auto\">Eminus<\/span><i><span data-contrast=\"auto\"> y <\/span><\/i><span data-contrast=\"auto\">Lumen<\/span><span data-ccp-props=\"{&quot;134233279&quot;:true}\">\u00a0<\/span><\/li>\n<\/ul>\n<p>&nbsp;<\/p>\n<p>&nbsp;<\/p>\n<div id=\"attachment_100278\" style=\"width: 731px\" class=\"wp-caption aligncenter\"><a href=\"https:\/\/www.uv.mx\/prensa\/files\/2021\/08\/020821-DGTI-1.jpg\"><img aria-describedby=\"caption-attachment-100278\" decoding=\"async\" loading=\"lazy\" class=\"size-full wp-image-100278\" src=\"https:\/\/www.uv.mx\/prensa\/files\/2021\/08\/020821-DGTI-1.jpg\" alt=\"\" width=\"721\" height=\"481\" srcset=\"https:\/\/www.uv.mx\/prensa\/files\/2021\/08\/020821-DGTI-1.jpg 721w, https:\/\/www.uv.mx\/prensa\/files\/2021\/08\/020821-DGTI-1-300x200.jpg 300w\" sizes=\"(max-width: 721px) 100vw, 721px\" \/><\/a><p id=\"caption-attachment-100278\" class=\"wp-caption-text\">La DGTI <span data-contrast=\"auto\">impulsa proyectos para dejar mucho m\u00e1s fortalecido el tema de la tecnolog\u00eda en la UV, se\u00f1al\u00f3<\/span> Juan Carlos Jim\u00e9nez<\/p><\/div>\n<p>&nbsp;<\/p>\n<p><b><i><span data-contrast=\"auto\">Karina de la Paz Reyes D\u00edaz<\/span><\/i><\/b><span data-ccp-props=\"{}\">\u00a0<\/span><\/p>\n<p><b><i><span data-contrast=\"auto\">02\/08\/2021, Xalapa, Ver.-<\/span><\/i><\/b><span data-contrast=\"auto\"> Juan Carlos Jim\u00e9nez M\u00e1rquez, titular de la <a href=\"https:\/\/www.uv.mx\/dgti\/\" target=\"_blank\" rel=\"noopener\">Direcci\u00f3n General de Tecnolog\u00eda de Informaci\u00f3n<\/a> (DGTI) de la Universidad Veracruzana (UV), inform\u00f3 que desde el inicio del confinamiento por la pandemia Covid-19 y hasta la fecha, la instituci\u00f3n ha afrontado sin inconvenientes la modalidad virtual, tanto en t\u00e9rminos acad\u00e9micos como administrativos.<\/span><span data-ccp-props=\"{}\">\u00a0<\/span><\/p>\n<p><span data-contrast=\"auto\">Es m\u00e1s, \u201cestamos impulsando proyectos para que el \u00faltimo d\u00eda de agosto, que es el compromiso que tenemos con la rectora Sara Ladr\u00f3n de Guevara, dejemos mucho m\u00e1s fortalecido el tema de la tecnolog\u00eda\u201d, adelant\u00f3 el funcionario universitario.<\/span><span data-ccp-props=\"{}\">\u00a0<\/span><\/p>\n<p><span data-contrast=\"auto\">Un ejemplo de esto es la habilitaci\u00f3n de enlaces de Internet con radiofrecuencia para dos sedes de la Universidad Veracruzana Intercultural (UVI): Totonacapan y Las Selvas. Justific\u00f3 que los operadores de Internet no ofrecen servicios de mayor ancho de banda en esas regiones de la entidad (ubicadas en el norte y sur, respectivamente); les requiri\u00f3 un an\u00e1lisis y acciones encaminadas a habilitar \u201ccon mucho m\u00e1s ancho de banda de lo que hubi\u00e9ramos podido imaginar\u201d.<\/span><span data-ccp-props=\"{}\">\u00a0<\/span><\/p>\n<p><span data-contrast=\"auto\">Aclar\u00f3 que en las dos restantes hasta el momento no hay condiciones, por las denominadas l\u00edneas de vista, para t\u00e9cnicamente \u201ctriangular\u201d y proveer del servicio, \u201cpero al menos en dos UVI se hizo el esfuerzo administrativo con el apoyo de la Rectora\u201d.<\/span><span data-ccp-props=\"{}\">\u00a0<\/span><\/p>\n<p><span data-contrast=\"auto\">Jim\u00e9nez M\u00e1rquez asumi\u00f3 el cargo en enero de 2018, a partir de esa fecha se aboc\u00f3, junto con su equipo de trabajo, a potenciar el rubro de la tecnolog\u00eda de la informaci\u00f3n, con base en todo lo manejado con anterioridad. \u00c9se fue un a\u00f1o \u201cbastante acelerado en todos los sentidos para ir fortaleciendo, mejorando y ampliando los servicios institucionales\u201d.<\/span><span data-ccp-props=\"{&quot;335559731&quot;:708}\">\u00a0<\/span><\/p>\n<p><span data-contrast=\"auto\">A decir del funcionario de la Secretar\u00eda de Desarrollo Institucional, \u201cafortunada o desafortunadamente, dependiendo de c\u00f3mo uno lo quiera visualizar\u201d, en 2020 se hicieron m\u00e1s que presentes las fortalezas en las que trabajaron durante 2018 y 2019.<\/span><span data-ccp-props=\"{}\">\u00a0<\/span><\/p>\n<p><span data-contrast=\"auto\">\u201cEl transitar a un tema de educaci\u00f3n en l\u00ednea y trabajo en l\u00ednea, todo de manera remota, fue \u2018pr\u00e1ctico y sencillo\u2019, por ponerle un t\u00e9rmino, en el sentido de que ya ten\u00edamos todo preparado.\u201d<\/span><span data-ccp-props=\"{}\">\u00a0<\/span><\/p>\n<p><span data-contrast=\"auto\">Cabe recordar que en febrero de este a\u00f1o se inform\u00f3 del<\/span><a href=\"https:\/\/www.uv.mx\/prensa\/banner\/uv-presento-plataformas-academicas-ecosistema-educativo-en-linea\/\"><span data-contrast=\"none\"> desarrollo de un ecosistema<\/span><\/a><span data-contrast=\"auto\"> de plataformas que incorpora herramientas de tecnolog\u00edas de la informaci\u00f3n para la gesti\u00f3n del conocimiento con componentes de interactividad que permiten el intercambio de \u00e9ste: <\/span><a href=\"https:\/\/www.uv.mx\/plataformasacademicas\/)\"><span data-contrast=\"none\">\u201cPlataformas de apoyo acad\u00e9mico y difusi\u00f3n del conocimiento\u201d<\/span><\/a><span data-contrast=\"auto\">, que re\u00fane a <\/span><i><span data-contrast=\"auto\">Lienzos<\/span><\/i><span data-contrast=\"auto\">, <\/span><i><span data-contrast=\"auto\">Eminus<\/span><\/i><span data-contrast=\"auto\"> y <\/span><i><span data-contrast=\"auto\">Lumen<\/span><\/i><span data-contrast=\"auto\">.<\/span><span data-ccp-props=\"{}\">\u00a0<\/span><\/p>\n<p><span data-contrast=\"auto\">\u201cEl habilitar servicios \u2013que por un lado eran plataformas como <\/span><i><span data-contrast=\"auto\">Eminus<\/span><\/i><span data-contrast=\"auto\">, <\/span><i><span data-contrast=\"auto\">Lienzos<\/span><\/i><span data-contrast=\"auto\"> y <\/span><i><span data-contrast=\"auto\">Lumen<\/span><\/i><span data-contrast=\"auto\">\u2013 permiti\u00f3 a la parte acad\u00e9mica seguir operando y que los docentes tuvieran contacto con sus estudiantes (actividades, ex\u00e1menes y todo lo que conlleva).<\/span><span data-ccp-props=\"{}\">\u00a0<\/span><\/p>\n<p><span data-contrast=\"auto\">\u201dPero tambi\u00e9n, de manera paralela, el habilitar los trabajos administrativos, porque el personal se tuvo que ir a su casa y habilitamos todo el acceso remoto, con todas las seguridades necesarias para que pudieran seguir laborando y utilizando los sistemas que, de alguna u otra manera, siempre han estado ah\u00ed disponibles.\u201d<\/span><span data-ccp-props=\"{&quot;335559731&quot;:708}\">\u00a0<\/span><\/p>\n<p><span data-contrast=\"auto\">A decir del funcionario universitario, es de destacarse el trabajo de la DGTI, al atender al personal acad\u00e9mico, administrativo y el alumnado, una poblaci\u00f3n de 90 mil miembros, otorgando servicios como correo electr\u00f3nico, acceso remoto y sistemas de informaci\u00f3n.<\/span><span data-ccp-props=\"{}\">\u00a0<\/span><\/p>\n<p><span data-contrast=\"auto\">\u201cSemanalmente entregamos reportes de c\u00f3mo es que estamos dando el apoyo y realmente es impresionante la cantidad de accesos que tenemos a los portales: a Mi UV, <\/span><i><span data-contrast=\"auto\">Eminus<\/span><\/i><span data-contrast=\"auto\">, <\/span><i><span data-contrast=\"auto\">Lumen<\/span><\/i><span data-contrast=\"auto\">, <\/span><i><span data-contrast=\"auto\">Lienzos<\/span><\/i><span data-contrast=\"auto\">. Ah\u00ed se demuestra c\u00f3mo se ha ido incrementando su uso, plataformas que, precisamente por la pandemia, dejaremos mucho m\u00e1s s\u00f3lidas, pensando en algo m\u00e1s mixto o h\u00edbrido, en alg\u00fan momento.\u201d<\/span><span data-ccp-props=\"{}\">\u00a0<\/span><\/p>\n","protected":false},"excerpt":{"rendered":"<p>Transitar a la educaci\u00f3n y el trabajo en l\u00ednea fue pr\u00e1ctico y sencillo, ya que la instituci\u00f3n estaba preparada, destac\u00f3 Juan Carlos Jim\u00e9nez, director general de Tecnolog\u00eda de Informaci\u00f3n <\/p>\n","protected":false},"author":1508,"featured_media":100279,"comment_status":"closed","ping_status":"closed","sticky":false,"template":"","format":"standard","meta":[],"categories":[61,51],"tags":[],"_links":{"self":[{"href":"https:\/\/www.uv.mx\/prensa\/wp-json\/wp\/v2\/posts\/100275"}],"collection":[{"href":"https:\/\/www.uv.mx\/prensa\/wp-json\/wp\/v2\/posts"}],"about":[{"href":"https:\/\/www.uv.mx\/prensa\/wp-json\/wp\/v2\/types\/post"}],"author":[{"embeddable":true,"href":"https:\/\/www.uv.mx\/prensa\/wp-json\/wp\/v2\/users\/1508"}],"replies":[{"embeddable":true,"href":"https:\/\/www.uv.mx\/prensa\/wp-json\/wp\/v2\/comments?post=100275"}],"version-history":[{"count":1,"href":"https:\/\/www.uv.mx\/prensa\/wp-json\/wp\/v2\/posts\/100275\/revisions"}],"predecessor-version":[{"id":100557,"href":"https:\/\/www.uv.mx\/prensa\/wp-json\/wp\/v2\/posts\/100275\/revisions\/100557"}],"wp:featuredmedia":[{"embeddable":true,"href":"https:\/\/www.uv.mx\/prensa\/wp-json\/wp\/v2\/media\/100279"}],"wp:attachment":[{"href":"https:\/\/www.uv.mx\/prensa\/wp-json\/wp\/v2\/media?parent=100275"}],"wp:term":[{"taxonomy":"category","embeddable":true,"href":"https:\/\/www.uv.mx\/prensa\/wp-json\/wp\/v2\/categories?post=100275"},{"taxonomy":"post_tag","embeddable":true,"href":"https:\/\/www.uv.mx\/prensa\/wp-json\/wp\/v2\/tags?post=100275"}],"curies":[{"name":"wp","href":"https:\/\/api.w.org\/{rel}","templated":true}]}}