{"id":100399,"date":"2021-08-10T12:15:22","date_gmt":"2021-08-10T17:15:22","guid":{"rendered":"https:\/\/www.uv.mx\/prensa\/?p=100399"},"modified":"2021-08-13T15:06:57","modified_gmt":"2021-08-13T20:06:57","slug":"areas-academicas-sea-y-uvi-dieron-bienvenida-a-estudiantes-de-nuevo-ingreso","status":"publish","type":"post","link":"https:\/\/www.uv.mx\/prensa\/banner\/areas-academicas-sea-y-uvi-dieron-bienvenida-a-estudiantes-de-nuevo-ingreso\/","title":{"rendered":"\u00c1reas acad\u00e9micas,\u00a0SEA\u00a0y\u00a0UVI\u00a0dieron\u00a0bienvenida a\u00a0estudiantes\u00a0de nuevo ingreso\u00a0"},"content":{"rendered":"<ul>\n<li data-leveltext=\"\uf0b7\" data-font=\"Symbol\" data-listid=\"1\" data-aria-posinset=\"1\" data-aria-level=\"1\"><i><span data-contrast=\"auto\">La bienvenida se\u00a0transmiti\u00f3\u00a0de manera simult\u00e1nea en las p\u00e1ginas de\u00a0<\/span><\/i><span data-contrast=\"auto\">Facebook\u00a0<\/span><i><span data-contrast=\"auto\">de las entidades acad\u00e9micas y fueron compartidas por la de Secretar\u00eda Acad\u00e9mica<\/span><\/i><span data-ccp-props=\"{&quot;134233279&quot;:true}\">\u00a0<\/span><\/li>\n<li data-leveltext=\"\uf0b7\" data-font=\"Symbol\" data-listid=\"1\" data-aria-posinset=\"2\" data-aria-level=\"1\"><i><span data-contrast=\"auto\">Se destac\u00f3\u00a0la educaci\u00f3n\u00a0integral y\u00a0de calidad que la instituci\u00f3n\u00a0ofrece<\/span><\/i><span data-ccp-props=\"{&quot;134233279&quot;:true}\">\u00a0<\/span><\/li>\n<\/ul>\n<p><span data-ccp-props=\"{}\">\u00a0<\/span><\/p>\n<div id='gallery-1' class='gallery galleryid-100399 gallery-columns-2 gallery-size-full'><dl class='gallery-item'>\n\t\t\t<dt class='gallery-icon landscape'>\n\t\t\t\t<a href='https:\/\/www.uv.mx\/prensa\/files\/2021\/08\/090821-KARINA-Bienvenida-1.jpg'><img width=\"722\" height=\"405\" src=\"https:\/\/www.uv.mx\/prensa\/files\/2021\/08\/090821-KARINA-Bienvenida-1.jpg\" class=\"attachment-full size-full\" alt=\"\" decoding=\"async\" loading=\"lazy\" aria-describedby=\"gallery-1-100400\" srcset=\"https:\/\/www.uv.mx\/prensa\/files\/2021\/08\/090821-KARINA-Bienvenida-1.jpg 722w, https:\/\/www.uv.mx\/prensa\/files\/2021\/08\/090821-KARINA-Bienvenida-1-300x168.jpg 300w\" sizes=\"(max-width: 722px) 100vw, 722px\" \/><\/a>\n\t\t\t<\/dt>\n\t\t\t\t<dd class='wp-caption-text gallery-caption' id='gallery-1-100400'>\n\t\t\t\tMiguel Flores, director del \u00c1rea Acad\u00e9mica de Artes\n\t\t\t\t<\/dd><\/dl><dl class='gallery-item'>\n\t\t\t<dt class='gallery-icon landscape'>\n\t\t\t\t<a href='https:\/\/www.uv.mx\/prensa\/files\/2021\/08\/090821-KARINA-Bienvenida-2.jpg'><img width=\"722\" height=\"408\" src=\"https:\/\/www.uv.mx\/prensa\/files\/2021\/08\/090821-KARINA-Bienvenida-2.jpg\" class=\"attachment-full size-full\" alt=\"\" decoding=\"async\" loading=\"lazy\" aria-describedby=\"gallery-1-100401\" srcset=\"https:\/\/www.uv.mx\/prensa\/files\/2021\/08\/090821-KARINA-Bienvenida-2.jpg 722w, https:\/\/www.uv.mx\/prensa\/files\/2021\/08\/090821-KARINA-Bienvenida-2-300x170.jpg 300w\" sizes=\"(max-width: 722px) 100vw, 722px\" \/><\/a>\n\t\t\t<\/dt>\n\t\t\t\t<dd class='wp-caption-text gallery-caption' id='gallery-1-100401'>\n\t\t\t\tDomingo Canales,\u00a0director general del \u00c1rea Acad\u00e9mica de Ciencias Biol\u00f3gicas y Agropecuarias\u00a0\n\t\t\t\t<\/dd><\/dl><br style=\"clear: both\" \/>\n\t\t<\/div>\n\n<p><span data-ccp-props=\"{}\">\u00a0<\/span><\/p>\n<p><b><i><span data-contrast=\"auto\">Karina de la Paz Reyes D\u00edaz<\/span><\/i><\/b><span data-ccp-props=\"{}\">\u00a0<\/span><\/p>\n<p><b><i><span data-contrast=\"auto\">10\/08\/2021, Xalapa,\u00a0Ver.-<\/span><\/i><\/b><span data-contrast=\"auto\">\u00a0Autoridades de las seis \u00e1reas acad\u00e9micas,\u00a0el Sistema de Ense\u00f1anza Abierta (SEA)\u00a0y la Universidad Veracruzana Intercultural (UVI)\u00a0de la <a href=\"https:\/\/www.uv.mx\/\" target=\"_blank\" rel=\"noopener\">Universidad Veracruzana<\/a> (UV),\u00a0dieron la bienvenida a la comunidad estudiantil\u00a0de\u00a0nuevo ingreso, el lunes 09 de agosto,\u00a0con\u00a0actividades virtuales\u00a0como\u00a0presentaciones art\u00edsticas,\u00a0videos\u00a0y\u00a0conversatorios,\u00a0en los que expusieron todo lo que la instituci\u00f3n les ofrece, as\u00ed como los derechos y responsabilidades que\u00a0adquieren.<\/span><span data-ccp-props=\"{}\">\u00a0<\/span><\/p>\n<p><span data-contrast=\"auto\">Lo\u00a0anterior\u00a0fue parte del\u00a0programa \u201cConoce tu Universidad\u201d,\u00a0que\u00a0de manera virtual desarrolla la Secretar\u00eda Acad\u00e9mica\u00a0del 9 al 14 de agosto\u00a0y cuyo prop\u00f3sito\u00a0es\u00a0que los estudiantes de nuevo ingreso a los programas de Licenciatura y T\u00e9cnico Superior Universitario (TSU) obtengan informaci\u00f3n relevante para la toma de decisiones durante su trayectoria escolar, as\u00ed como\u00a0contribuir\u00a0a fortalecer el sentido de pertenencia a la\u00a0instituci\u00f3n.<\/span><span data-ccp-props=\"{}\">\u00a0<\/span><\/p>\n<p><span data-contrast=\"auto\">La bienvenida se present\u00f3\u00a0de manera\u00a0simult\u00e1nea\u00a0en cada una de las p\u00e1ginas de\u00a0<\/span><i><span data-contrast=\"auto\">Facebook<\/span><\/i><span data-contrast=\"auto\">\u00a0de las entidades acad\u00e9micas\u00a0y posteriormente fueron compartidas por la de Secretar\u00eda Acad\u00e9mica;\u00a0en ellas participaron tanto los directores generales de las \u00e1reas\u00a0acad\u00e9micas como directores de facultades, incluso personal administrativo.<\/span><span data-ccp-props=\"{}\">\u00a0<\/span><\/p>\n<p><span data-contrast=\"auto\">El \u00c1rea Acad\u00e9mica de Artes\u00a0se distingui\u00f3 con la presentaci\u00f3n\u00a0de sus\u00a0facultades\u00a0de Artes Pl\u00e1sticas, Danza, M\u00fasica, Teatro\u00a0y\u00a0el\u00a0Centro de Estudios de Jazz\u00a0por parte de sus\u00a0directores,\u00a0pero sobre todo con la muestra de\u00a0una gama de\u00a0piezas art\u00edsticas de cada una de\u00a0estas entidades, cuyos\u00a0creadores\u00a0fueron\u00a0los propios estudiantes.\u00a0Para apreciarlas, puede\u00a0consultar el\u00a0<\/span><i><span data-contrast=\"auto\">Facebook<\/span><\/i><span data-contrast=\"auto\">\u00a0Artes UV.<\/span><span data-ccp-props=\"{}\">\u00a0<\/span><\/p>\n<p><span data-contrast=\"auto\">Su titular, Miguel Flores Covarrubias,\u00a0destac\u00f3 el\u00a0prestigio de la UV a nivel nacional e\u00a0internacional\u00a0en el \u00e1rea de las artes.<\/span><span data-ccp-props=\"{}\">\u00a0<\/span><\/p>\n<p>&nbsp;<\/p>\n<div id='gallery-2' class='gallery galleryid-100399 gallery-columns-2 gallery-size-full'><dl class='gallery-item'>\n\t\t\t<dt class='gallery-icon landscape'>\n\t\t\t\t<a href='https:\/\/www.uv.mx\/prensa\/files\/2021\/08\/090821-KARINA-Bienvenida-3.jpg'><img width=\"722\" height=\"411\" src=\"https:\/\/www.uv.mx\/prensa\/files\/2021\/08\/090821-KARINA-Bienvenida-3.jpg\" class=\"attachment-full size-full\" alt=\"\" decoding=\"async\" loading=\"lazy\" aria-describedby=\"gallery-2-100402\" srcset=\"https:\/\/www.uv.mx\/prensa\/files\/2021\/08\/090821-KARINA-Bienvenida-3.jpg 722w, https:\/\/www.uv.mx\/prensa\/files\/2021\/08\/090821-KARINA-Bienvenida-3-300x171.jpg 300w\" sizes=\"(max-width: 722px) 100vw, 722px\" \/><\/a>\n\t\t\t<\/dt>\n\t\t\t\t<dd class='wp-caption-text gallery-caption' id='gallery-2-100402'>\n\t\t\t\tPedro Guti\u00e9rrez Aguilar, director general del \u00c1rea Acad\u00e9mica de Ciencias de la Salud\n\t\t\t\t<\/dd><\/dl><dl class='gallery-item'>\n\t\t\t<dt class='gallery-icon landscape'>\n\t\t\t\t<a href='https:\/\/www.uv.mx\/prensa\/files\/2021\/08\/090821-KARINA-Bienvenida-4.jpg'><img width=\"722\" height=\"408\" src=\"https:\/\/www.uv.mx\/prensa\/files\/2021\/08\/090821-KARINA-Bienvenida-4.jpg\" class=\"attachment-full size-full\" alt=\"\" decoding=\"async\" loading=\"lazy\" aria-describedby=\"gallery-2-100403\" srcset=\"https:\/\/www.uv.mx\/prensa\/files\/2021\/08\/090821-KARINA-Bienvenida-4.jpg 722w, https:\/\/www.uv.mx\/prensa\/files\/2021\/08\/090821-KARINA-Bienvenida-4-300x170.jpg 300w\" sizes=\"(max-width: 722px) 100vw, 722px\" \/><\/a>\n\t\t\t<\/dt>\n\t\t\t\t<dd class='wp-caption-text gallery-caption' id='gallery-2-100403'>\n\t\t\t\tMiguel Sosa Ruiz, director del SEA\n\t\t\t\t<\/dd><\/dl><br style=\"clear: both\" \/>\n\t\t<\/div>\n\n<p>&nbsp;<\/p>\n<p><span data-contrast=\"auto\">Por su\u00a0parte, el director general del \u00c1rea Acad\u00e9mica\u00a0de Ciencias Biol\u00f3gicas y Agropecuarias, Domingo Canales Espinosa,\u00a0dijo\u00a0a la comunidad\u00a0de nuevo\u00a0ingreso\u00a0que llegan a una instituci\u00f3n que da\u00a0formaci\u00f3n integral,\u00a0lo cual\u00a0permite la formaci\u00f3n de\u00a0ciudadanos \u00e9ticos\u00a0y competentes.<\/span><span data-ccp-props=\"{}\">\u00a0<\/span><\/p>\n<p><span data-contrast=\"auto\">Les subray\u00f3 que m\u00e1s del 90 por\u00a0ciento de los programas\u00a0de esta \u00e1rea\u00a0cuentan con un reconocimiento a la calidad educativa por organismos acreditadores\u00a0externos.\u00a0El discurso completo puede consultarlo en el\u00a0<\/span><i><span data-contrast=\"auto\">Facebook<\/span><\/i><span data-contrast=\"auto\">\u00a0de la Direcci\u00f3n General del \u00c1rea Acad\u00e9mica de\u00a0Ciencias Biol\u00f3gicas y Agropecuarias.<\/span><span data-ccp-props=\"{}\">\u00a0<\/span><\/p>\n<p><span data-contrast=\"auto\">En\u00a0tanto,\u00a0Pedro Guti\u00e9rrez Aguilar, titular del \u00c1rea Acad\u00e9mica\u00a0de Ciencias de la Salud,\u00a0habl\u00f3 de la nueva modalidad educativa que ha impuesto la contingencia sanitaria\u00a0por la pandemia\u00a0Covid-19,\u00a0el reconocimiento de calidad a nivel nacional\u00a0y en algunos casos\u00a0internacional de sus programas educativos.<\/span><span data-ccp-props=\"{}\">\u00a0<\/span><\/p>\n<p><span data-contrast=\"auto\">Le sucedieron\u00a0los\u00a0titulares de las facultades de la regi\u00f3n Xalapa: Medicina, Enfermer\u00eda,\u00a0Odontolog\u00eda,\u00a0Bioan\u00e1lisis, Nutrici\u00f3n y Psicolog\u00eda, quienes hablaron de\u00a0las\u00a0caracter\u00edsticas\u00a0de cada una de las\u00a0entidades,\u00a0incluso de los\u00a0programas de\u00a0posgrados que ah\u00ed se ofrecen\u00a0para la\u00a0continuaci\u00f3n de los estudios\u00a0en un futuro.\u00a0En\u00a0el\u00a0<\/span><i><span data-contrast=\"auto\">Facebook<\/span><\/i><span data-contrast=\"auto\">\u00a0\u00c1rea Ciencias de la Salud puede\u00a0ver el video preparado para la ocasi\u00f3n.<\/span><span data-ccp-props=\"{&quot;335559731&quot;:708}\">\u00a0<\/span><\/p>\n<p><span data-contrast=\"auto\">Miguel Sosa Ruiz, director de SEA,\u00a0destac\u00f3 en la\u00a0respectiva\u00a0producci\u00f3n audiovisual\u00a0que ingresan a la instituci\u00f3n\u00a0m\u00e1s\u00a0importante de la regi\u00f3n sur\u00a0sureste del pa\u00eds.<\/span><span data-ccp-props=\"{}\">\u00a0<\/span><\/p>\n<p><span data-contrast=\"auto\">Les record\u00f3 que\u00a0el\u00a0SEA est\u00e1 presente en las cinco regiones universitarias\u00a0y sus\u00a0actividades educativas se\u00a0desarrollan los\u00a0s\u00e1bados;\u00a0que\u00a0ofrece\u00a0los\u00a0programas educativos\u00a0en\u00a0Derecho, Contadur\u00eda, Administraci\u00f3n, Pedagog\u00eda y Sociolog\u00eda, y la matr\u00edcula\u00a0es\u00a0de\u00a0seis\u00a0mil 825 estudiantes, es decir,\u00a0el 10\u00a0por ciento de la poblaci\u00f3n UV\u00a0a nivel\u00a0licenciatura.\u00a0\u201cLos exhorto a desarrollar al m\u00e1ximo sus habilidades y competencias propias de la disciplina que eligieron\u201d,\u00a0les\u00a0dijo.<\/span><span data-ccp-props=\"{}\">\u00a0<\/span><\/p>\n<p><span data-contrast=\"auto\">\u00a0<\/span> <span data-contrast=\"auto\">En la bienvenida tambi\u00e9n discursaron los\u00a0coordinadores regionales y el personal directivo. La informaci\u00f3n \u00edntegra puede consultarla en su\u00a0<\/span><i><span data-contrast=\"auto\">Facebook<\/span><\/i><span data-contrast=\"auto\">\u00a0de la\u00a0Direcci\u00f3n General del SEA-UV.<\/span><span data-ccp-props=\"{}\">\u00a0<\/span><\/p>\n<p>&nbsp;<\/p>\n<div id='gallery-3' class='gallery galleryid-100399 gallery-columns-2 gallery-size-full'><dl class='gallery-item'>\n\t\t\t<dt class='gallery-icon landscape'>\n\t\t\t\t<a href='https:\/\/www.uv.mx\/prensa\/files\/2021\/08\/090821-KARINA-Bienvenida-5.jpg'><img width=\"722\" height=\"397\" src=\"https:\/\/www.uv.mx\/prensa\/files\/2021\/08\/090821-KARINA-Bienvenida-5.jpg\" class=\"attachment-full size-full\" alt=\"\" decoding=\"async\" loading=\"lazy\" aria-describedby=\"gallery-3-100409\" srcset=\"https:\/\/www.uv.mx\/prensa\/files\/2021\/08\/090821-KARINA-Bienvenida-5.jpg 722w, https:\/\/www.uv.mx\/prensa\/files\/2021\/08\/090821-KARINA-Bienvenida-5-300x165.jpg 300w\" sizes=\"(max-width: 722px) 100vw, 722px\" \/><\/a>\n\t\t\t<\/dt>\n\t\t\t\t<dd class='wp-caption-text gallery-caption' id='gallery-3-100409'>\n\t\t\t\tLourdes Budar, directora de la UVI\n\t\t\t\t<\/dd><\/dl><dl class='gallery-item'>\n\t\t\t<dt class='gallery-icon landscape'>\n\t\t\t\t<a href='https:\/\/www.uv.mx\/prensa\/files\/2021\/08\/090821-KARINA-Bienvenida-6.jpg'><img width=\"722\" height=\"397\" src=\"https:\/\/www.uv.mx\/prensa\/files\/2021\/08\/090821-KARINA-Bienvenida-6.jpg\" class=\"attachment-full size-full\" alt=\"\" decoding=\"async\" loading=\"lazy\" aria-describedby=\"gallery-3-100410\" srcset=\"https:\/\/www.uv.mx\/prensa\/files\/2021\/08\/090821-KARINA-Bienvenida-6.jpg 722w, https:\/\/www.uv.mx\/prensa\/files\/2021\/08\/090821-KARINA-Bienvenida-6-300x165.jpg 300w\" sizes=\"(max-width: 722px) 100vw, 722px\" \/><\/a>\n\t\t\t<\/dt>\n\t\t\t\t<dd class='wp-caption-text gallery-caption' id='gallery-3-100410'>\n\t\t\t\tArturo Bocardo Valle, director general del \u00c1rea Acad\u00e9mica Econ\u00f3mico-Administrativa\n\t\t\t\t<\/dd><\/dl><br style=\"clear: both\" \/>\n\t\t<\/div>\n\n<p>&nbsp;<\/p>\n<p><span data-contrast=\"auto\">Lourdes\u00a0Budar\u00a0Jim\u00e9nez, directora de la UVI,\u00a0habl\u00f3 de las cinco sedes: Huasteca,\u00a0Totonacapan, Grandes Monta\u00f1as, Las Selvas\u00a0y Xalapa. As\u00ed como las licenciaturas y posgrados que ah\u00ed ofrecen:\u00a0las\u00a0licenciaturas en Derecho con Enfoque de Pluralismo Jur\u00eddico,\u00a0Agroecolog\u00eda y Soberan\u00eda Alimentaria,\u00a0Gesti\u00f3n Intercultural para el Desarrollo\u00a0y la\u00a0Maestr\u00eda en Lengua y Cultura Nahua.<\/span><span data-ccp-props=\"{&quot;335559731&quot;:708}\">\u00a0<\/span><\/p>\n<p><span data-contrast=\"auto\">Adem\u00e1s, presentaron un recorrido virtual de la mano de los coordinadores regionales.\u00a0Los detalles pueden consultarlos\u00a0en su\u00a0<\/span><i><span data-contrast=\"auto\">Facebook<\/span><\/i><span data-contrast=\"auto\">\u00a0Universidad Veracruzana Intercultural.<\/span><span data-ccp-props=\"{&quot;335559731&quot;:708}\">\u00a0<\/span><\/p>\n<p><span data-contrast=\"auto\">En su intervenci\u00f3n, Arturo Bocardo Valle,\u00a0director\u00a0general del \u00c1rea Acad\u00e9mica Econ\u00f3mico-Administrativa, especific\u00f3 que \u00e9sta la integran 18 programas educativos diseminados en las cinco regiones;\u00a0de ellos, 37 est\u00e1n acreditados por su calidad\u00a0ante un\u00a0organismo externo y tres poseen\u00a0incluso una\u00a0certificaci\u00f3n internacional.<\/span><span data-ccp-props=\"{}\">\u00a0<\/span><\/p>\n<p><span data-contrast=\"auto\">\u201cLlegan\u00a0a formar parte de\u00a0un programa que tiene una certificaci\u00f3n de calidad, lo cual\u00a0garantiza\u00a0que su formaci\u00f3n acad\u00e9mica se har\u00e1 con los m\u00e1s altos est\u00e1ndares de calidad educativa\u201d, les dijo.\u00a0Como el resto de las autoridades universitarias, remarc\u00f3 el esfuerzo institucional que se hace\u00a0por ofrecer la mejor educaci\u00f3n posible, en esta contingencia sanitaria que\u00a0ha\u00a0mudado las actividades acad\u00e9micas a la virtualidad.<\/span><span data-ccp-props=\"{}\">\u00a0<\/span><\/p>\n<p><span data-contrast=\"auto\">Les habl\u00f3 tambi\u00e9n de los reglamentos internos de cada\u00a0Facultad,\u00a0que particulariza los derechos y obligaciones\u00a0del estudiantado.\u00a0\u201cMi recomendaci\u00f3n es que\u00a0lean el Estatuto de los\u00a0Alumnos 2008\u00a0(<\/span><a href=\"http:\/\/www.uv.mx\/legislacion\"><span data-contrast=\"none\">www.uv.mx\/legislacion<\/span><\/a><span data-contrast=\"auto\">), vigente hasta la fecha y que re\u00fane todas las\u00a0condiciones por las que\u00a0su vida acad\u00e9mica pudiera atravesar. Es\u00a0el que\u00a0norma\u00a0sus actividades\u00a0a partir de ahora\u201d.<\/span><span data-ccp-props=\"{}\">\u00a0<\/span><\/p>\n<p><span data-contrast=\"auto\">En la presentaci\u00f3n le\u00a0acompa\u00f1aron los directores de las facultades\u00a0de\u00a0la regi\u00f3n Xalapa:\u00a0Econom\u00eda, Ciencias Administrativas y Sociales, Contadur\u00eda y Administraci\u00f3n, y Estad\u00edstica e Inform\u00e1tica:\u00a0Ferm\u00edn Cabo Leyva, Eric Abad Esp\u00edndola,\u00a0Jer\u00f3nimo\u00a0Ric\u00e1rdez\u00a0Jim\u00e9nez y\u00a0Carlos Alberto Ochoa Rivera,\u00a0respectivamente.\u00a0En este caso, el\u00a0<\/span><i><span data-contrast=\"auto\">Facebook<\/span><\/i><span data-contrast=\"auto\">\u00a0es Direcci\u00f3n General del \u00c1rea Acad\u00e9mica Econ\u00f3mico-Administrativa.<\/span><span data-ccp-props=\"{}\">\u00a0<\/span><\/p>\n<p>&nbsp;<\/p>\n<div id='gallery-4' class='gallery galleryid-100399 gallery-columns-2 gallery-size-full'><dl class='gallery-item'>\n\t\t\t<dt class='gallery-icon landscape'>\n\t\t\t\t<a href='https:\/\/www.uv.mx\/prensa\/files\/2021\/08\/090821-KARINA-Bienvenida-7.jpg'><img width=\"722\" height=\"403\" src=\"https:\/\/www.uv.mx\/prensa\/files\/2021\/08\/090821-KARINA-Bienvenida-7.jpg\" class=\"attachment-full size-full\" alt=\"\" decoding=\"async\" loading=\"lazy\" aria-describedby=\"gallery-4-100406\" srcset=\"https:\/\/www.uv.mx\/prensa\/files\/2021\/08\/090821-KARINA-Bienvenida-7.jpg 722w, https:\/\/www.uv.mx\/prensa\/files\/2021\/08\/090821-KARINA-Bienvenida-7-300x167.jpg 300w\" sizes=\"(max-width: 722px) 100vw, 722px\" \/><\/a>\n\t\t\t<\/dt>\n\t\t\t\t<dd class='wp-caption-text gallery-caption' id='gallery-4-100406'>\n\t\t\t\tJos\u00e9 Luis Mart\u00ednez Su\u00e1rez, titular del \u00c1rea Acad\u00e9mica de Humanidades\n\t\t\t\t<\/dd><\/dl><dl class='gallery-item'>\n\t\t\t<dt class='gallery-icon landscape'>\n\t\t\t\t<a href='https:\/\/www.uv.mx\/prensa\/files\/2021\/08\/090821-KARINA-Bienvenida-8-e1628626598783.jpg'><img width=\"722\" height=\"402\" src=\"https:\/\/www.uv.mx\/prensa\/files\/2021\/08\/090821-KARINA-Bienvenida-8-e1628626598783.jpg\" class=\"attachment-full size-full\" alt=\"\" decoding=\"async\" loading=\"lazy\" aria-describedby=\"gallery-4-100407\" srcset=\"https:\/\/www.uv.mx\/prensa\/files\/2021\/08\/090821-KARINA-Bienvenida-8-e1628626598783.jpg 722w, https:\/\/www.uv.mx\/prensa\/files\/2021\/08\/090821-KARINA-Bienvenida-8-e1628626598783-300x167.jpg 300w\" sizes=\"(max-width: 722px) 100vw, 722px\" \/><\/a>\n\t\t\t<\/dt>\n\t\t\t\t<dd class='wp-caption-text gallery-caption' id='gallery-4-100407'>\n\t\t\t\t\u00c1ngel Eduardo Gasca Herrera,\u00a0director\u00a0general del \u00c1rea Acad\u00e9mica T\u00e9cnica\u00a0\n\t\t\t\t<\/dd><\/dl><br style=\"clear: both\" \/>\n\t\t<\/div>\n\n<p>&nbsp;<\/p>\n<p><span data-contrast=\"auto\">Jos\u00e9 Luis Mart\u00ednez Su\u00e1rez, titular\u00a0del \u00c1rea Acad\u00e9mica\u00a0de Humanidades,\u00a0transmiti\u00f3 en vivo\u00a0su mensaje. \u201cLa visi\u00f3n humanista fomenta la formaci\u00f3n interdisciplinaria y\u00a0transdisciplinaria, centrada en el ser humano\u201d,\u00a0fue parte de lo que dijo.<\/span><span data-ccp-props=\"{}\">\u00a0<\/span><\/p>\n<p><span data-contrast=\"auto\">Habl\u00f3 tambi\u00e9n del \u201clugar ca\u00f1ero\u201d que las humanidades ocupan en la UV, desde sus or\u00edgenes hace m\u00e1s de 70 a\u00f1os,\u00a0de la\u00a0presencia\u00a0que tienen\u00a0en las cinco regiones y las certificaciones de calidad con las que cuentan.<\/span><span data-ccp-props=\"{}\">\u00a0<\/span><\/p>\n<p><span data-contrast=\"auto\">Enseguida, el acad\u00e9mico Susano Malpica\u00a0Ichante\u00a0moder\u00f3 el conversatorio\u00a0\u201cHumanidades y humanistas\u201d, en el que participaron\u00a0los\u00a0directores\u00a0de las\u00a0facultades\u00a0de Derecho, Pedagog\u00eda, Idiomas y Antropolog\u00eda:\u00a0Alejandro de la Fuente, Maribel Dom\u00ednguez Basurto, Carmen B\u00e1ez Vel\u00e1zquez\u00a0y Mar\u00eda Antonia Aguilar, respectivamente.<\/span><span data-ccp-props=\"{}\">\u00a0<\/span><\/p>\n<p><span data-contrast=\"auto\">Ah\u00ed se habl\u00f3\u00a0desde qu\u00e9\u00a0son las humanidades, el campo laboral,\u00a0lo retos que ha impuesto esta pandemia,\u00a0as\u00ed como\u00a0las particularidades\u00a0y lo que ofrece\u00a0de cada una de estas entidades\u00a0educativas citadas.<\/span><span data-ccp-props=\"{&quot;335559731&quot;:708}\">\u00a0<\/span><\/p>\n<p><span data-contrast=\"auto\">\u00c1ngel Eduardo Gasca Herrera, director\u00a0general del \u00c1rea Acad\u00e9mica T\u00e9cnica,\u00a0hizo lo propio.<\/span><span data-ccp-props=\"{}\">\u00a0<\/span><\/p>\n","protected":false},"excerpt":{"rendered":"<p>La bienvenida form\u00f3\u00a0parte del programa \u201cConoce tu Universidad\u201d,\u00a0cuyo prop\u00f3sito es que los\u00a0nuevos\u00a0universitarios\u00a0obtengan informaci\u00f3n relevante\u00a0sobre la m\u00e1xima casa de estudios de Veracruz\u00a0<\/p>\n","protected":false},"author":1869,"featured_media":100408,"comment_status":"closed","ping_status":"closed","sticky":false,"template":"","format":"standard","meta":[],"categories":[61],"tags":[],"_links":{"self":[{"href":"https:\/\/www.uv.mx\/prensa\/wp-json\/wp\/v2\/posts\/100399"}],"collection":[{"href":"https:\/\/www.uv.mx\/prensa\/wp-json\/wp\/v2\/posts"}],"about":[{"href":"https:\/\/www.uv.mx\/prensa\/wp-json\/wp\/v2\/types\/post"}],"author":[{"embeddable":true,"href":"https:\/\/www.uv.mx\/prensa\/wp-json\/wp\/v2\/users\/1869"}],"replies":[{"embeddable":true,"href":"https:\/\/www.uv.mx\/prensa\/wp-json\/wp\/v2\/comments?post=100399"}],"version-history":[{"count":1,"href":"https:\/\/www.uv.mx\/prensa\/wp-json\/wp\/v2\/posts\/100399\/revisions"}],"predecessor-version":[{"id":100548,"href":"https:\/\/www.uv.mx\/prensa\/wp-json\/wp\/v2\/posts\/100399\/revisions\/100548"}],"wp:featuredmedia":[{"embeddable":true,"href":"https:\/\/www.uv.mx\/prensa\/wp-json\/wp\/v2\/media\/100408"}],"wp:attachment":[{"href":"https:\/\/www.uv.mx\/prensa\/wp-json\/wp\/v2\/media?parent=100399"}],"wp:term":[{"taxonomy":"category","embeddable":true,"href":"https:\/\/www.uv.mx\/prensa\/wp-json\/wp\/v2\/categories?post=100399"},{"taxonomy":"post_tag","embeddable":true,"href":"https:\/\/www.uv.mx\/prensa\/wp-json\/wp\/v2\/tags?post=100399"}],"curies":[{"name":"wp","href":"https:\/\/api.w.org\/{rel}","templated":true}]}}