{"id":100534,"date":"2021-08-13T10:33:11","date_gmt":"2021-08-13T15:33:11","guid":{"rendered":"https:\/\/www.uv.mx\/prensa\/?p=100534"},"modified":"2021-08-13T14:55:00","modified_gmt":"2021-08-13T19:55:00","slug":"uv-promueve-derechos-equidad-de-genero-e-investigacion-entre-estudiantes","status":"publish","type":"post","link":"https:\/\/www.uv.mx\/prensa\/general\/uv-promueve-derechos-equidad-de-genero-e-investigacion-entre-estudiantes\/","title":{"rendered":"UV promueve derechos, equidad de g\u00e9nero e investigaci\u00f3n entre estudiantes"},"content":{"rendered":"<ul>\n<li data-leveltext=\"\uf0b7\" data-font=\"Symbol\" data-listid=\"4\" data-aria-posinset=\"1\" data-aria-level=\"1\"><i><span data-contrast=\"auto\">Se trata de\u00a0un programa de inducci\u00f3n dirigido a estudiantes\u00a0de nuevo ingreso<\/span><\/i><span data-ccp-props=\"{&quot;134233279&quot;:true}\">\u00a0<\/span><\/li>\n<\/ul>\n<p><span data-ccp-props=\"{}\">\u00a0<\/span><\/p>\n<div id=\"attachment_100535\" style=\"width: 732px\" class=\"wp-caption aligncenter\"><a href=\"https:\/\/www.uv.mx\/prensa\/files\/2021\/08\/120821-Derechos-genero-e-Investigacion-1-100k.jpg\"><img aria-describedby=\"caption-attachment-100535\" decoding=\"async\" loading=\"lazy\" class=\"size-full wp-image-100535\" src=\"https:\/\/www.uv.mx\/prensa\/files\/2021\/08\/120821-Derechos-genero-e-Investigacion-1-100k.jpg\" alt=\"Natalia Andreina Falfan Trujillo, responsable de Asuntos Jur\u00eddicos de la Coordinaci\u00f3n de la Unidad de G\u00e9nero \" width=\"722\" height=\"482\" srcset=\"https:\/\/www.uv.mx\/prensa\/files\/2021\/08\/120821-Derechos-genero-e-Investigacion-1-100k.jpg 722w, https:\/\/www.uv.mx\/prensa\/files\/2021\/08\/120821-Derechos-genero-e-Investigacion-1-100k-300x200.jpg 300w\" sizes=\"(max-width: 722px) 100vw, 722px\" \/><\/a><p id=\"caption-attachment-100535\" class=\"wp-caption-text\">Natalia Andreina Falfan Trujillo, responsable de Asuntos Jur\u00eddicos de la Coordinaci\u00f3n de la Unidad de G\u00e9nero<\/p><\/div>\n<p>&nbsp;<\/p>\n<p><b><i><span data-contrast=\"auto\">Karina de la Paz Reyes D\u00edaz<\/span><\/i><\/b><span data-ccp-props=\"{}\">\u00a0<\/span><\/p>\n<p><b><i><span data-contrast=\"auto\">13\/08\/2021, Xalapa,\u00a0Ver.-\u00a0<\/span><\/i><\/b><span data-contrast=\"auto\">Uno de los conversatorios del programa\u00a0\u201cConoce tu Universidad\u201d\u00a0de la <a href=\"https:\/\/www.uv.mx\/\" target=\"_blank\" rel=\"noopener\">Universidad Veracruzana<\/a>\u00a0(UV) vers\u00f3 sobre los\u00a0derechos\u00a0universitarios, la Unidad de G\u00e9nero\u00a0y la\u00a0investigaci\u00f3n\u00a0de la instituci\u00f3n.<\/span><span data-ccp-props=\"{}\">\u00a0<\/span><\/p>\n<p><span data-contrast=\"auto\">\u201cConoce tu Universidad\u201d\u00a0es un programa de inducci\u00f3n dirigido al estudiantado de nuevo ingreso a Licenciatura y T\u00e9cnico Superior Universitario, se realiza del 9 al 14 de agosto en modalidad virtual\u00a0y es desarrollado por\u00a0la Secretar\u00eda Acad\u00e9mica. El conversatorio se desarroll\u00f3 el 12 de agosto,\u00a0en\u00a0<\/span><i><span data-contrast=\"auto\">Facebook<\/span><\/i><span data-contrast=\"auto\">.<\/span><span data-ccp-props=\"{&quot;335559731&quot;:708}\">\u00a0<\/span><\/p>\n<p><span data-contrast=\"auto\">En \u00e9l participaron\u00a0la responsable de Asuntos Jur\u00eddicos\u00a0de la Coordinaci\u00f3n de la Unidad de G\u00e9nero,\u00a0Natalia Andreina\u00a0Falf\u00e1n\u00a0Trujillo;\u00a0la defensora\u00a0adjunta\u00a0de la Defensor\u00eda de los Derechos Universitarios,\u00a0Mar\u00eda\u00a0Magalli\u00a0Quintero Huerta, y el director general de Investigaciones, \u00c1ngel Trigos Landa.<\/span><span data-ccp-props=\"{&quot;335559731&quot;:708}\">\u00a0<\/span><\/p>\n<p><span data-contrast=\"auto\">Natalia Andreina\u00a0Falf\u00e1n\u00a0habl\u00f3 de la Unidad de G\u00e9nero, entidad creada en esta administraci\u00f3n rectoral, cuyo\u00a0objetivo\u00a0es\u00a0transversalizar\u00a0la perspectiva de g\u00e9nero,\u00a0buscar la igualdad\u00a0entre las personas y en todas las actividades que se desarrollan dentro de la UV mediante pol\u00edticas p\u00fablicas. Adem\u00e1s, crean instrumentos para atender la violencia de g\u00e9nero\u00a0en la instituci\u00f3n.<\/span><span data-ccp-props=\"{&quot;335559731&quot;:708}\">\u00a0<\/span><\/p>\n<p><span data-contrast=\"auto\">Aclar\u00f3 que no tienen la\u00a0atribuci\u00f3n de iniciar procedimientos, m\u00e1s bien son\u00a0el \u00e1rea que recibe, asesora\u00a0y\u00a0acompa\u00f1a durante un procedimiento;\u00a0asimismo,\u00a0asesora a las autoridades hasta el fin de una resoluci\u00f3n.<\/span><\/p>\n<div id=\"attachment_100536\" style=\"width: 732px\" class=\"wp-caption aligncenter\"><a href=\"https:\/\/www.uv.mx\/prensa\/files\/2021\/08\/120821-Derechos-genero-e-Investigacion-2-100k.jpg\"><img aria-describedby=\"caption-attachment-100536\" decoding=\"async\" loading=\"lazy\" class=\"size-full wp-image-100536\" src=\"https:\/\/www.uv.mx\/prensa\/files\/2021\/08\/120821-Derechos-genero-e-Investigacion-2-100k.jpg\" alt=\"Mar\u00eda Magalli Quintero Huerta, defensora adjunta de la Defensor\u00eda de los Derechos Universitarios \" width=\"722\" height=\"482\" srcset=\"https:\/\/www.uv.mx\/prensa\/files\/2021\/08\/120821-Derechos-genero-e-Investigacion-2-100k.jpg 722w, https:\/\/www.uv.mx\/prensa\/files\/2021\/08\/120821-Derechos-genero-e-Investigacion-2-100k-300x200.jpg 300w\" sizes=\"(max-width: 722px) 100vw, 722px\" \/><\/a><p id=\"caption-attachment-100536\" class=\"wp-caption-text\">Mar\u00eda Magalli Quintero Huerta, defensora adjunta de la Defensor\u00eda de los Derechos Universitarios<\/p><\/div>\n<p><span data-contrast=\"auto\">Coment\u00f3 que cada entidad acad\u00e9mica tiene un representante de equidad de g\u00e9nero, con quien puede acudir como primer contacto\u00a0para, por ejemplo, saber\u00a0qu\u00e9 hacer en caso de acoso u hostigamiento sexual.\u00a0Asimismo, habl\u00f3 del protocolo para atender la violencia de g\u00e9nero.\u00a0Para esto y m\u00e1s\u00a0se\u00a0puede consultar:\u00a0<\/span><a href=\"https:\/\/www.uv.mx\/uge\/\"><span data-contrast=\"none\">https:\/\/www.uv.mx\/uge\/<\/span><\/a><span data-ccp-props=\"{&quot;335559731&quot;:708}\">\u00a0<\/span><\/p>\n<p><span data-contrast=\"auto\">En su oportunidad,\u00a0Mar\u00eda\u00a0Magalli\u00a0Quintero\u00a0coment\u00f3\u00a0que\u00a0la Defensor\u00eda de los Derechos Universitarios\u00a0se dedica a proteger y promover el respeto de los derechos\u00a0humanos y\u00a0universitarios,\u00a0los cuales\u00a0est\u00e1n contenidos en las leyes y reglamentos\u00a0de la propia UV.\u00a0Si bien no cuentan con oficinas en las distintas regiones, hay una serie de v\u00edas que facilitan el\u00a0contacto con toda la comunidad.<\/span><span data-ccp-props=\"{}\">\u00a0<\/span><\/p>\n<p><span data-contrast=\"auto\">Mar\u00eda\u00a0Magalli\u00a0invit\u00f3\u00a0a darse el espacio\u00a0para conocer\u00a0la Ley Org\u00e1nica,\u00a0el Estatuto de\u00a0Alumnos\u00a02008\u00a0y el reglamento interno de\u00a0cada\u00a0Facultad\u00a0para conocer los derechos y obligaciones;\u00a0que se acerquen con las autoridades de sus entidades acad\u00e9micas,\u00a0as\u00ed como con su tutor y conozcan su plan de estudios.<\/span><span data-ccp-props=\"{&quot;335559731&quot;:708}\">\u00a0<\/span><\/p>\n<p><span data-contrast=\"auto\">Asimismo, que cuando lo consideren conveniente acudan\u00a0a la Defensor\u00eda, donde encontrar\u00e1n apoyo y orientaci\u00f3n.\u00a0Su portal es\u00a0<\/span><a href=\"https:\/\/www.uv.mx\/defensoria\/\"><span data-contrast=\"none\">https:\/\/www.uv.mx\/defensoria\/<\/span><\/a><\/p>\n<div id=\"attachment_100537\" style=\"width: 732px\" class=\"wp-caption aligncenter\"><a href=\"https:\/\/www.uv.mx\/prensa\/files\/2021\/08\/120821-Derechos-genero-e-Investigacion-3-100k.jpg\"><img aria-describedby=\"caption-attachment-100537\" decoding=\"async\" loading=\"lazy\" class=\"size-full wp-image-100537\" src=\"https:\/\/www.uv.mx\/prensa\/files\/2021\/08\/120821-Derechos-genero-e-Investigacion-3-100k.jpg\" alt=\"\u00c1ngel Trigos Landa, director general de Investigaciones \" width=\"722\" height=\"481\" srcset=\"https:\/\/www.uv.mx\/prensa\/files\/2021\/08\/120821-Derechos-genero-e-Investigacion-3-100k.jpg 722w, https:\/\/www.uv.mx\/prensa\/files\/2021\/08\/120821-Derechos-genero-e-Investigacion-3-100k-300x200.jpg 300w\" sizes=\"(max-width: 722px) 100vw, 722px\" \/><\/a><p id=\"caption-attachment-100537\" class=\"wp-caption-text\">\u00c1ngel Trigos Landa, director general de Investigaciones<\/p><\/div>\n<p><span data-contrast=\"auto\">Por su parte,\u00a0\u00c1ngel Trigos\u00a0destac\u00f3 la importancia de la investigaci\u00f3n en la sociedad\u00a0y\u00a0dijo\u00a0que\u00a0aunque ha sido vista como un \u201cobjeto de lujo\u201d, se trata m\u00e1s bien\u00a0de la v\u00eda para\u00a0buscar el conocimiento,\u00a0solucionar problemas,\u00a0generar\u00a0producto\u00a0interno\u00a0bruto a trav\u00e9s de\u00a0sus productos.<\/span><span data-ccp-props=\"{}\">\u00a0<\/span><\/p>\n<p><span data-contrast=\"auto\">Adem\u00e1s, \u201cla investigaci\u00f3n debe tomarse en cuenta como una herramienta para la formaci\u00f3n de recursos humanos; el hacer ciencia, investigaci\u00f3n\u00a0y\u00a0desarrollo tecnol\u00f3gico con estudiantes ayuda a que \u00e9stos\u00a0se vayan formando en los diferentes niveles\u201d.<\/span><span data-ccp-props=\"{}\">\u00a0<\/span><\/p>\n<p><span data-contrast=\"auto\">Destac\u00f3 que la investigaci\u00f3n debe hacerse desde los primeros\u00a0meses en que un estudiante entra a la universidad\u00a0y no esperar hasta ingresar al posgrado.\u00a0Ello\u00a0es una excelente estrategia para aprender,\u00a0resolver problemas y\u00a0disipar\u00a0sus propias dudas.\u00a0De ah\u00ed que les sugiri\u00f3 acercarse a los cient\u00edficos\u00a0UV\u00a0que est\u00e1n abocadas a las \u00e1reas que les interesa aprender.<\/span><span data-ccp-props=\"{}\">\u00a0<\/span><\/p>\n<p><span data-contrast=\"auto\">\u201cDentro del nuestra Universidad tenemos\u00a0m\u00e1s\u00a0de 600 miembros del Sistema Nacional de Investigadores\u00a0(SNI), distribuidos en las diferentes\u00a0regiones;\u00a0algo muy interesante, que muchas veces\u00a0se ve como desventaja y yo lo veo como ventaja: Xalapa es de las ciudades del pa\u00eds con un mayor n\u00famero de miembros del\u00a0SNI, somos una potencia y pocas veces se dice. Desde el punto de vista optimista, Xalapa es una potencia en investigaci\u00f3n.\u201d<\/span><span data-ccp-props=\"{}\">\u00a0<\/span><\/p>\n<p><span data-contrast=\"auto\">Para conocer m\u00e1s de esta dependencia, consulte:\u00a0<\/span><a href=\"https:\/\/www.uv.mx\/investigacion\/\"><span data-contrast=\"none\">https:\/\/www.uv.mx\/investigacion\/<\/span><\/a><span data-ccp-props=\"{&quot;335559731&quot;:708}\">\u00a0<\/span><\/p>\n","protected":false},"excerpt":{"rendered":"<p>Lo hace a trav\u00e9s del programa \u201cConoce tu Universidad\u201d, dirigido a alumnos de nuevo ingreso de Licenciatura y T\u00e9cnico Superior Universitario, que se realiza de forma virtual <\/p>\n","protected":false},"author":1775,"featured_media":100535,"comment_status":"closed","ping_status":"closed","sticky":false,"template":"","format":"standard","meta":[],"categories":[1],"tags":[3680,3681,80,554,3682],"_links":{"self":[{"href":"https:\/\/www.uv.mx\/prensa\/wp-json\/wp\/v2\/posts\/100534"}],"collection":[{"href":"https:\/\/www.uv.mx\/prensa\/wp-json\/wp\/v2\/posts"}],"about":[{"href":"https:\/\/www.uv.mx\/prensa\/wp-json\/wp\/v2\/types\/post"}],"author":[{"embeddable":true,"href":"https:\/\/www.uv.mx\/prensa\/wp-json\/wp\/v2\/users\/1775"}],"replies":[{"embeddable":true,"href":"https:\/\/www.uv.mx\/prensa\/wp-json\/wp\/v2\/comments?post=100534"}],"version-history":[{"count":1,"href":"https:\/\/www.uv.mx\/prensa\/wp-json\/wp\/v2\/posts\/100534\/revisions"}],"predecessor-version":[{"id":100540,"href":"https:\/\/www.uv.mx\/prensa\/wp-json\/wp\/v2\/posts\/100534\/revisions\/100540"}],"wp:featuredmedia":[{"embeddable":true,"href":"https:\/\/www.uv.mx\/prensa\/wp-json\/wp\/v2\/media\/100535"}],"wp:attachment":[{"href":"https:\/\/www.uv.mx\/prensa\/wp-json\/wp\/v2\/media?parent=100534"}],"wp:term":[{"taxonomy":"category","embeddable":true,"href":"https:\/\/www.uv.mx\/prensa\/wp-json\/wp\/v2\/categories?post=100534"},{"taxonomy":"post_tag","embeddable":true,"href":"https:\/\/www.uv.mx\/prensa\/wp-json\/wp\/v2\/tags?post=100534"}],"curies":[{"name":"wp","href":"https:\/\/api.w.org\/{rel}","templated":true}]}}