{"id":100829,"date":"2021-08-20T11:37:35","date_gmt":"2021-08-20T16:37:35","guid":{"rendered":"https:\/\/www.uv.mx\/prensa\/?p=100829"},"modified":"2021-08-26T16:31:33","modified_gmt":"2021-08-26T21:31:33","slug":"pandemia-es-un-tema-cultural-y-de-comunicacion","status":"publish","type":"post","link":"https:\/\/www.uv.mx\/prensa\/general\/pandemia-es-un-tema-cultural-y-de-comunicacion\/","title":{"rendered":"Pandemia es un tema cultural y de comunicaci\u00f3n"},"content":{"rendered":"<ul>\n<li data-leveltext=\"\uf0b7\" data-font=\"Symbol\" data-listid=\"1\" data-aria-posinset=\"1\" data-aria-level=\"1\"><i><span data-contrast=\"auto\">Benno\u00a0de\u00a0Keijzer,\u00a0del Instituto de Salud P\u00fablica de la\u00a0UV,\u00a0toc\u00f3 el tema de\u00a0Covid-19\u00a0dentro de la semana de inducci\u00f3n a la Maestr\u00eda en Estudios de la Cultura y la Comunicaci\u00f3n<\/span><\/i><span data-ccp-props=\"{&quot;201341983&quot;:0,&quot;335559739&quot;:0,&quot;335559740&quot;:240}\">\u00a0<\/span><\/li>\n<\/ul>\n<p><span data-ccp-props=\"{&quot;201341983&quot;:0,&quot;335559739&quot;:0,&quot;335559740&quot;:240}\">\u00a0<\/span><\/p>\n<div id=\"attachment_100830\" style=\"width: 732px\" class=\"wp-caption aligncenter\"><a href=\"https:\/\/www.uv.mx\/prensa\/files\/2021\/08\/200821-Conferencia-Covid-100k.jpg\"><img aria-describedby=\"caption-attachment-100830\" decoding=\"async\" loading=\"lazy\" class=\"size-full wp-image-100830\" src=\"https:\/\/www.uv.mx\/prensa\/files\/2021\/08\/200821-Conferencia-Covid-100k.jpg\" alt=\"Benno Alvaro de Keijzer imparti\u00f3 la conferencia magistral \u201cG\u00e9nero, salud mental y desgaste educativo en tiempo del Covid\u201d \" width=\"722\" height=\"406\" srcset=\"https:\/\/www.uv.mx\/prensa\/files\/2021\/08\/200821-Conferencia-Covid-100k.jpg 722w, https:\/\/www.uv.mx\/prensa\/files\/2021\/08\/200821-Conferencia-Covid-100k-300x169.jpg 300w\" sizes=\"(max-width: 722px) 100vw, 722px\" \/><\/a><p id=\"caption-attachment-100830\" class=\"wp-caption-text\">Benno Alvaro de Keijzer imparti\u00f3 la conferencia magistral \u201cG\u00e9nero, salud mental y desgaste educativo en tiempo del Covid\u201d<\/p><\/div>\n<p>&nbsp;<\/p>\n<p><b><i><span data-contrast=\"auto\">Santiago Morales Ortiz<\/span><\/i><\/b><span data-ccp-props=\"{&quot;201341983&quot;:0,&quot;335559739&quot;:0,&quot;335559740&quot;:240}\">\u00a0<\/span><\/p>\n<p><b><i><span data-contrast=\"auto\">20\/08\/2021, Xalapa,\u00a0Ver.-<\/span><\/i><\/b><span data-contrast=\"auto\">\u00a0Benno\u00a0de\u00a0Keijzer, del<a href=\"https:\/\/www.uv.mx\/isp\/\" target=\"_blank\" rel=\"noopener\"> Instituto de Salud P\u00fablica<\/a> de la\u00a0Universidad Veracruzana (UV),<\/span><i><span data-contrast=\"auto\">\u00a0<\/span><\/i><span data-contrast=\"auto\">dijo que la pandemia\u00a0por Covid-19 debe\u00a0tomarse\u00a0como un tema cultural y de comunicaci\u00f3n,\u00a0durante la\u00a0conferencia magistral\u00a0\u201cG\u00e9nero, salud mental y desgaste educativo en tiempo del\u00a0Covid\u201d\u00a0que ofreci\u00f3 como parte de las actividades\u00a0de la semana de inducci\u00f3n de la\u00a0sexta\u00a0generaci\u00f3n de la Maestr\u00eda en Estudios de la Cultura y la Comunicaci\u00f3n.<\/span><span data-ccp-props=\"{&quot;201341983&quot;:0,&quot;335559739&quot;:0,&quot;335559740&quot;:240}\">\u00a0<\/span><\/p>\n<p><span data-contrast=\"auto\">El especialista\u00a0se\u00f1al\u00f3 que en un principio se pensaba que\u00a0el virus\u00a0era algo m\u00ednimo, tras el anuncio de las autoridades de la suspensi\u00f3n de labores en marzo\u00a0de 2020, \u201cy que nos volver\u00edamos a abrazar en mayo, pero no fue as\u00ed\u201d.<\/span><span data-ccp-props=\"{&quot;201341983&quot;:0,&quot;335559731&quot;:708,&quot;335559739&quot;:0,&quot;335559740&quot;:240}\">\u00a0<\/span><\/p>\n<p><span data-contrast=\"auto\">Coment\u00f3 que a\u00a0lo\u00a0largo de este tiempo\u00a0se han\u00a0escuchado muchas versiones en torno a lo que significa el\u00a0Covid, las medidas de cuidado, si funcionan o no funcionan,\u00a0\u201csi\u00a0hay que encerrarnos\u00a0o si\u00a0es una conspiraci\u00f3n y control de mentes que quieren dominar al mundo, y no es f\u00e1cil encontrar respuestas claras\u201d.<\/span><span data-ccp-props=\"{&quot;201341983&quot;:0,&quot;335559731&quot;:708,&quot;335559739&quot;:0,&quot;335559740&quot;:240}\">\u00a0<\/span><\/p>\n<p><span data-contrast=\"auto\">Lo anterior\u00a0tiene que ver con la salud mental, \u201cpor lo que\u00a0hay que tomar\u00a0a la pandemia\u00a0como un tema\u00a0de cultura\u00a0y de comunicaci\u00f3n, pues somos parte de un colectivo que ha estado\u00a0sometido\u00a0a\u00a0estas tensiones\u201d.<\/span><span data-ccp-props=\"{&quot;201341983&quot;:0,&quot;335559731&quot;:708,&quot;335559739&quot;:0,&quot;335559740&quot;:240}\">\u00a0<\/span><\/p>\n<p><span data-contrast=\"auto\">Benno\u00a0de\u00a0Keijzer\u00a0dijo que\u00a0desde la UNAM\u00a0se ha estado impulsando que escritores\u00a0den\u00a0cuenta de su experiencia.\u00a0\u201cEscribir, narrar, tener nuestro propio diario de la pandemia, puede ayudar a\u00a0sobrellevar el desgaste\u00a0que nos obliga a estar a la distancia\u201d.<\/span><span data-ccp-props=\"{&quot;201341983&quot;:0,&quot;335559731&quot;:708,&quot;335559739&quot;:0,&quot;335559740&quot;:240}\">\u00a0<\/span><\/p>\n<p><span data-contrast=\"auto\">Reconoci\u00f3 que muchas personas han\u00a0tenido alguna p\u00e9rdida de familiares o personas cercanas,\u00a0tambi\u00e9n hay p\u00e9rdidas\u00a0de\u00a0trabajo,\u00a0otras se relacionan\u00a0con ya no poder ver a la familia\u00a0y\u00a0con el \u00e1mbito educativo que se vio detenido.<\/span><span data-ccp-props=\"{&quot;201341983&quot;:0,&quot;335559731&quot;:708,&quot;335559739&quot;:0,&quot;335559740&quot;:240}\">\u00a0<\/span><\/p>\n<p><span data-contrast=\"auto\">Se ha\u00a0visto afectada nuestra salud mental,\u00a0\u201cque tiene que ver con los problemas de salud,\u00a0pues\u00a0muchas personas\u00a0aumentaron\u00a0el consumo de alcohol\u00a0u\u00a0otras sustancias\u201d.<\/span><span data-ccp-props=\"{&quot;201341983&quot;:0,&quot;335559731&quot;:708,&quot;335559739&quot;:0,&quot;335559740&quot;:240}\">\u00a0<\/span><\/p>\n<p><span data-contrast=\"auto\">Resalt\u00f3\u00a0tambi\u00e9n\u00a0que la salud mental tiene que ver con la clase social,\u00a0g\u00e9nero, edad y etnia, problemas cl\u00e1sicos de la medicina psicol\u00f3gica asociados\u00a0con males como\u00a0el\u00a0estr\u00e9s,\u00a0que es cuando el cuerpo habla.<\/span><span data-ccp-props=\"{&quot;201341983&quot;:0,&quot;335559731&quot;:708,&quot;335559739&quot;:0,&quot;335559740&quot;:240}\">\u00a0<\/span><\/p>\n<p><span data-contrast=\"auto\">\u201cPara mucha gente la salud mental tiene que ver\u00a0con los problemas cl\u00e1sicos, medicina, psicolog\u00eda, estr\u00e9s o con los problemas\u00a0sicosom\u00e1ticos\u201d, finaliz\u00f3.<\/span><span data-ccp-props=\"{&quot;201341983&quot;:0,&quot;335559731&quot;:708,&quot;335559739&quot;:0,&quot;335559740&quot;:240}\">\u00a0<\/span><\/p>\n","protected":false},"excerpt":{"rendered":"<p>Hay que tomarla as\u00ed porque es preciso tener claro lo que se debe o no hacer, se\u00f1al\u00f3 en conferencia Benno de Keijzer, del Instituto de Salud P\u00fablica de la UV <\/p>\n","protected":false},"author":1775,"featured_media":100830,"comment_status":"closed","ping_status":"closed","sticky":false,"template":"","format":"standard","meta":[],"categories":[1],"tags":[3713,738,354,1580,3714,1444,575],"_links":{"self":[{"href":"https:\/\/www.uv.mx\/prensa\/wp-json\/wp\/v2\/posts\/100829"}],"collection":[{"href":"https:\/\/www.uv.mx\/prensa\/wp-json\/wp\/v2\/posts"}],"about":[{"href":"https:\/\/www.uv.mx\/prensa\/wp-json\/wp\/v2\/types\/post"}],"author":[{"embeddable":true,"href":"https:\/\/www.uv.mx\/prensa\/wp-json\/wp\/v2\/users\/1775"}],"replies":[{"embeddable":true,"href":"https:\/\/www.uv.mx\/prensa\/wp-json\/wp\/v2\/comments?post=100829"}],"version-history":[{"count":1,"href":"https:\/\/www.uv.mx\/prensa\/wp-json\/wp\/v2\/posts\/100829\/revisions"}],"predecessor-version":[{"id":101076,"href":"https:\/\/www.uv.mx\/prensa\/wp-json\/wp\/v2\/posts\/100829\/revisions\/101076"}],"wp:featuredmedia":[{"embeddable":true,"href":"https:\/\/www.uv.mx\/prensa\/wp-json\/wp\/v2\/media\/100830"}],"wp:attachment":[{"href":"https:\/\/www.uv.mx\/prensa\/wp-json\/wp\/v2\/media?parent=100829"}],"wp:term":[{"taxonomy":"category","embeddable":true,"href":"https:\/\/www.uv.mx\/prensa\/wp-json\/wp\/v2\/categories?post=100829"},{"taxonomy":"post_tag","embeddable":true,"href":"https:\/\/www.uv.mx\/prensa\/wp-json\/wp\/v2\/tags?post=100829"}],"curies":[{"name":"wp","href":"https:\/\/api.w.org\/{rel}","templated":true}]}}