{"id":100849,"date":"2021-08-20T15:56:24","date_gmt":"2021-08-20T20:56:24","guid":{"rendered":"https:\/\/www.uv.mx\/prensa\/?p=100849"},"modified":"2021-08-20T15:56:24","modified_gmt":"2021-08-20T20:56:24","slug":"uv-presenta-a-gerardo-vargas-y-su-imaginario-en-la-filu-en-la-rac","status":"publish","type":"post","link":"https:\/\/www.uv.mx\/prensa\/cultura\/uv-presenta-a-gerardo-vargas-y-su-imaginario-en-la-filu-en-la-rac\/","title":{"rendered":"UV presenta a <em>Gerardo Vargas y su imaginario en la FILU<\/em>, en la RAC"},"content":{"rendered":"<ul>\n<li data-leveltext=\"\uf0b7\" data-font=\"Symbol\" data-listid=\"1\" data-aria-posinset=\"1\" data-aria-level=\"1\"><i><span data-contrast=\"auto\">En formato de exposici\u00f3n se exhibe en la Galer\u00eda Universitaria \u201cRam\u00f3n Alva de la Canal\u201d<\/span><\/i><span data-ccp-props=\"{&quot;134233279&quot;:true,&quot;201341983&quot;:0,&quot;335559739&quot;:120,&quot;335559740&quot;:240}\">, <i>hasta el 12 de septiembre <\/i><br \/>\n<\/span><\/li>\n<li data-leveltext=\"\uf0b7\" data-font=\"Symbol\" data-listid=\"1\" data-aria-posinset=\"2\" data-aria-level=\"1\"><i><span data-contrast=\"auto\">Tambi\u00e9n se present\u00f3 en formato de libro, bajo el sello de la Editorial UV<\/span><\/i><span data-ccp-props=\"{&quot;134233279&quot;:true,&quot;201341983&quot;:0,&quot;335559739&quot;:120,&quot;335559740&quot;:240}\">\u00a0<\/span><\/li>\n<\/ul>\n<p>&nbsp;<\/p>\n<div id=\"attachment_100854\" style=\"width: 732px\" class=\"wp-caption aligncenter\"><a href=\"https:\/\/www.uv.mx\/prensa\/files\/2021\/08\/200821-Gerardo-Vargas-1.jpg\"><img aria-describedby=\"caption-attachment-100854\" decoding=\"async\" loading=\"lazy\" class=\"size-full wp-image-100854\" src=\"https:\/\/www.uv.mx\/prensa\/files\/2021\/08\/200821-Gerardo-Vargas-1.jpg\" alt=\"\" width=\"722\" height=\"481\" srcset=\"https:\/\/www.uv.mx\/prensa\/files\/2021\/08\/200821-Gerardo-Vargas-1.jpg 722w, https:\/\/www.uv.mx\/prensa\/files\/2021\/08\/200821-Gerardo-Vargas-1-300x200.jpg 300w\" sizes=\"(max-width: 722px) 100vw, 722px\" \/><\/a><p id=\"caption-attachment-100854\" class=\"wp-caption-text\">\u201cSoy alguien que ama su trabajo, no hay nada que me satisfaga m\u00e1s que dibujar\u201d, se\u00f1al\u00f3 el expositor<\/p><\/div>\n<p>&nbsp;<\/p>\n<p><b><i><span data-contrast=\"auto\">Karina de la Paz Reyes D\u00edaz<\/span><\/i><\/b><span data-ccp-props=\"{&quot;134233279&quot;:true,&quot;201341983&quot;:0,&quot;335559739&quot;:120,&quot;335559740&quot;:240}\">\u00a0<\/span><\/p>\n<p><b><i><span data-contrast=\"auto\">20\/08\/2021, Xalapa, Ver.-<\/span><\/i><\/b> <i><span data-contrast=\"auto\">Gerardo Vargas y su imaginario en la FILU 2014-2021<\/span><\/i><span data-contrast=\"auto\">, tanto en formato de exposici\u00f3n como de libro, fue presentado en la Galer\u00eda Universitaria \u201cRam\u00f3n Alva de la Canal\u201d (RAC) de la Universidad Veracruzana (UV). Con esto se cierra un ciclo, dijo el artista e integrante del Instituto de Artes Pl\u00e1sticas (IAP). \u201cSoy alguien que ama su trabajo, no hay nada que me satisfaga m\u00e1s que dibujar\u201d, a\u00f1adi\u00f3.<\/span><span data-ccp-props=\"{&quot;134233279&quot;:true,&quot;201341983&quot;:0,&quot;335559739&quot;:120,&quot;335559740&quot;:240}\">\u00a0<\/span><\/p>\n<p><span data-contrast=\"auto\">La ceremonia fue presidida por la rectora Sara Ladr\u00f3n de Guevara, quien elogi\u00f3 la obra de Gerardo Vargas, <\/span><span data-contrast=\"auto\">\u201c<\/span><span data-contrast=\"auto\">autor de la imaginer\u00eda, de la identidad\u201d de la Feria Internacional del Libro Universitario (FILU) durante su rectorado, de 2014 a 2021, lo que en consecuencia internacionaliz\u00f3 al artista y su quehacer por los pa\u00edses que fueron invitados a la fiesta de las letras de la Universidad: Brasil, Per\u00fa, Francia, Estados Unidos, Espa\u00f1a, Colombia y China.<\/span><span data-ccp-props=\"{&quot;134233279&quot;:true,&quot;201341983&quot;:0,&quot;335559739&quot;:120,&quot;335559740&quot;:240}\">\u00a0<\/span><\/p>\n<p><span data-contrast=\"auto\">El evento se desarroll\u00f3 el 20 de agosto a puerta cerrada, en atenci\u00f3n al sem\u00e1foro epidemiol\u00f3gico; asistieron, principalmente, funcionarios de la instituci\u00f3n.<\/span><span data-ccp-props=\"{&quot;134233279&quot;:true,&quot;201341983&quot;:0,&quot;335559739&quot;:120,&quot;335559740&quot;:240}\">\u00a0<\/span><\/p>\n<p><span data-contrast=\"auto\">La mesa fue moderada por el coordinador de la FILU, Germ\u00e1n Mart\u00ednez Aceves, y en ella participaron, adem\u00e1s de Gerardo Vargas y Sara Ladr\u00f3n de Guevara, la directora de la Facultad de Letras Espa\u00f1olas, Magali Velasco Vargas, y el director del IAP, Vinicio Reyes.<\/span><span data-ccp-props=\"{&quot;134233279&quot;:true,&quot;201341983&quot;:0,&quot;335559739&quot;:120,&quot;335559740&quot;:240}\">\u00a0<\/span><\/p>\n<p>&nbsp;<\/p>\n<div id=\"attachment_100855\" style=\"width: 732px\" class=\"wp-caption aligncenter\"><a href=\"https:\/\/www.uv.mx\/prensa\/files\/2021\/08\/200821-Gerardo-Vargas-2.jpg\"><img aria-describedby=\"caption-attachment-100855\" decoding=\"async\" loading=\"lazy\" class=\"size-full wp-image-100855\" src=\"https:\/\/www.uv.mx\/prensa\/files\/2021\/08\/200821-Gerardo-Vargas-2.jpg\" alt=\"\" width=\"722\" height=\"482\" srcset=\"https:\/\/www.uv.mx\/prensa\/files\/2021\/08\/200821-Gerardo-Vargas-2.jpg 722w, https:\/\/www.uv.mx\/prensa\/files\/2021\/08\/200821-Gerardo-Vargas-2-300x200.jpg 300w\" sizes=\"(max-width: 722px) 100vw, 722px\" \/><\/a><p id=\"caption-attachment-100855\" class=\"wp-caption-text\">La rectora Sara Ladr\u00f3n de Guevara particip\u00f3 en la presentaci\u00f3n del libro <em>Gerardo Vargas y su imaginario en la FILU<\/em><\/p><\/div>\n<p>&nbsp;<\/p>\n<p><span data-contrast=\"auto\">Velasco Vargas escribi\u00f3 el texto introductorio del libro <\/span><i><span data-contrast=\"auto\">Gerardo Vargas y su imaginario en la FILU <\/span><\/i><span data-contrast=\"auto\">(Editorial UV), mismo que titul\u00f3 \u201cAzar y juego en la creaci\u00f3n\u201d. En su intervenci\u00f3n, agradeci\u00f3 a la Rectora la libertad creativa de la que goz\u00f3 cuando se desempe\u00f1\u00f3 como coordinadora de la FILU, y destac\u00f3 las historias narradas en im\u00e1genes, \u201cla creatividad que contagia\u201d de Gerardo Vargas, as\u00ed como su invariable disposici\u00f3n a trabajar, desde la primera ocasi\u00f3n que le propusieron crear la imagen de la feria.<\/span><span data-ccp-props=\"{&quot;134233279&quot;:true,&quot;201341983&quot;:0,&quot;335559739&quot;:120,&quot;335559740&quot;:240}\">\u00a0<\/span><\/p>\n<p><span data-contrast=\"auto\">A su vez, Vinicio Reyes subray\u00f3 la importancia del trabajo colaborativo y vinculado de las entidades de la UV, y la obra en s\u00ed de Gerardo Vargas, misma que est\u00e1 entre lo \u201con\u00edrico y lo literario\u201d. Es m\u00e1s, para \u00e9l, se trata de un artista referente de las nuevas generaciones de artistas pl\u00e1sticos.<\/span><span data-ccp-props=\"{&quot;134233279&quot;:true,&quot;201341983&quot;:0,&quot;335559739&quot;:120,&quot;335559740&quot;:240}\">\u00a0<\/span><\/p>\n<p><span data-contrast=\"auto\">El curador de la exposici\u00f3n, que estar\u00e1 abierta al p\u00fablico hasta el 12 de septiembre, el artista Jonathan Far\u00edas; mientras el editor del libro es Alberto Toval\u00edn Ahumada.<\/span><span data-ccp-props=\"{&quot;134233279&quot;:true,&quot;201341983&quot;:0,&quot;335559731&quot;:708,&quot;335559739&quot;:120,&quot;335559740&quot;:240}\">\u00a0<\/span><\/p>\n<p><span data-contrast=\"auto\">Como parte del p\u00fablico estuvieron presentes los titulares de las secretar\u00edas Acad\u00e9mica, de Administraci\u00f3n y Finanzas y de Desarrollo Institucional: Magdalena Hern\u00e1ndez Alarc\u00f3n, Salvador Tapia Spinoso y Octavio Ochoa Contreras, respectivamente; los directores de Difusi\u00f3n Cultural y del \u00c1rea Acad\u00e9mica de Artes, Rafael Alcal\u00e1 Hinojosa y Miguel Flores Covarrubias, respectivamente.<\/span><span data-ccp-props=\"{&quot;134233279&quot;:true,&quot;201341983&quot;:0,&quot;335559739&quot;:120,&quot;335559740&quot;:240}\">\u00a0<\/span><\/p>\n<p><span data-contrast=\"auto\">Naturalmente el anfitri\u00f3n, Gustavo Olivares Morales, coordinador de la Galer\u00eda RAC; el director de la Editorial UV, Edgar Garc\u00eda Valencia, y el director general de Comunicaci\u00f3n Universitaria, Raciel Mart\u00ednez G\u00f3mez, entre otros asistentes.<\/span><span data-ccp-props=\"{&quot;134233279&quot;:true,&quot;201341983&quot;:0,&quot;335559739&quot;:120,&quot;335559740&quot;:240}\">\u00a0<\/span><\/p>\n<p>&nbsp;<\/p>\n<div id=\"attachment_100852\" style=\"width: 732px\" class=\"wp-caption aligncenter\"><a href=\"https:\/\/www.uv.mx\/prensa\/files\/2021\/08\/200821-Gerardo-Vargas-3.jpg\"><img aria-describedby=\"caption-attachment-100852\" decoding=\"async\" loading=\"lazy\" class=\"size-full wp-image-100852\" src=\"https:\/\/www.uv.mx\/prensa\/files\/2021\/08\/200821-Gerardo-Vargas-3.jpg\" alt=\"\" width=\"722\" height=\"482\" srcset=\"https:\/\/www.uv.mx\/prensa\/files\/2021\/08\/200821-Gerardo-Vargas-3.jpg 722w, https:\/\/www.uv.mx\/prensa\/files\/2021\/08\/200821-Gerardo-Vargas-3-300x200.jpg 300w\" sizes=\"(max-width: 722px) 100vw, 722px\" \/><\/a><p id=\"caption-attachment-100852\" class=\"wp-caption-text\">Autoridades universitarias inauguraron la exposici\u00f3n<\/p><\/div>\n","protected":false},"excerpt":{"rendered":"<p>La obra de Gerardo Vargas, un artista referente de las nuevas generaciones de artistas pl\u00e1sticos, est\u00e1 entre lo \u201con\u00edrico y lo literario\u201d, se\u00f1al\u00f3 Vinicio Reyes, director del Instituto de Artes Pl\u00e1sticas<\/p>\n","protected":false},"author":1508,"featured_media":100853,"comment_status":"closed","ping_status":"closed","sticky":false,"template":"","format":"standard","meta":[],"categories":[11,61],"tags":[],"_links":{"self":[{"href":"https:\/\/www.uv.mx\/prensa\/wp-json\/wp\/v2\/posts\/100849"}],"collection":[{"href":"https:\/\/www.uv.mx\/prensa\/wp-json\/wp\/v2\/posts"}],"about":[{"href":"https:\/\/www.uv.mx\/prensa\/wp-json\/wp\/v2\/types\/post"}],"author":[{"embeddable":true,"href":"https:\/\/www.uv.mx\/prensa\/wp-json\/wp\/v2\/users\/1508"}],"replies":[{"embeddable":true,"href":"https:\/\/www.uv.mx\/prensa\/wp-json\/wp\/v2\/comments?post=100849"}],"version-history":[{"count":1,"href":"https:\/\/www.uv.mx\/prensa\/wp-json\/wp\/v2\/posts\/100849\/revisions"}],"predecessor-version":[{"id":100862,"href":"https:\/\/www.uv.mx\/prensa\/wp-json\/wp\/v2\/posts\/100849\/revisions\/100862"}],"wp:featuredmedia":[{"embeddable":true,"href":"https:\/\/www.uv.mx\/prensa\/wp-json\/wp\/v2\/media\/100853"}],"wp:attachment":[{"href":"https:\/\/www.uv.mx\/prensa\/wp-json\/wp\/v2\/media?parent=100849"}],"wp:term":[{"taxonomy":"category","embeddable":true,"href":"https:\/\/www.uv.mx\/prensa\/wp-json\/wp\/v2\/categories?post=100849"},{"taxonomy":"post_tag","embeddable":true,"href":"https:\/\/www.uv.mx\/prensa\/wp-json\/wp\/v2\/tags?post=100849"}],"curies":[{"name":"wp","href":"https:\/\/api.w.org\/{rel}","templated":true}]}}