{"id":100907,"date":"2021-08-21T17:03:59","date_gmt":"2021-08-21T22:03:59","guid":{"rendered":"https:\/\/www.uv.mx\/prensa\/?p=100907"},"modified":"2021-08-21T17:03:59","modified_gmt":"2021-08-21T22:03:59","slug":"medicina-veracruz-obtuvo-acreditacion-y-distincion-de-calidad-superior","status":"publish","type":"post","link":"https:\/\/www.uv.mx\/prensa\/banner\/medicina-veracruz-obtuvo-acreditacion-y-distincion-de-calidad-superior\/","title":{"rendered":"Medicina-Veracruz obtuvo acreditaci\u00f3n y distinci\u00f3n de calidad superior"},"content":{"rendered":"<ul>\n<li data-leveltext=\"\uf0b7\" data-font=\"Symbol\" data-listid=\"14\" data-aria-posinset=\"1\" data-aria-level=\"1\"><i><span data-contrast=\"auto\">El reconocimiento otorgado por <\/span><\/i><span data-contrast=\"auto\">Comaem<\/span><i><span data-contrast=\"auto\"> se suma a las acreditaciones de calidad de los cuatro programas educativos de M\u00e9dico Cirujano en las regiones UV, completando as\u00ed el 100% de ellos<\/span><\/i><\/li>\n<li data-leveltext=\"\uf0b7\" data-font=\"Symbol\" data-listid=\"14\" data-aria-posinset=\"2\" data-aria-level=\"1\"><i><span data-contrast=\"auto\"><span data-ccp-charstyle=\"normaltextrun1\" data-ccp-charstyle-defn=\"{&quot;ObjectId&quot;:&quot;0d6c0dcf-d420-4520-b626-b68ba8ecb5cf|139&quot;,&quot;ClassId&quot;:1073872969,&quot;Properties&quot;:[134233614,&quot;true&quot;,201340122,&quot;1&quot;,469775450,&quot;normaltextrun1&quot;,469778129,&quot;normaltextrun1&quot;,469778324,&quot;Default Paragraph Font&quot;]}\">\u201cHoy m\u00e1s que nunca necesitamos profesionales de la medicina<\/span> <span data-ccp-charstyle=\"normaltextrun1\">dotados de las mejores herramientas posibles en todos los campos de su quehacer laboral\u201d: Sara Ladr\u00f3n de Guevara<\/span><\/span><\/i><span data-ccp-props=\"{&quot;201341983&quot;:0,&quot;335559739&quot;:0,&quot;335559740&quot;:240}\">\u00a0<\/span><\/li>\n<\/ul>\n<p>&nbsp;<\/p>\n<div id=\"attachment_100910\" style=\"width: 1163px\" class=\"wp-caption aligncenter\"><a href=\"https:\/\/www.uv.mx\/prensa\/files\/2021\/08\/210821-Medicina-1.jpg\"><img aria-describedby=\"caption-attachment-100910\" decoding=\"async\" loading=\"lazy\" class=\"size-full wp-image-100910\" src=\"https:\/\/www.uv.mx\/prensa\/files\/2021\/08\/210821-Medicina-1.jpg\" alt=\"\" width=\"1153\" height=\"481\" srcset=\"https:\/\/www.uv.mx\/prensa\/files\/2021\/08\/210821-Medicina-1.jpg 1153w, https:\/\/www.uv.mx\/prensa\/files\/2021\/08\/210821-Medicina-1-300x125.jpg 300w, https:\/\/www.uv.mx\/prensa\/files\/2021\/08\/210821-Medicina-1-1024x427.jpg 1024w, https:\/\/www.uv.mx\/prensa\/files\/2021\/08\/210821-Medicina-1-768x320.jpg 768w\" sizes=\"(max-width: 1153px) 100vw, 1153px\" \/><\/a><p id=\"caption-attachment-100910\" class=\"wp-caption-text\">La rectora Sara Ladr\u00f3n de Guevara recibi\u00f3 de <em>Comaem<\/em> los testimonios de Acreditaci\u00f3n de Calidad y Distinci\u00f3n de Calidad Superior de la Facultad de Medicina, regi\u00f3n Veracruz<\/p><\/div>\n<p>&nbsp;<\/p>\n<p><span data-contrast=\"auto\">\u202f<\/span><b><i><span data-contrast=\"auto\">Jos\u00e9 Luis Couttolenc Soto<\/span><\/i><\/b><span data-contrast=\"auto\">\u202f<\/span><span data-ccp-props=\"{&quot;201341983&quot;:0,&quot;335559739&quot;:0,&quot;335559740&quot;:240}\">\u00a0<\/span><\/p>\n<p><span data-contrast=\"auto\">\u202f<\/span><b><i><span data-contrast=\"auto\">21\/08\/2021, Xalapa, Ver.-<\/span><\/i><\/b><span data-contrast=\"auto\"> En ceremonia efectuada la ma\u00f1ana de este s\u00e1bado, la rectora Sara Ladr\u00f3n de Guevara recibi\u00f3 de manos de la presidenta del Consejo Mexicano para la Acreditaci\u00f3n de la Educaci\u00f3n M\u00e9dica, A.C. (<\/span><i><span data-contrast=\"auto\">Comaem<\/span><\/i><span data-contrast=\"auto\">), Irene Durante Montiel, el testimonio que acredita la calidad del programa educativo (PE) de M\u00e9dico Cirujano de la Facultad de Medicina de la regi\u00f3n Veracruz, para el periodo 27 de julio 2021 al 26 de julio de 2026.<\/span><span data-ccp-props=\"{&quot;201341983&quot;:0,&quot;335559739&quot;:0,&quot;335559740&quot;:240}\">\u00a0<\/span><\/p>\n<p><span data-contrast=\"auto\">En el mismo evento, realizado en la Sala de Juntas de la Rector\u00eda, el organismo acreditador entreg\u00f3 a esta entidad acad\u00e9mica la Distinci\u00f3n de Calidad Superior, por haber cubierto satisfactoriamente los est\u00e1ndares de excelencia.<\/span><span data-ccp-props=\"{&quot;201341983&quot;:0,&quot;335559739&quot;:0,&quot;335559740&quot;:240}\">\u00a0<\/span><\/p>\n<p><span data-contrast=\"auto\">Tras recibir ambos reconocimientos, la Rectora expres\u00f3 que hoy m\u00e1s que nunca se requiere de profesionales de la medicina dotados de las mejores herramientas posibles en todos los campos de su quehacer laboral, enfatizando que esto debe ser tanto en su formaci\u00f3n acad\u00e9mica y humana, como en la infraestructura y las herramientas de que se les dota, en su formaci\u00f3n \u00e9tica y alcances pr\u00e1cticos.<\/span><span data-ccp-props=\"{&quot;201341983&quot;:0,&quot;335559739&quot;:0,&quot;335559740&quot;:240}\">\u00a0<\/span><\/p>\n<p><span data-contrast=\"auto\">Agreg\u00f3 que una de las mejores maneras de lograrlo y garantizarlo, es ofreciendo una educaci\u00f3n de calidad que pasa por la acreditaci\u00f3n, porque \u201crefleja el cumplimiento de las normas establecidas por organismos nacionales e internacionales, garantizando la seguridad de contar con altos est\u00e1ndares de calidad, y formando m\u00e9dicos que cuenten con todas las herramientas que un programa bien orientado les pueda ofrecer para desarrollarse como profesionales capaces de lograr sus metas y objetivos a trav\u00e9s de sus competencias, aptitudes y su esfuerzo\u201d.<\/span><span data-ccp-props=\"{&quot;201341983&quot;:0,&quot;335559739&quot;:0,&quot;335559740&quot;:240}\">\u00a0<\/span><\/p>\n<p><span data-contrast=\"auto\">Se congratul\u00f3 de que el evento reuniera a tres personajes que en su momento ocuparan la direcci\u00f3n de la Facultad de Medicina de Veracruz, obteniendo la acreditaci\u00f3n correspondiente; ellos son Alfonso Gerardo P\u00e9rez Morales, Pedro Guti\u00e9rrez Aguilar y Julio C\u00e9sar Vi\u00f1as Dozal (actual).<\/span><span data-ccp-props=\"{&quot;201341983&quot;:0,&quot;335559739&quot;:0,&quot;335559740&quot;:240}\">\u00a0<\/span><\/p>\n<p>&nbsp;<\/p>\n<div id=\"attachment_100909\" style=\"width: 1161px\" class=\"wp-caption aligncenter\"><a href=\"https:\/\/www.uv.mx\/prensa\/files\/2021\/08\/210821-Medicina-2.jpg\"><img aria-describedby=\"caption-attachment-100909\" decoding=\"async\" loading=\"lazy\" class=\"size-full wp-image-100909\" src=\"https:\/\/www.uv.mx\/prensa\/files\/2021\/08\/210821-Medicina-2.jpg\" alt=\"\" width=\"1151\" height=\"481\" srcset=\"https:\/\/www.uv.mx\/prensa\/files\/2021\/08\/210821-Medicina-2.jpg 1151w, https:\/\/www.uv.mx\/prensa\/files\/2021\/08\/210821-Medicina-2-300x125.jpg 300w, https:\/\/www.uv.mx\/prensa\/files\/2021\/08\/210821-Medicina-2-1024x428.jpg 1024w, https:\/\/www.uv.mx\/prensa\/files\/2021\/08\/210821-Medicina-2-768x321.jpg 768w\" sizes=\"(max-width: 1151px) 100vw, 1151px\" \/><\/a><p id=\"caption-attachment-100909\" class=\"wp-caption-text\">Alfonso Gerardo P\u00e9rez, Pedro Guti\u00e9rrez, Julio C\u00e9sar Vi\u00f1as, Sara Ladr\u00f3n de Guevara e Irene Durante<\/p><\/div>\n<p>&nbsp;<\/p>\n<p><span data-contrast=\"auto\">Por su parte la presidenta del <\/span><i><span data-contrast=\"auto\">Comaem<\/span><\/i><span data-contrast=\"auto\">, apunt\u00f3 que la UV siempre ha dejado huella hist\u00f3rica, puntualizando que Sara Ladr\u00f3n de Guevara \u201ctuvo la visi\u00f3n de comprometerse con la calidad y hoy, en el caso de Medicina-Veracruz, se suma a las otras entidades que ofrecen esta disciplina para contar con sus cinco facultades acreditadas, por ello la felicito por su liderazgo, cuando se trabaja en conjunto se logran cosas importantes\u201d.<\/span><span data-ccp-props=\"{&quot;201341983&quot;:0,&quot;335559739&quot;:0,&quot;335559740&quot;:240}\">\u00a0<\/span><\/p>\n<p><span data-contrast=\"auto\">En su oportunidad, Pedro Guti\u00e9rrez Aguilar, director general del \u00c1rea Acad\u00e9mica de Ciencias de la Salud, destac\u00f3 la importancia de la acreditaci\u00f3n por parte de <\/span><i><span data-contrast=\"auto\">Comaem<\/span><\/i><span data-contrast=\"auto\"> que, dijo, es un organismo avalado por el Consejo para la Acreditaci\u00f3n de Educaci\u00f3n superior (<\/span><i><span data-contrast=\"auto\">Copaes<\/span><\/i><span data-contrast=\"auto\">), por la Red Iberoamericana para el Aseguramiento de la Calidad en la Educaci\u00f3n Superior (RIACES), la World Federation of Medical Education y por The National Committee on Foreing Medical Education and Accreditation (NCFMEA), que lo hace un organismo de car\u00e1cter mundial.<\/span><span data-ccp-props=\"{&quot;201341983&quot;:0,&quot;335559739&quot;:0,&quot;335559740&quot;:240}\">\u00a0<\/span><\/p>\n<p><span data-contrast=\"auto\">Indic\u00f3 que, como parte del aseguramiento de calidad, la Secretar\u00eda de Salud (SS) indic\u00f3 que se ofertar\u00e1n campos cl\u00ednicos \u00fanicamente a programas educativos que est\u00e9n acreditados, lo que hace m\u00e1s importante este logro, con el que cuentan tambi\u00e9n las dem\u00e1s facultades de medicina de la UV.<\/span><span data-ccp-props=\"{&quot;201341983&quot;:0,&quot;335559739&quot;:0,&quot;335559740&quot;:240}\">\u00a0<\/span><\/p>\n<p><span data-contrast=\"auto\">En la ceremonia intervinieron tambi\u00e9n el vicerrector de la regi\u00f3n Veracruz, Alfonso Gerardo P\u00e9rez Morales, y el director de la Facultad de Medicina, Julio C\u00e9sar Vi\u00f1as Dozal.<\/span><span data-ccp-props=\"{&quot;201341983&quot;:0,&quot;335559739&quot;:0,&quot;335559740&quot;:240}\">\u00a0<\/span><\/p>\n<p><span data-contrast=\"auto\">Estuvieron presentes los titulares de las secretar\u00edas Acad\u00e9mica, Magdalena Hern\u00e1ndez Alarc\u00f3n; de Administraci\u00f3n y Finanzas, Salvador Tapia Spinoso y de Desarrollo Institucional, Octavio Ochoa Contreras; la Abogada General Ana Lilia Ulloa Cu\u00e9llar y la directora de Planeaci\u00f3n Institucional, Launa Elena Mart\u00ednez M\u00e1rquez.<\/span><span data-ccp-props=\"{&quot;134233279&quot;:true,&quot;201341983&quot;:0,&quot;335559739&quot;:0,&quot;335559740&quot;:240}\">\u00a0<\/span><\/p>\n<p><span data-contrast=\"auto\">A trav\u00e9s del sistema <\/span><i><span data-contrast=\"auto\">UVZoom<\/span><\/i><span data-contrast=\"auto\">, atendieron el evento los Vicerrectores y diversos integrantes de la comunidad universitaria de la regi\u00f3n Veracruz.<\/span><span data-ccp-props=\"{&quot;201341983&quot;:0,&quot;335559739&quot;:160,&quot;335559740&quot;:259}\">\u00a0<\/span><\/p>\n<p>&nbsp;<\/p>\n<div id=\"attachment_100908\" style=\"width: 1163px\" class=\"wp-caption aligncenter\"><a href=\"https:\/\/www.uv.mx\/prensa\/files\/2021\/08\/210821-Medicina-3.jpg\"><img aria-describedby=\"caption-attachment-100908\" decoding=\"async\" loading=\"lazy\" class=\"size-full wp-image-100908\" src=\"https:\/\/www.uv.mx\/prensa\/files\/2021\/08\/210821-Medicina-3.jpg\" alt=\"\" width=\"1153\" height=\"481\" srcset=\"https:\/\/www.uv.mx\/prensa\/files\/2021\/08\/210821-Medicina-3.jpg 1153w, https:\/\/www.uv.mx\/prensa\/files\/2021\/08\/210821-Medicina-3-300x125.jpg 300w, https:\/\/www.uv.mx\/prensa\/files\/2021\/08\/210821-Medicina-3-1024x427.jpg 1024w, https:\/\/www.uv.mx\/prensa\/files\/2021\/08\/210821-Medicina-3-768x320.jpg 768w\" sizes=\"(max-width: 1153px) 100vw, 1153px\" \/><\/a><p id=\"caption-attachment-100908\" class=\"wp-caption-text\">La Facultad de Medicina de Veracruz recibi\u00f3 de <em>Comaem<\/em> la Acreditaci\u00f3n de Calidad de su programa educativo de M\u00e9dico Cirujano<\/p><\/div>\n","protected":false},"excerpt":{"rendered":"<p>La presidenta del <em>Comaem<\/em>, Irene Durante, se\u00f1al\u00f3 que la UV siempre ha dejado huella hist\u00f3rica y destac\u00f3 que la rectora Sara Ladr\u00f3n de Guevara tuvo la visi\u00f3n de comprometerse con la calidad<\/p>\n","protected":false},"author":1508,"featured_media":100912,"comment_status":"closed","ping_status":"closed","sticky":false,"template":"","format":"standard","meta":[],"categories":[61],"tags":[],"_links":{"self":[{"href":"https:\/\/www.uv.mx\/prensa\/wp-json\/wp\/v2\/posts\/100907"}],"collection":[{"href":"https:\/\/www.uv.mx\/prensa\/wp-json\/wp\/v2\/posts"}],"about":[{"href":"https:\/\/www.uv.mx\/prensa\/wp-json\/wp\/v2\/types\/post"}],"author":[{"embeddable":true,"href":"https:\/\/www.uv.mx\/prensa\/wp-json\/wp\/v2\/users\/1508"}],"replies":[{"embeddable":true,"href":"https:\/\/www.uv.mx\/prensa\/wp-json\/wp\/v2\/comments?post=100907"}],"version-history":[{"count":1,"href":"https:\/\/www.uv.mx\/prensa\/wp-json\/wp\/v2\/posts\/100907\/revisions"}],"predecessor-version":[{"id":100913,"href":"https:\/\/www.uv.mx\/prensa\/wp-json\/wp\/v2\/posts\/100907\/revisions\/100913"}],"wp:featuredmedia":[{"embeddable":true,"href":"https:\/\/www.uv.mx\/prensa\/wp-json\/wp\/v2\/media\/100912"}],"wp:attachment":[{"href":"https:\/\/www.uv.mx\/prensa\/wp-json\/wp\/v2\/media?parent=100907"}],"wp:term":[{"taxonomy":"category","embeddable":true,"href":"https:\/\/www.uv.mx\/prensa\/wp-json\/wp\/v2\/categories?post=100907"},{"taxonomy":"post_tag","embeddable":true,"href":"https:\/\/www.uv.mx\/prensa\/wp-json\/wp\/v2\/tags?post=100907"}],"curies":[{"name":"wp","href":"https:\/\/api.w.org\/{rel}","templated":true}]}}