{"id":100974,"date":"2021-08-24T09:25:01","date_gmt":"2021-08-24T14:25:01","guid":{"rendered":"https:\/\/www.uv.mx\/prensa\/?p=100974"},"modified":"2021-08-26T16:24:41","modified_gmt":"2021-08-26T21:24:41","slug":"extraccion-de-datos-nueva-colonizacion-mundial-guillermo-orozco","status":"publish","type":"post","link":"https:\/\/www.uv.mx\/prensa\/general\/extraccion-de-datos-nueva-colonizacion-mundial-guillermo-orozco\/","title":{"rendered":"Extracci\u00f3n de datos, nueva colonizaci\u00f3n mundial: Guillermo Orozco"},"content":{"rendered":"<ul>\n<li data-leveltext=\"\uf0b7\" data-font=\"Symbol\" data-listid=\"5\" data-aria-posinset=\"1\" data-aria-level=\"1\"><i><span data-contrast=\"auto\">\u201cAlgunos grupos mercantiles y sectores gubernamentales extraen para su beneficio informaci\u00f3n personal a todos los ciudadanos del mundo, de una manera sutil e invisible\u201d<\/span><\/i><span data-ccp-props=\"{}\">\u00a0<\/span><\/li>\n<li data-leveltext=\"\uf0b7\" data-font=\"Symbol\" data-listid=\"5\" data-aria-posinset=\"2\" data-aria-level=\"1\"><i><span data-contrast=\"auto\">\u201cEntre la informaci\u00f3n extra\u00edda se encuentran los gustos para disfrutar contenidos medi\u00e1ticos, y las preferencias de interacci\u00f3n a trav\u00e9s de las plataformas digitales\u201d<\/span><\/i><span data-ccp-props=\"{}\">\u00a0<\/span><\/li>\n<\/ul>\n<p><span data-ccp-props=\"{}\">\u00a0<\/span><\/p>\n<div id=\"attachment_100975\" style=\"width: 732px\" class=\"wp-caption aligncenter\"><a href=\"https:\/\/www.uv.mx\/prensa\/files\/2021\/08\/230821-El-publico-imaginado-100k.jpg\"><img aria-describedby=\"caption-attachment-100975\" decoding=\"async\" loading=\"lazy\" class=\"size-full wp-image-100975\" src=\"https:\/\/www.uv.mx\/prensa\/files\/2021\/08\/230821-El-publico-imaginado-100k.jpg\" alt=\"Guillermo Orozco G\u00f3mez\" width=\"722\" height=\"442\" srcset=\"https:\/\/www.uv.mx\/prensa\/files\/2021\/08\/230821-El-publico-imaginado-100k.jpg 722w, https:\/\/www.uv.mx\/prensa\/files\/2021\/08\/230821-El-publico-imaginado-100k-300x184.jpg 300w\" sizes=\"(max-width: 722px) 100vw, 722px\" \/><\/a><p id=\"caption-attachment-100975\" class=\"wp-caption-text\">Guillermo Orozco G\u00f3mez<\/p><\/div>\n<p>&nbsp;<\/p>\n<p><b><i><span data-contrast=\"auto\">Carlos Hugo Hermida Rosales<\/span><\/i><\/b><span data-ccp-props=\"{}\">\u00a0<\/span><\/p>\n<p><b><i><span data-contrast=\"auto\">24\/08\/2021,\u00a0Xalapa,\u00a0Ver.-\u00a0<\/span><\/i><\/b><span data-contrast=\"auto\">Guillermo Orozco G\u00f3mez, investigador em\u00e9rito del\u00a0Consejo Nacional de Ciencia y Tecnolog\u00eda\u00a0(<\/span><i><span data-contrast=\"auto\">Conacyt<\/span><\/i><span data-contrast=\"auto\">) y acad\u00e9mico\u00a0de la Universidad de Guadalajara,\u00a0explic\u00f3\u00a0que los ciudadanos del mundo asistimos actualmente a una nueva colonizaci\u00f3n que obedece a un paradigma extractivo, que obtiene datos e informaci\u00f3n y negocia con ellos, pero no los devuelve.\u00a0<\/span><span data-ccp-props=\"{}\">\u00a0<\/span><\/p>\n<p><span data-contrast=\"auto\">El catedr\u00e1tico imparti\u00f3 el 20 de agosto la conferencia virtual\u00a0\u201cEl p\u00fablico imaginado. Estudios de recepci\u00f3n y audiencias\u201d,\u00a0en\u00a0la inauguraci\u00f3n del <a href=\"https:\/\/www.uv.mx\/cienciauv\/seccion\/diplomado\/\" target=\"_blank\" rel=\"noopener\">Diplomado en Comunicaci\u00f3n de la Ciencia<\/a> de la Universidad Veracruzana, durante la cual plante\u00f3 que\u00a0en la actualidad\u00a0algunos grupos mercantiles y sectores gubernamentales\u00a0extraen para su beneficio informaci\u00f3n personal a todos los ciudadanos del mundo, de una manera sutil e invisible.<\/span><span data-ccp-props=\"{&quot;335559731&quot;:708}\">\u00a0<\/span><\/p>\n<p><span data-contrast=\"auto\">Al\u00a0comentar\u00a0que entre\u00a0la informaci\u00f3n extra\u00edda se encuentran los gustos para disfrutar contenidos medi\u00e1ticos, y las preferencias de interacci\u00f3n a trav\u00e9s de las plataformas digitales,\u00a0detall\u00f3 que\u00a0el 86 por ciento de la conexi\u00f3n mundial a Internet se realiza a trav\u00e9s de un tel\u00e9fono m\u00f3vil, y que en el mundo existen m\u00e1s de\u00a0seis\u00a0mil 800 millones de ellos, cuyo uso promedio diario se calcula en cinco horas.<\/span><span data-ccp-props=\"{&quot;335559731&quot;:708}\">\u00a0<\/span><\/p>\n<p><span data-contrast=\"auto\">Esta conexi\u00f3n, coment\u00f3 Orozco,\u00a0nos hace vulnerables como ciudadanos e internautas, ya que los datos que intercambiamos a trav\u00e9s de nuestra comunicaci\u00f3n quedan expuestos fuera de nuestro control.<\/span><span data-ccp-props=\"{&quot;335559731&quot;:708}\">\u00a0<\/span><\/p>\n<p><span data-contrast=\"auto\">\u201cActualmente\u00a0tenemos la opci\u00f3n de acceder a m\u00e1s datos que nunca, pero igualmente dejamos mucha informaci\u00f3n propia a expensas de los dem\u00e1s.\u201d<\/span><span data-ccp-props=\"{&quot;335559731&quot;:708}\">\u00a0<\/span><\/p>\n<p><span data-contrast=\"auto\">En su opini\u00f3n,\u00a0los ciudadanos somos saqueados por grupos de medios que siguen nuestra actividad en redes, y obtienen, procesan y aprovechan para sus propios fines la informaci\u00f3n que nos extraen.<\/span><span data-ccp-props=\"{&quot;335559731&quot;:708}\">\u00a0<\/span><\/p>\n<p><span data-contrast=\"auto\">\u201cLas audiencias\u00a0\u2013como sujeto y objeto de investigaci\u00f3n comunicacional\u2013\u00a0seguimos alimentando estudios cada vez m\u00e1s certeros de\u00a0<\/span><i><span data-contrast=\"auto\">rating<\/span><\/i><span data-contrast=\"auto\">\u00a0para definir las pol\u00edticas de transmisi\u00f3n,\u00a0venta y publicidad en diversos canales de comunicaci\u00f3n\u201d, asegur\u00f3.<\/span><span data-ccp-props=\"{&quot;335559731&quot;:708}\">\u00a0<\/span><\/p>\n<p><span data-contrast=\"auto\">En ese sentido,\u00a0manifest\u00f3,\u00a0es\u00a0necesario desarrollar\u00a0una nueva perspectiva para la investigaci<\/span><span data-contrast=\"auto\">\u00f3n de audiencias y usuarios de I<\/span><span data-contrast=\"auto\">nternet, que haga evidente la manera en que los\u00a0ciudadanos\u00a0somos excluidos inform\u00e1ticamente,\u00a0y que brinde\u00a0elementos para evitar el creciente espionaje de nuestras acciones y el\u00a0saqueo\u00a0sistem\u00e1tico de nuestros datos\u00a0producidos a trav\u00e9s\u00a0de intercambios informacionales.<\/span><span data-ccp-props=\"{&quot;335559731&quot;:708}\">\u00a0<\/span><\/p>\n<p><span data-contrast=\"auto\">\u201cEl mundo no s\u00f3lo\u00a0son datos y\u00a0n\u00fameros,\u00a0tambi\u00e9n\u00a0expresiones, sensaciones\u00a0e\u00a0intuiciones,\u00a0y hay que dar cabida a todo esto porque es lo que conforma lo que somos y constituye los productos que creamos los seres humanos\u201d, declar\u00f3.<\/span><span data-ccp-props=\"{&quot;335559731&quot;:708}\">\u00a0<\/span><\/p>\n","protected":false},"excerpt":{"rendered":"<p>En conferencia virtual, el investigador em\u00e9rito del <em>Conacyt<\/em> dijo que es necesario desarrollar una nueva perspectiva para la investigaci\u00f3n de audiencias y usuarios de Internet <\/p>\n","protected":false},"author":1775,"featured_media":100975,"comment_status":"closed","ping_status":"closed","sticky":false,"template":"","format":"standard","meta":[],"categories":[1],"tags":[750,174,1044,503,3727,3726,3275,786],"_links":{"self":[{"href":"https:\/\/www.uv.mx\/prensa\/wp-json\/wp\/v2\/posts\/100974"}],"collection":[{"href":"https:\/\/www.uv.mx\/prensa\/wp-json\/wp\/v2\/posts"}],"about":[{"href":"https:\/\/www.uv.mx\/prensa\/wp-json\/wp\/v2\/types\/post"}],"author":[{"embeddable":true,"href":"https:\/\/www.uv.mx\/prensa\/wp-json\/wp\/v2\/users\/1775"}],"replies":[{"embeddable":true,"href":"https:\/\/www.uv.mx\/prensa\/wp-json\/wp\/v2\/comments?post=100974"}],"version-history":[{"count":1,"href":"https:\/\/www.uv.mx\/prensa\/wp-json\/wp\/v2\/posts\/100974\/revisions"}],"predecessor-version":[{"id":101068,"href":"https:\/\/www.uv.mx\/prensa\/wp-json\/wp\/v2\/posts\/100974\/revisions\/101068"}],"wp:featuredmedia":[{"embeddable":true,"href":"https:\/\/www.uv.mx\/prensa\/wp-json\/wp\/v2\/media\/100975"}],"wp:attachment":[{"href":"https:\/\/www.uv.mx\/prensa\/wp-json\/wp\/v2\/media?parent=100974"}],"wp:term":[{"taxonomy":"category","embeddable":true,"href":"https:\/\/www.uv.mx\/prensa\/wp-json\/wp\/v2\/categories?post=100974"},{"taxonomy":"post_tag","embeddable":true,"href":"https:\/\/www.uv.mx\/prensa\/wp-json\/wp\/v2\/tags?post=100974"}],"curies":[{"name":"wp","href":"https:\/\/api.w.org\/{rel}","templated":true}]}}