{"id":101086,"date":"2021-08-26T20:20:41","date_gmt":"2021-08-27T01:20:41","guid":{"rendered":"https:\/\/www.uv.mx\/prensa\/?p=101086"},"modified":"2021-09-01T14:36:09","modified_gmt":"2021-09-01T19:36:09","slug":"premian-a-ganadores-del-vii-concurso-universitario-de-divulgacion-de-la-ciencia","status":"publish","type":"post","link":"https:\/\/www.uv.mx\/prensa\/banner\/premian-a-ganadores-del-vii-concurso-universitario-de-divulgacion-de-la-ciencia\/","title":{"rendered":"Premian a ganadores del VII Concurso Universitario de Divulgaci\u00f3n de la Ciencia"},"content":{"rendered":"<ul>\n<li data-leveltext=\"\u25cf\" data-font=\"\" data-listid=\"1\" data-aria-posinset=\"1\" data-aria-level=\"1\"><i><span data-contrast=\"auto\">Son\u00a0tres grupos integrados con alumnos de la regi\u00f3n Xalapa y una menci\u00f3n honor\u00edfica<\/span><\/i><span data-ccp-props=\"{&quot;201341983&quot;:0,&quot;335559740&quot;:240}\">\u00a0<\/span><\/li>\n<\/ul>\n<p><span data-ccp-props=\"{&quot;201341983&quot;:0,&quot;335559740&quot;:240}\">\u00a0<\/span><\/p>\n<div id=\"attachment_101087\" style=\"width: 732px\" class=\"wp-caption aligncenter\"><a href=\"https:\/\/www.uv.mx\/prensa\/files\/2021\/08\/250821-DAVID-Premio-VII-concurso-DCC-1-100k.jpg\"><img aria-describedby=\"caption-attachment-101087\" decoding=\"async\" loading=\"lazy\" class=\"size-full wp-image-101087\" src=\"https:\/\/www.uv.mx\/prensa\/files\/2021\/08\/250821-DAVID-Premio-VII-concurso-DCC-1-100k.jpg\" alt=\"Los ganadores del VII Concurso Universitario de Divulgaci\u00f3n de la Ciencia 2021, acompa\u00f1ados de las autoridades de la UV \" width=\"722\" height=\"482\" srcset=\"https:\/\/www.uv.mx\/prensa\/files\/2021\/08\/250821-DAVID-Premio-VII-concurso-DCC-1-100k.jpg 722w, https:\/\/www.uv.mx\/prensa\/files\/2021\/08\/250821-DAVID-Premio-VII-concurso-DCC-1-100k-300x200.jpg 300w\" sizes=\"(max-width: 722px) 100vw, 722px\" \/><\/a><p id=\"caption-attachment-101087\" class=\"wp-caption-text\">Los ganadores del VII Concurso Universitario de Divulgaci\u00f3n de la Ciencia 2021, acompa\u00f1ados de las autoridades de la UV<\/p><\/div>\n<p>&nbsp;<\/p>\n<p><b><i><span data-contrast=\"auto\">David Sandoval Rodr\u00edguez<\/span><\/i><\/b><span data-ccp-props=\"{&quot;201341983&quot;:0,&quot;335559740&quot;:240}\">\u00a0<\/span><\/p>\n<p><b><i><span data-contrast=\"auto\">26\/08\/2021,\u00a0Xalapa, Ver.-<\/span><\/i><\/b><span data-contrast=\"auto\">\u00a0La Universidad Veracruzana (UV),\u00a0a trav\u00e9s de la <a href=\"https:\/\/www.uv.mx\/cienciauv\/\" target=\"_blank\" rel=\"noopener\">Direcci\u00f3n de Comunicaci\u00f3n de la Ciencia<\/a> (DCC), premi\u00f3\u00a0esta\u00a0noche\u00a0a los tres grupos ganadores del VII Concurso Universitario de Divulgaci\u00f3n de la Ciencia 2021 \u201cC\u00e1ntale un son a la ciencia\u201d, en el Museo de Antropolog\u00eda de Xalapa (MAX).<\/span><span data-ccp-props=\"{&quot;201341983&quot;:0,&quot;335559740&quot;:240}\">\u00a0<\/span><\/p>\n<p><span data-contrast=\"auto\">Los ganadores\u00a0fueron:\u00a0primer lugar \u201cCiencia y sociedad\u201d,\u00a0de Sergio Tonatiuh Ruiz Sol\u00eds, alumno de la Facultad de Letras Espa\u00f1olas;\u00a0segundo lugar\u00a0\u201cEl Carbono\u00a0Bub\u00fa\u201d,\u00a0de\u00a0Lidmay\u00a0V\u00e1zquez\u00a0Lagunes\u00a0y Mois\u00e9s P\u00e9rez Hern\u00e1ndez, alumnos de la Facultad de Qu\u00edmica Farmac\u00e9utica Biol\u00f3gica (QFB);\u00a0y\u00a0tercer lugar\u00a0\u201cEl son fusi\u00f3n\u201d,\u00a0de Uriel de Jes\u00fas Lara Hern\u00e1ndez, Gabriel Antonio Rodr\u00edguez\u00a0Rodr\u00edguez\u00a0y Jes\u00fas Adri\u00e1n Ruiz Dom\u00ednguez, estudiantes de\u00a0QFB, Ingenier\u00eda Mec\u00e1nica e Ingenier\u00eda Civil, respectivamente.<\/span><span data-ccp-props=\"{&quot;201341983&quot;:0,&quot;335559740&quot;:240}\">\u00a0<\/span><\/p>\n<p><span data-contrast=\"auto\">Asimismo,\u00a0se entreg\u00f3 una menci\u00f3n honor\u00edfica a \u201cEl son de la enzima\u201d,\u00a0de Ana Mar\u00eda Cerd\u00e1n Cabrera, alumna del Instituto de Biotecnolog\u00eda y Ecolog\u00eda Aplicada (<\/span><i><span data-contrast=\"auto\">Inbioteca<\/span><\/i><span data-contrast=\"auto\">).<\/span><\/p>\n<div id=\"attachment_101088\" style=\"width: 732px\" class=\"wp-caption aligncenter\"><a href=\"https:\/\/www.uv.mx\/prensa\/files\/2021\/08\/250821-DAVID-Premio-VII-concurso-DCC-2-100k.jpg\"><img aria-describedby=\"caption-attachment-101088\" decoding=\"async\" loading=\"lazy\" class=\"size-full wp-image-101088\" src=\"https:\/\/www.uv.mx\/prensa\/files\/2021\/08\/250821-DAVID-Premio-VII-concurso-DCC-2-100k.jpg\" alt=\"El primer lugar fue para \u201cCiencia y sociedad\u201d, de Sergio Tonatiuh Ruiz, alumno de la Facultad de Letras Espa\u00f1olas \" width=\"722\" height=\"482\" srcset=\"https:\/\/www.uv.mx\/prensa\/files\/2021\/08\/250821-DAVID-Premio-VII-concurso-DCC-2-100k.jpg 722w, https:\/\/www.uv.mx\/prensa\/files\/2021\/08\/250821-DAVID-Premio-VII-concurso-DCC-2-100k-300x200.jpg 300w\" sizes=\"(max-width: 722px) 100vw, 722px\" \/><\/a><p id=\"caption-attachment-101088\" class=\"wp-caption-text\">El primer lugar fue para \u201cCiencia y sociedad\u201d, de Sergio Tonatiuh Ruiz, alumno de la Facultad de Letras Espa\u00f1olas<\/p><\/div>\n<p><span data-contrast=\"auto\">En la ceremonia de premiaci\u00f3n, que se transmiti\u00f3\u00a0por el\u00a0canal de\u00a0<\/span><i><span data-contrast=\"auto\">Facebook<\/span><\/i><span data-contrast=\"auto\">\u00a0de\u00a0TeleUV este\u00a0jueves, la rectora\u00a0<\/span><span data-contrast=\"auto\">Sara Ladr\u00f3n de Guevara destac\u00f3 la iniciativa de la DCC y el recuerdo de su primer director, Manuel Mart\u00ednez Morales, quien tuvo la idea de crear este concurso para estimular la creatividad de estudiantes y de divulgar la ciencia.<\/span><span data-ccp-props=\"{&quot;201341983&quot;:0,&quot;335559731&quot;:720,&quot;335559740&quot;:240}\">\u00a0<\/span><\/p>\n<p><span data-contrast=\"auto\">\u201cSi hoy algo necesitamos es precisamente divulgar la ciencia, darla a conocer desde todas sus vertientes buscando llegar a la mayor cantidad posible de poblaci\u00f3n universitaria y de toda la poblaci\u00f3n en general\u201d, apunt\u00f3.<\/span><\/p>\n<div id=\"attachment_101089\" style=\"width: 732px\" class=\"wp-caption aligncenter\"><a href=\"https:\/\/www.uv.mx\/prensa\/files\/2021\/08\/250821-DAVID-Premio-VII-concurso-DCC-3-100k.jpg\"><img aria-describedby=\"caption-attachment-101089\" decoding=\"async\" loading=\"lazy\" class=\"size-full wp-image-101089\" src=\"https:\/\/www.uv.mx\/prensa\/files\/2021\/08\/250821-DAVID-Premio-VII-concurso-DCC-3-100k.jpg\" alt=\"Lidmay V\u00e1zquez y Mois\u00e9s P\u00e9rez, alumnos de QFB, obtuvieron el segundo lugar con \u201cEl Carbono Bub\u00fa\u201d \" width=\"722\" height=\"482\" srcset=\"https:\/\/www.uv.mx\/prensa\/files\/2021\/08\/250821-DAVID-Premio-VII-concurso-DCC-3-100k.jpg 722w, https:\/\/www.uv.mx\/prensa\/files\/2021\/08\/250821-DAVID-Premio-VII-concurso-DCC-3-100k-300x200.jpg 300w\" sizes=\"(max-width: 722px) 100vw, 722px\" \/><\/a><p id=\"caption-attachment-101089\" class=\"wp-caption-text\">Lidmay V\u00e1zquez y Mois\u00e9s P\u00e9rez, alumnos de QFB, obtuvieron el segundo lugar con \u201cEl Carbono Bub\u00fa\u201d<\/p><\/div>\n<p><span data-contrast=\"auto\">\u201cCon iniciativas como la que hoy nos re\u00fane, la Universidad Veracruzana hace su aportaci\u00f3n, modesta pero significativa, a este\u00a0objetivo hoy m\u00e1s que nunca digno de tomarse en cuenta y de estimularse.\u201d<\/span><span data-ccp-props=\"{&quot;201341983&quot;:0,&quot;335559731&quot;:720,&quot;335559740&quot;:240}\">\u00a0<\/span><\/p>\n<p><span data-contrast=\"auto\">Finalmente,\u00a0dijo\u00a0que con creatividad, imaginaci\u00f3n, talento y apego\u00a0se apoya\u00a0a \u201cuna de nuestras m\u00e1s nobles tradiciones\u00a0musicales, contribuyen significativamente a nuestro objetivo central de divulgar la ciencia\u201d.<\/span><span data-ccp-props=\"{&quot;201341983&quot;:0,&quot;335559731&quot;:720,&quot;335559740&quot;:240}\">\u00a0<\/span><\/p>\n<p><span data-contrast=\"auto\">Por su parte, Elvira Morgado Viveros, titular de la DCC, agradeci\u00f3 el apoyo institucional para la realizaci\u00f3n del concurso.\u00a0Record\u00f3 que en 2014 inici\u00f3 este\u00a0certamen y\u00a0con su permanencia\u00a0se mantiene el legado de\u00a0Manuel Mart\u00ednez.<\/span><\/p>\n<div id=\"attachment_101090\" style=\"width: 732px\" class=\"wp-caption aligncenter\"><a href=\"https:\/\/www.uv.mx\/prensa\/files\/2021\/08\/250821-DAVID-Premio-VII-concurso-DCC-4-100k.jpg\"><img aria-describedby=\"caption-attachment-101090\" decoding=\"async\" loading=\"lazy\" class=\"size-full wp-image-101090\" src=\"https:\/\/www.uv.mx\/prensa\/files\/2021\/08\/250821-DAVID-Premio-VII-concurso-DCC-4-100k.jpg\" alt=\"El tercer lugar fue para \u201cEl son fusi\u00f3n\u201d, de Uriel de Jes\u00fas Lara, Gabriel Antonio Rodr\u00edguez y Jes\u00fas Adri\u00e1n Ruiz de QFB, Ingenier\u00eda Mec\u00e1nica e Ingenier\u00eda Civil, respectivamente \" width=\"722\" height=\"482\" srcset=\"https:\/\/www.uv.mx\/prensa\/files\/2021\/08\/250821-DAVID-Premio-VII-concurso-DCC-4-100k.jpg 722w, https:\/\/www.uv.mx\/prensa\/files\/2021\/08\/250821-DAVID-Premio-VII-concurso-DCC-4-100k-300x200.jpg 300w\" sizes=\"(max-width: 722px) 100vw, 722px\" \/><\/a><p id=\"caption-attachment-101090\" class=\"wp-caption-text\">El tercer lugar fue para \u201cEl son fusi\u00f3n\u201d, de Uriel de Jes\u00fas Lara, Gabriel Antonio Rodr\u00edguez y Jes\u00fas Adri\u00e1n Ruiz de QFB, Ingenier\u00eda Mec\u00e1nica e Ingenier\u00eda Civil, respectivamente<\/p><\/div>\n<p><span data-contrast=\"auto\">\u201cEn esta ocasi\u00f3n quisimos que la ciencia se conjuntara con nuestra inconfundible algarab\u00eda jarocha expresada en el son que encuentra su manifestaci\u00f3n excelsa en la fiesta tradicional del fandango, el son jarocho, una expresi\u00f3n cuyo origen se remonta a la \u00e9poca colonial\u201d, coment\u00f3.<\/span><span data-ccp-props=\"{&quot;201341983&quot;:0,&quot;335559731&quot;:720,&quot;335559740&quot;:240}\">\u00a0<\/span><\/p>\n<p><span data-contrast=\"auto\">\u201cLas propuestas que recibimos son el reflejo de la creatividad y el \u00edmpetu que reina en el\u00a0estudiantado, haciendo que una de las m\u00e1s importantes expresiones art\u00edsticas del estado de Veracruz se pusiera a disposici\u00f3n de la divulgaci\u00f3n de la ciencia\u201d, reconoci\u00f3 Morgado Viveros.<\/span><span data-ccp-props=\"{&quot;201341983&quot;:0,&quot;335559731&quot;:720,&quot;335559740&quot;:240}\">\u00a0<\/span><\/p>\n<p><span data-contrast=\"auto\">Por su parte, Germ\u00e1n Mart\u00ednez Aceves, coordinador de la Feria Internacional del Libro Universitario\u00a0y representante del jurado calificador, subray\u00f3\u00a0que la divulgaci\u00f3n de la ciencia es fundamental.<\/span><\/p>\n<p><span data-contrast=\"auto\">Asistieron tambi\u00e9n al evento\u00a0Raciel\u00a0Mart\u00ednez G\u00f3mez, director general de Comunicaci\u00f3n Universitaria,\u00a0y Rey Alejandro Conde Valdivia, director de Grupos Art\u00edsticos de la Direcci\u00f3n General de Difusi\u00f3n Cultural.<\/span><span data-ccp-props=\"{&quot;201341983&quot;:0,&quot;335559731&quot;:720,&quot;335559740&quot;:240}\">\u00a0<\/span><\/p>\n<div id=\"attachment_101091\" style=\"width: 732px\" class=\"wp-caption aligncenter\"><a href=\"https:\/\/www.uv.mx\/prensa\/files\/2021\/08\/250821-DAVID-Premio-VII-concurso-DCC-5-100k.jpg\"><img aria-describedby=\"caption-attachment-101091\" decoding=\"async\" loading=\"lazy\" class=\"size-full wp-image-101091\" src=\"https:\/\/www.uv.mx\/prensa\/files\/2021\/08\/250821-DAVID-Premio-VII-concurso-DCC-5-100k.jpg\" alt=\"La rectora Sara Ladr\u00f3n de Guevara destac\u00f3 que el concurso estimula la creatividad de las y los estudiantes y la importancia de la divulgaci\u00f3n cient\u00edfica\" width=\"722\" height=\"482\" srcset=\"https:\/\/www.uv.mx\/prensa\/files\/2021\/08\/250821-DAVID-Premio-VII-concurso-DCC-5-100k.jpg 722w, https:\/\/www.uv.mx\/prensa\/files\/2021\/08\/250821-DAVID-Premio-VII-concurso-DCC-5-100k-300x200.jpg 300w\" sizes=\"(max-width: 722px) 100vw, 722px\" \/><\/a><p id=\"caption-attachment-101091\" class=\"wp-caption-text\">La rectora Sara Ladr\u00f3n de Guevara destac\u00f3 que el concurso estimula la creatividad de las y los estudiantes y la importancia de la divulgaci\u00f3n cient\u00edfica<\/p><\/div>\n<p>&nbsp;<\/p>\n","protected":false},"excerpt":{"rendered":"<p>Los tres primeros lugares son: \u201cCiencia y sociedad\u201d, de Sergio Tonatiuh Ruiz; \u201cEl Carbono Bub\u00fa\u201d, de Lidmay V\u00e1zquez y Mois\u00e9s P\u00e9rez, y \u201cEl son fusi\u00f3n\u201d, de Uriel de Jes\u00fas Lara, Gabriel Antonio Rodr\u00edguez y Jes\u00fas Adri\u00e1n Ruiz <\/p>\n","protected":false},"author":1775,"featured_media":101092,"comment_status":"closed","ping_status":"closed","sticky":false,"template":"","format":"standard","meta":[],"categories":[61],"tags":[3752,2863,2862,102,1012,3751],"_links":{"self":[{"href":"https:\/\/www.uv.mx\/prensa\/wp-json\/wp\/v2\/posts\/101086"}],"collection":[{"href":"https:\/\/www.uv.mx\/prensa\/wp-json\/wp\/v2\/posts"}],"about":[{"href":"https:\/\/www.uv.mx\/prensa\/wp-json\/wp\/v2\/types\/post"}],"author":[{"embeddable":true,"href":"https:\/\/www.uv.mx\/prensa\/wp-json\/wp\/v2\/users\/1775"}],"replies":[{"embeddable":true,"href":"https:\/\/www.uv.mx\/prensa\/wp-json\/wp\/v2\/comments?post=101086"}],"version-history":[{"count":1,"href":"https:\/\/www.uv.mx\/prensa\/wp-json\/wp\/v2\/posts\/101086\/revisions"}],"predecessor-version":[{"id":101261,"href":"https:\/\/www.uv.mx\/prensa\/wp-json\/wp\/v2\/posts\/101086\/revisions\/101261"}],"wp:featuredmedia":[{"embeddable":true,"href":"https:\/\/www.uv.mx\/prensa\/wp-json\/wp\/v2\/media\/101092"}],"wp:attachment":[{"href":"https:\/\/www.uv.mx\/prensa\/wp-json\/wp\/v2\/media?parent=101086"}],"wp:term":[{"taxonomy":"category","embeddable":true,"href":"https:\/\/www.uv.mx\/prensa\/wp-json\/wp\/v2\/categories?post=101086"},{"taxonomy":"post_tag","embeddable":true,"href":"https:\/\/www.uv.mx\/prensa\/wp-json\/wp\/v2\/tags?post=101086"}],"curies":[{"name":"wp","href":"https:\/\/api.w.org\/{rel}","templated":true}]}}