{"id":101160,"date":"2021-08-29T08:00:37","date_gmt":"2021-08-29T13:00:37","guid":{"rendered":"https:\/\/www.uv.mx\/prensa\/?p=101160"},"modified":"2021-09-01T13:57:00","modified_gmt":"2021-09-01T18:57:00","slug":"investigadores-comparten-conocimientos-sobre-psicologia-y-neurociencias","status":"publish","type":"post","link":"https:\/\/www.uv.mx\/prensa\/general\/investigadores-comparten-conocimientos-sobre-psicologia-y-neurociencias\/","title":{"rendered":"Investigadores comparten conocimientos sobre psicolog\u00eda y neurociencias"},"content":{"rendered":"<ul>\n<li data-leveltext=\"\u25cf\" data-font=\"\" data-listid=\"1\" data-aria-posinset=\"1\" data-aria-level=\"1\"><i><span data-contrast=\"auto\">El\u00a0Seminario Conjunto de Cuerpos Acad\u00e9micos \u201cTemas actuales de psicolog\u00eda, neurociencias y educaci\u00f3n\u201d inici\u00f3 el 26 de agosto y finalizar\u00e1 en diciembre<\/span><\/i><span data-ccp-props=\"{&quot;201341983&quot;:0,&quot;335559740&quot;:240}\">\u00a0<\/span><\/li>\n<li data-leveltext=\"\u25cf\" data-font=\"\" data-listid=\"1\" data-aria-posinset=\"2\" data-aria-level=\"1\"><i><span data-contrast=\"auto\">Entre los organizadores est\u00e1 el\u00a0cuerpo\u00a0acad\u00e9mico Psicolog\u00eda, Desarrollo,\u00a0Salud y\u00a0Educaci\u00f3n de la UV<\/span><\/i><\/li>\n<li data-leveltext=\"\u25cf\" data-font=\"\" data-listid=\"1\" data-aria-posinset=\"2\" data-aria-level=\"1\"><i><span data-contrast=\"auto\">Se otorgar\u00e1 constancia a quienes cubran el 80 por ciento de asistencia a las sesiones, que pueden seguirse en\u00a0<\/span><\/i><a href=\"https:\/\/www.facebook.com\/cognicionactiva\"><i><span data-contrast=\"none\">https:\/\/www.facebook.com\/cognicionactiva<\/span><\/i><\/a><span data-ccp-props=\"{&quot;201341983&quot;:0,&quot;335559740&quot;:240}\">\u00a0<\/span><\/li>\n<\/ul>\n<p><span data-ccp-props=\"{&quot;201341983&quot;:0,&quot;335559740&quot;:240}\">\u00a0<\/span><\/p>\n<div id=\"attachment_101161\" style=\"width: 732px\" class=\"wp-caption aligncenter\"><a href=\"https:\/\/www.uv.mx\/prensa\/files\/2021\/08\/270821-DAVID-Seminario-CA-psicologia-neurociencias-1-100k.jpg\"><img aria-describedby=\"caption-attachment-101161\" decoding=\"async\" loading=\"lazy\" class=\"wp-image-101161 size-full\" src=\"https:\/\/www.uv.mx\/prensa\/files\/2021\/08\/270821-DAVID-Seminario-CA-psicologia-neurociencias-1-100k.jpg\" alt=\"Acad\u00e9micos de varias universidades invitaron a las sesiones del seminario \u201cTemas actuales de psicolog\u00eda, neurociencias y educaci\u00f3n\u201d \" width=\"722\" height=\"375\" srcset=\"https:\/\/www.uv.mx\/prensa\/files\/2021\/08\/270821-DAVID-Seminario-CA-psicologia-neurociencias-1-100k.jpg 722w, https:\/\/www.uv.mx\/prensa\/files\/2021\/08\/270821-DAVID-Seminario-CA-psicologia-neurociencias-1-100k-300x156.jpg 300w\" sizes=\"(max-width: 722px) 100vw, 722px\" \/><\/a><p id=\"caption-attachment-101161\" class=\"wp-caption-text\">Acad\u00e9micos de varias universidades invitaron a las sesiones del seminario \u201cTemas actuales de psicolog\u00eda, neurociencias y educaci\u00f3n\u201d<\/p><\/div>\n<p>&nbsp;<\/p>\n<p><b><i><span data-contrast=\"auto\">David Sandoval Rodr\u00edguez<\/span><\/i><\/b><span data-ccp-props=\"{&quot;201341983&quot;:0,&quot;335559740&quot;:240}\">\u00a0<\/span><\/p>\n<p><b><i><span data-contrast=\"auto\">29\/08\/2021, Xalapa, Ver.-<\/span><\/i><\/b><span data-contrast=\"auto\">\u00a0La <a href=\"https:\/\/www.uv.mx\/\" target=\"_blank\" rel=\"noopener\">Universidad Veracruzana<\/a> (UV), a trav\u00e9s del\u00a0cuerpo\u00a0acad\u00e9mico\u00a0(CA)\u00a0Psicolog\u00eda,\u00a0Desarrollo,\u00a0Salud y\u00a0Educaci\u00f3n, adscrito a la Facultad de Psicolog\u00eda, es parte del comit\u00e9 organizador del Seminario Conjunto de Cuerpos\u00a0Acad\u00e9micos \u201cTemas actuales de psicolog\u00eda,\u00a0neurociencias y\u00a0educaci\u00f3n\u201d que inici\u00f3\u00a0el\u00a026 de agosto y finalizar\u00e1 en diciembre del presente a\u00f1o.<\/span><span data-ccp-props=\"{&quot;201341983&quot;:0,&quot;335559740&quot;:240}\">\u00a0<\/span><\/p>\n<p><span data-contrast=\"auto\">Vicenta Reynoso Alc\u00e1ntara, coordinadora del CA, se\u00f1al\u00f3 que el seminario es resultado de una colaboraci\u00f3n continua que se da con investigadores de CS\u00a0de la Universidad Aut\u00f3noma de\u00a0Baja California (UABC),\u00a0Centro de Investigaci\u00f3n en Ciencias Cognitivas\u00a0de la Universidad Aut\u00f3noma del Estado de Morelos (UAEM) y\u00a0Centro de Investigaciones Psicol\u00f3gicas y Educativas\u00a0de la Universidad Aut\u00f3noma de Quer\u00e9taro (UAQ).<\/span><span data-ccp-props=\"{&quot;201341983&quot;:0,&quot;335559740&quot;:240}\">\u00a0<\/span><\/p>\n<p><span data-contrast=\"auto\">\u201cNo es\u00a0la primera actividad que realizamos juntos, hemos estado colaborando en algunos proyectos de investigaci\u00f3n, se han tenido intercambios de estudiantes y colegas de las universidades\u201d, coment\u00f3.<\/span><span data-ccp-props=\"{&quot;201341983&quot;:0,&quot;335559731&quot;:720,&quot;335559740&quot;:240}\">\u00a0<\/span><\/p>\n<p><span data-contrast=\"auto\">En tal sentido,\u00a0destac\u00f3 que el seminario ser\u00e1 \u201cuna oportunidad para que nos vinculemos, no s\u00f3lo con nuestras comunidades, sino tambi\u00e9n con las\u00a0de otras universidades y no necesariamente con quienes cursan la carrera de\u00a0Psicolog\u00eda,\u00a0sino con otras \u00e1reas de las ciencias de la salud e incluso con centros de investigaci\u00f3n\u201d.<\/span><span data-ccp-props=\"{&quot;201341983&quot;:0,&quot;335559731&quot;:720,&quot;335559740&quot;:240}\">\u00a0<\/span><\/p>\n<p><span data-contrast=\"auto\">Luisa Garc\u00eda\u00a0Gomar, integrante del CA\u00a0Psicolog\u00eda de las\u00a0Conductas de\u00a0Riesgo de la UABC, dijo que \u201clos temas del seminario coinciden con las respectivas l\u00edneas de investigaci\u00f3n que estamos trabajando en los CA\u00a0y se\u00a0relacionan con \u00e1reas como la\u00a0neuroeducaci\u00f3n\u00a0y la psicolog\u00eda en general\u201d.<\/span><span data-ccp-props=\"{&quot;201341983&quot;:0,&quot;335559731&quot;:720,&quot;335559740&quot;:240}\">\u00a0<\/span><\/p>\n<p><span data-contrast=\"auto\">La acad\u00e9mica puntualiz\u00f3 que los temas que\u00a0presentar\u00e1n\u00a0los\u00a0especialistas en\u00a0diversas \u00e1reas son de inter\u00e9s para estudiantes y profesionistas de psicolog\u00eda,\u00a0pero\u00a0tambi\u00e9n\u00a0para m\u00e9dicos, enfermeros, personal que se desempe\u00f1a en \u00e1reas de salud y especialistas en educaci\u00f3n.<\/span><span data-ccp-props=\"{&quot;201341983&quot;:0,&quot;335559731&quot;:720,&quot;335559740&quot;:240}\">\u00a0<\/span><\/p>\n<p><span data-contrast=\"auto\">Javier S\u00e1nchez L\u00f3pez, miembro del CA\u00a0Epistemolog\u00eda y\u00a0Ciencias\u00a0Cognitivas de la UAEM, explic\u00f3 que uno de los objetivos de esta colaboraci\u00f3n es\u00a0contar con la participaci\u00f3n de investigadores invitados m\u00e1s all\u00e1 de las instituciones organizadoras \u201cque hemos conocido durante nuestra trayectoria, por eso tenemos la participaci\u00f3n de varias universidades\u201d.<\/span><\/p>\n<div id=\"attachment_101162\" style=\"width: 321px\" class=\"wp-caption aligncenter\"><a href=\"https:\/\/www.uv.mx\/prensa\/files\/2021\/08\/270821-DAVID-Seminario-CA-psicologia-neurociencias-2-100k.jpg\"><img aria-describedby=\"caption-attachment-101162\" decoding=\"async\" loading=\"lazy\" class=\"size-full wp-image-101162\" src=\"https:\/\/www.uv.mx\/prensa\/files\/2021\/08\/270821-DAVID-Seminario-CA-psicologia-neurociencias-2-100k.jpg\" alt=\"Las sesiones finalizar\u00e1n en diciembre y se dar\u00e1 constancia de participaci\u00f3n a quien cubra el 80 por ciento de asistencias \" width=\"311\" height=\"480\" srcset=\"https:\/\/www.uv.mx\/prensa\/files\/2021\/08\/270821-DAVID-Seminario-CA-psicologia-neurociencias-2-100k.jpg 311w, https:\/\/www.uv.mx\/prensa\/files\/2021\/08\/270821-DAVID-Seminario-CA-psicologia-neurociencias-2-100k-194x300.jpg 194w\" sizes=\"(max-width: 311px) 100vw, 311px\" \/><\/a><p id=\"caption-attachment-101162\" class=\"wp-caption-text\">Las sesiones finalizar\u00e1n en diciembre y se dar\u00e1 constancia de participaci\u00f3n a quien cubra el 80 por ciento de asistencias<\/p><\/div>\n<p><span data-contrast=\"auto\">La propuesta inicial del seminario fue tomar \u201cdentro de la psicolog\u00eda, las neurociencias y la educaci\u00f3n lo \u00faltimo que se est\u00e1 realizando en M\u00e9xico y en el mundo, que puede ser de relevancia para la apertura de nuevos escenarios, nuevas investigaciones y la soluci\u00f3n de necesidades en salud y sociedad, sobre todo en escenarios espec\u00edficos, que son menos conocidos con respecto a los temas cl\u00e1sicos o habituales\u201d.<\/span><span data-ccp-props=\"{&quot;201341983&quot;:0,&quot;335559731&quot;:720,&quot;335559740&quot;:240}\">\u00a0<\/span><\/p>\n<p><span data-contrast=\"auto\">Los temas que ser\u00e1n tratados brindan \u201cla posibilidad a los investigadores de vincularse a nuevos temas de estudio y tambi\u00e9n a los estudiantes de encontrar nuevas posibilidades de inserci\u00f3n, tanto laboral como en investigaci\u00f3n\u201d, agreg\u00f3 el investigador.<\/span><span data-ccp-props=\"{&quot;201341983&quot;:0,&quot;335559731&quot;:720,&quot;335559740&quot;:240}\">\u00a0<\/span><\/p>\n<p><span data-contrast=\"auto\">Gloria Avecilla Ram\u00edrez, integrante del CA\u00a0Psicolog\u00eda del\u00a0Aprendizaje y\u00a0Praxis\u00a0Educativa de la UAQ, observ\u00f3 que \u201ceste seminario es tambi\u00e9n una muestra de c\u00f3mo hemos continuado y c\u00f3mo nos hemos enfrentado a las condiciones adversas; ha sido muy importante mantenernos en contacto, el a\u00f1o pasado fue muy dif\u00edcil, pero\u00a0seguimos trabajando\u00a0y\u00a0obteniendo resultados,\u00a0por eso\u00a0es importante reunirnos y mostrarnos qu\u00e9 es lo que estamos haciendo, mostrarlo a los estudiantes y al resto de la comunidad, es algo motivante que nos permite continuar\u201d.<\/span><span data-ccp-props=\"{&quot;201341983&quot;:0,&quot;335559731&quot;:720,&quot;335559740&quot;:240}\">\u00a0<\/span><\/p>\n<p><span data-contrast=\"auto\">El seminario inici\u00f3 con la conferencia \u201cPrograma de intervenci\u00f3n con entrenadores para la modificaci\u00f3n de climas motivacionales\u201d,\u00a0a cargo de\u00a0Jeanette\u00a0L\u00f3pez\u00a0Walle, acad\u00e9mica de la Maestr\u00eda en Psicolog\u00eda del Deporte y el Doctorado en Ciencias de la Cultura F\u00edsica de la Universidad Aut\u00f3noma de Nuevo Le\u00f3n.<\/span><span data-ccp-props=\"{&quot;201341983&quot;:0,&quot;335559731&quot;:720,&quot;335559740&quot;:240}\">\u00a0<\/span><\/p>\n<p><span data-contrast=\"auto\">Reynoso Alc\u00e1ntara agreg\u00f3 que se puede atender al seminario en l\u00ednea desde el canal de\u00a0<\/span><i><span data-contrast=\"auto\">Facebook<\/span><\/i><span data-contrast=\"auto\">\u00a0del CA\u00a0Psicolog\u00eda,\u00a0Desarrollo\u00a0Salud y\u00a0Educaci\u00f3n:\u00a0<\/span><a href=\"https:\/\/www.facebook.com\/cognicionactiva\"><span data-contrast=\"none\">https:\/\/www.facebook.com\/cognicionactiva.<\/span><\/a><\/p>\n<p><span data-contrast=\"auto\">Quienes deseen una constancia de participaci\u00f3n\u00a0deber\u00e1n\u00a0cumplir\u00a0con el 80 por ciento de asistencia a las sesiones.<\/span><span data-ccp-props=\"{&quot;201341983&quot;:0,&quot;335559731&quot;:720,&quot;335559740&quot;:240}\">\u00a0<\/span><\/p>\n","protected":false},"excerpt":{"rendered":"<p>La UV es parte del comit\u00e9 organizador del Seminario Conjunto de Cuerpos Acad\u00e9micos \u201cTemas actuales de psicolog\u00eda, neurociencias y educaci\u00f3n\u201d, que finalizar\u00e1 en diciembre <\/p>\n","protected":false},"author":1775,"featured_media":101161,"comment_status":"closed","ping_status":"closed","sticky":false,"template":"","format":"standard","meta":[],"categories":[1],"tags":[753,752,953,3779,3776,3777,3778],"_links":{"self":[{"href":"https:\/\/www.uv.mx\/prensa\/wp-json\/wp\/v2\/posts\/101160"}],"collection":[{"href":"https:\/\/www.uv.mx\/prensa\/wp-json\/wp\/v2\/posts"}],"about":[{"href":"https:\/\/www.uv.mx\/prensa\/wp-json\/wp\/v2\/types\/post"}],"author":[{"embeddable":true,"href":"https:\/\/www.uv.mx\/prensa\/wp-json\/wp\/v2\/users\/1775"}],"replies":[{"embeddable":true,"href":"https:\/\/www.uv.mx\/prensa\/wp-json\/wp\/v2\/comments?post=101160"}],"version-history":[{"count":1,"href":"https:\/\/www.uv.mx\/prensa\/wp-json\/wp\/v2\/posts\/101160\/revisions"}],"predecessor-version":[{"id":101250,"href":"https:\/\/www.uv.mx\/prensa\/wp-json\/wp\/v2\/posts\/101160\/revisions\/101250"}],"wp:featuredmedia":[{"embeddable":true,"href":"https:\/\/www.uv.mx\/prensa\/wp-json\/wp\/v2\/media\/101161"}],"wp:attachment":[{"href":"https:\/\/www.uv.mx\/prensa\/wp-json\/wp\/v2\/media?parent=101160"}],"wp:term":[{"taxonomy":"category","embeddable":true,"href":"https:\/\/www.uv.mx\/prensa\/wp-json\/wp\/v2\/categories?post=101160"},{"taxonomy":"post_tag","embeddable":true,"href":"https:\/\/www.uv.mx\/prensa\/wp-json\/wp\/v2\/tags?post=101160"}],"curies":[{"name":"wp","href":"https:\/\/api.w.org\/{rel}","templated":true}]}}