{"id":101278,"date":"2021-09-01T17:27:36","date_gmt":"2021-09-01T22:27:36","guid":{"rendered":"https:\/\/www.uv.mx\/prensa\/?p=101278"},"modified":"2021-09-02T09:46:52","modified_gmt":"2021-09-02T14:46:52","slug":"contaminantes-emergentes-forman-parte-de-nuestra-vida-diaria","status":"publish","type":"post","link":"https:\/\/www.uv.mx\/prensa\/ciencia\/contaminantes-emergentes-forman-parte-de-nuestra-vida-diaria\/","title":{"rendered":"Contaminantes emergentes forman parte de nuestra vida diaria"},"content":{"rendered":"<ul>\n<li data-leveltext=\"\uf0b7\" data-font=\"Symbol\" data-listid=\"1\" data-aria-posinset=\"1\" data-aria-level=\"1\"><i><span data-contrast=\"auto\">Maribel Enr\u00edquez Res\u00e9ndiz, egresada de la Maestr\u00eda en Ciencias del Ambiente\u00a0de la UV, realiz\u00f3 investigaci\u00f3n sobre este tema<\/span><\/i><span data-ccp-props=\"{&quot;134233279&quot;:true,&quot;201341983&quot;:0,&quot;335559739&quot;:160,&quot;335559740&quot;:240}\">\u00a0<\/span><\/li>\n<li data-leveltext=\"\uf0b7\" data-font=\"Symbol\" data-listid=\"1\" data-aria-posinset=\"2\" data-aria-level=\"1\"><i><span data-contrast=\"auto\">El programa educativo se oferta en la\u00a0Facultad de Ciencias Biol\u00f3gicas y Agropecuarias, regi\u00f3n\u00a0Poza Rica-Tuxpan<\/span><\/i><span data-ccp-props=\"{&quot;134233279&quot;:true,&quot;201341983&quot;:0,&quot;335559739&quot;:160,&quot;335559740&quot;:240}\">\u00a0<\/span><\/li>\n<\/ul>\n<p><span data-ccp-props=\"{&quot;201341983&quot;:0,&quot;335559739&quot;:160,&quot;335559740&quot;:240}\">\u00a0<\/span><\/p>\n<div id=\"attachment_101279\" style=\"width: 487px\" class=\"wp-caption aligncenter\"><a href=\"https:\/\/www.uv.mx\/prensa\/files\/2021\/09\/310821-FOTOCATALISIS-1-100k.jpg\"><img aria-describedby=\"caption-attachment-101279\" decoding=\"async\" loading=\"lazy\" class=\"size-full wp-image-101279\" src=\"https:\/\/www.uv.mx\/prensa\/files\/2021\/09\/310821-FOTOCATALISIS-1-100k.jpg\" alt=\"Maribel Enr\u00edquez Res\u00e9ndiz, egresada de la Maestr\u00eda en Ciencias del Ambiente, regi\u00f3n Poza Rica-Tuxpan \" width=\"477\" height=\"480\" srcset=\"https:\/\/www.uv.mx\/prensa\/files\/2021\/09\/310821-FOTOCATALISIS-1-100k.jpg 477w, https:\/\/www.uv.mx\/prensa\/files\/2021\/09\/310821-FOTOCATALISIS-1-100k-298x300.jpg 298w, https:\/\/www.uv.mx\/prensa\/files\/2021\/09\/310821-FOTOCATALISIS-1-100k-150x150.jpg 150w, https:\/\/www.uv.mx\/prensa\/files\/2021\/09\/310821-FOTOCATALISIS-1-100k-120x120.jpg 120w\" sizes=\"(max-width: 477px) 100vw, 477px\" \/><\/a><p id=\"caption-attachment-101279\" class=\"wp-caption-text\">Maribel Enr\u00edquez Res\u00e9ndiz, egresada de la Maestr\u00eda en Ciencias del Ambiente, regi\u00f3n Poza Rica-Tuxpan<\/p><\/div>\n<p>&nbsp;<\/p>\n<p><b><i><span data-contrast=\"auto\">Claudia Peralta V\u00e1zquez<\/span><\/i><\/b><span data-ccp-props=\"{&quot;201341983&quot;:0,&quot;335559739&quot;:160,&quot;335559740&quot;:240}\">\u00a0<\/span><\/p>\n<p><b><i><span data-contrast=\"auto\">01\/09\/2021,\u00a0Poza Rica,\u00a0Ver.-<\/span><\/i><\/b><span data-contrast=\"auto\">\u00a0Los contaminantes emergentes forman parte de nuestra vida diaria\u00a0pues\u00a0los encontramos en el\u00a0jab\u00f3n,\u00a0champ\u00fa, medicamentos, hormonas, cafe\u00edna, colorantes de alimentos,\u00a0pero\u00a0adem\u00e1s causan un severo da\u00f1o a la salud\u00a0de las personas\u00a0y al medio ambiente.<\/span><span data-ccp-props=\"{&quot;201341983&quot;:0,&quot;335559739&quot;:160,&quot;335559740&quot;:240}\">\u00a0<\/span><\/p>\n<p><span data-contrast=\"auto\">Maribel Enr\u00edquez Res\u00e9ndiz,\u00a0egresada de la\u00a0Maestr\u00eda en Ciencias del Ambiente, adscrita a la<a href=\"https:\/\/www.uv.mx\/pozarica\/cba\/\" target=\"_blank\" rel=\"noopener\"> Facultad de Ciencias Biol\u00f3gicas y Agropecuarias<\/a> de la Universidad Veracruzana (UV), regi\u00f3n Poza Rica- Tuxpan, explic\u00f3 que\u00a0cualquier compuesto qu\u00edmico es susceptible de convertirse en un contaminante emergente.<\/span><span data-ccp-props=\"{&quot;201341983&quot;:0,&quot;335559731&quot;:708,&quot;335559739&quot;:160,&quot;335559740&quot;:240}\">\u00a0<\/span><\/p>\n<p><span data-contrast=\"auto\">\u201cSon altamente\u00a0persistentes, duran much\u00edsimo en el ambiente, aunque s\u00ed pueden destruirse o modificarse por hidr\u00f3lisis o absorberse en el suelo.\u201d<\/span><span data-ccp-props=\"{&quot;201341983&quot;:0,&quot;335559731&quot;:708,&quot;335559739&quot;:160,&quot;335559740&quot;:240}\">\u00a0<\/span><\/p>\n<p><span data-contrast=\"auto\">Tambi\u00e9n, se destruyen por medio de\u00a0la\u00a0fot\u00f3lisis\u00a0o\u00a0efecto de la radiaci\u00f3n solar,\u00a0o de forma microbiana. Sin embargo,\u00a0en la naturaleza esos procesos ocurren de manera muy lenta.<\/span><span data-ccp-props=\"{&quot;201341983&quot;:0,&quot;335559731&quot;:708,&quot;335559739&quot;:160,&quot;335559740&quot;:240}\">\u00a0<\/span><\/p>\n<p><span data-contrast=\"auto\">El 12 de mayo del presente a\u00f1o, Maribel Enr\u00edquez present\u00f3 su examen\u00a0de grado\u00a0con el trabajo titulado \u201cDegradaci\u00f3n\u00a0fotocatal\u00edtica\u00a0del\u00a0microcontaminante\u00a0herbicida\u00a0diur\u00f3n\u00a0en medio acuoso\u201d.<\/span><span data-ccp-props=\"{&quot;201341983&quot;:0,&quot;335559731&quot;:708,&quot;335559739&quot;:160,&quot;335559740&quot;:240}\">\u00a0<\/span><\/p>\n<p><span data-contrast=\"auto\">El prop\u00f3sito de\u00a0la investigaci\u00f3n, dirigida por Carolina Sol\u00eds Maldonado, Ra\u00fal Alejandro Luna S\u00e1nchez\u00a0(co-director)\u00a0y Norma Alicia de Jes\u00fas Ramos Delgado (asesora externa),\u00a0fue degradar este\u00a0microcontaminante\u00a0en presencia de un fotocatalizador que se activa en presencia de luz solar.<\/span><span data-ccp-props=\"{&quot;201341983&quot;:0,&quot;335559739&quot;:160,&quot;335559740&quot;:240}\">\u00a0<\/span><\/p>\n<p><span data-contrast=\"auto\">Dicho estudio contribuye al desarrollo e implementaci\u00f3n de los procesos avanzados de oxidaci\u00f3n como una tecnolog\u00eda que puede ser aplicada a la eliminaci\u00f3n de compuestos org\u00e1nicos persistentes en agua, lo cual aporta una soluci\u00f3n al problema de contaminaci\u00f3n del recurso h\u00eddrico.<\/span><span data-ccp-props=\"{&quot;201341983&quot;:0,&quot;335559739&quot;:160,&quot;335559740&quot;:240}\">\u00a0<\/span><\/p>\n<p><span data-contrast=\"auto\">La joven egresada de\u00a0la\u00a0Licenciatura en Ingenier\u00eda Bioqu\u00edmica,\u00a0en el\u00a0Instituto Tecnol\u00f3gico de Veracruz,\u00a0destac\u00f3 que\u00a0actualmente, en M\u00e9xico y a nivel mundial, la contaminaci\u00f3n del agua representa un grave problema para la humanidad.<\/span><span data-ccp-props=\"{&quot;201341983&quot;:0,&quot;335559731&quot;:708,&quot;335559739&quot;:160,&quot;335559740&quot;:240}\">\u00a0<\/span><\/p>\n<p><span data-contrast=\"auto\">\u201cEn el pa\u00eds tenemos un\u00a0atraso de 10 a\u00f1os en\u00a0materia de\u00a0legislaci\u00f3n del\u00a0agua, no existe una\u00a0norma\u00a0oficial que vigile la presencia de contaminantes emergentes en el\u00a0l\u00edquido\u201d, subray\u00f3.<\/span><\/p>\n<div id=\"attachment_101280\" style=\"width: 732px\" class=\"wp-caption aligncenter\"><a href=\"https:\/\/www.uv.mx\/prensa\/files\/2021\/09\/310821-FOTOCATALISIS-2-100k.jpg\"><img aria-describedby=\"caption-attachment-101280\" decoding=\"async\" loading=\"lazy\" class=\"size-full wp-image-101280\" src=\"https:\/\/www.uv.mx\/prensa\/files\/2021\/09\/310821-FOTOCATALISIS-2-100k.jpg\" alt=\"Los contaminantes emergentes, como el diur\u00f3n, causan problemas a la salud de la poblaci\u00f3n y del medio ambiente \" width=\"722\" height=\"490\" srcset=\"https:\/\/www.uv.mx\/prensa\/files\/2021\/09\/310821-FOTOCATALISIS-2-100k.jpg 722w, https:\/\/www.uv.mx\/prensa\/files\/2021\/09\/310821-FOTOCATALISIS-2-100k-300x204.jpg 300w\" sizes=\"(max-width: 722px) 100vw, 722px\" \/><\/a><p id=\"caption-attachment-101280\" class=\"wp-caption-text\">Los contaminantes emergentes, como el diur\u00f3n, causan problemas a la salud de la poblaci\u00f3n y del medio ambiente<\/p><\/div>\n<p><span data-contrast=\"auto\">A su vez, el\u00a0recurso es\u00a0m\u00e1s escaso y\u00a0presenta altos\u00a0niveles de contaminaci\u00f3n.\u00a0Por tanto, la fotocat\u00e1lisis\u00a0es\u00a0hoy\u00a0una alternativa sustentable y\u00a0t\u00e9cnica \u00fatil en la degradaci\u00f3n o eliminaci\u00f3n de los contaminantes emergentes, incluido el\u00a0diur\u00f3n.<\/span><span data-ccp-props=\"{&quot;201341983&quot;:0,&quot;335559731&quot;:708,&quot;335559739&quot;:160,&quot;335559740&quot;:240}\">\u00a0<\/span><\/p>\n<p><span data-contrast=\"auto\">Lamentablemente,\u00a0dijo,\u00a0en nuestro pa\u00eds y en muchas otras latitudes,\u00a0los contaminantes emergentes no est\u00e1n regulados.\u00a0No obstante,\u00a0el desarrollo de\u00a0t\u00e9cnicas anal\u00edticas\u00a0es cada vez m\u00e1s moderno ya que\u00a0permiten analizar, por ejemplo, el agua del grifo, para\u00a0encontrar la presencia de pesticidas de forma m\u00ednima.<\/span><span data-ccp-props=\"{&quot;201341983&quot;:0,&quot;335559731&quot;:708,&quot;335559739&quot;:160,&quot;335559740&quot;:240}\">\u00a0<\/span><\/p>\n<p><span data-contrast=\"auto\">Las\u00a0caracter\u00edsticas de\u00a0dichos\u00a0compuestos son nocivas para el ser humano y para el medio ambiente, sobre todo porque muchos de\u00a0ellos tienen la capacidad de bioacumularse\u00a0y elevar su concentraci\u00f3n en el\u00a0organismo.<\/span><span data-ccp-props=\"{&quot;201341983&quot;:0,&quot;335559731&quot;:708,&quot;335559739&quot;:160,&quot;335559740&quot;:240}\">\u00a0<\/span><\/p>\n<p><span data-contrast=\"auto\">\u201cCualquier contaminante que est\u00e9 en el ambiente va a llegar a nuestro organismo, ya sea por el agua o por los alimentos, a pesar de que se encuentre\u00a0en cantidades muy peque\u00f1as.\u201d<\/span><span data-ccp-props=\"{&quot;201341983&quot;:0,&quot;335559731&quot;:708,&quot;335559739&quot;:160,&quot;335559740&quot;:240}\">\u00a0<\/span><\/p>\n<p><span data-contrast=\"auto\">Algunos\u00a0contaminantes emergentes\u00a0son cancer\u00edgenos\u00a0y\u00a0otros provocan problemas hormonales;\u00a0por tanto,\u00a0originan\u00a0una gran\u00a0variedad de da\u00f1os a la salud. En el ambiente tambi\u00e9n causan problemas.<\/span><span data-ccp-props=\"{&quot;201341983&quot;:0,&quot;335559731&quot;:708,&quot;335559739&quot;:160,&quot;335559740&quot;:240}\">\u00a0<\/span><\/p>\n<p><span data-contrast=\"auto\">En el caso del\u00a0diur\u00f3n, Maribel Enr\u00edquez precis\u00f3 que se trata de\u00a0un herbicida\u00a0utilizado en los\u00a0cultivos de ca\u00f1a de az\u00facar.\u00a0Se centr\u00f3 en su estudio porque\u00a0no era tan conocido;\u00a0tambi\u00e9n corrobor\u00f3 que su venta se mantiene en todo el estado de Veracruz.<\/span><span data-ccp-props=\"{&quot;201341983&quot;:0,&quot;335559731&quot;:708,&quot;335559739&quot;:160,&quot;335559740&quot;:240}\">\u00a0<\/span><\/p>\n<p><span data-contrast=\"auto\">A nivel internacional\u00a0el expendio del producto est\u00e1 prohibido,\u00a0sobre todo en Europa,\u00a0debido a\u00a0sus\u00a0efectos nocivos.\u00a0En\u00a0Estados Unidos, la Agencia de Protecci\u00f3n Ambiental lo tiene clasificado como un carcin\u00f3geno y\u00a0como\u00a0un compuesto que\u00a0est\u00e1 en los\u00a0sistemas de agua, mas no sometido a\u00a0regulaci\u00f3n.<\/span><span data-ccp-props=\"{&quot;201341983&quot;:0,&quot;335559731&quot;:708,&quot;335559739&quot;:160,&quot;335559740&quot;:240}\">\u00a0<\/span><\/p>\n<p><span data-contrast=\"auto\">\u201cHay una problem\u00e1tica a nivel legal sobre los contaminantes porque si no\u00a0est\u00e1n\u00a0prohibidos,\u00a0tampoco hay una vigilancia si se encuentran en el agua.\u201d<\/span><span data-ccp-props=\"{&quot;201341983&quot;:0,&quot;335559731&quot;:708,&quot;335559739&quot;:160,&quot;335559740&quot;:240}\">\u00a0<\/span><\/p>\n<p><span data-contrast=\"auto\">La especialista resalt\u00f3 que en\u00a0M\u00e9xico\u00a0s\u00f3lo existe una norma que especifica las caracter\u00edsticas que debe tener el agua potable para su uso y consumo humano. En ese documento\u00a0se encuentra un par\u00e1metro de metales pesados y agroqu\u00edmicos como el DDT.<\/span><\/p>\n<div id=\"attachment_101281\" style=\"width: 732px\" class=\"wp-caption aligncenter\"><a href=\"https:\/\/www.uv.mx\/prensa\/files\/2021\/09\/310821-FOTOCATALISIS-3-100k.jpg\"><img aria-describedby=\"caption-attachment-101281\" decoding=\"async\" loading=\"lazy\" class=\"size-full wp-image-101281\" src=\"https:\/\/www.uv.mx\/prensa\/files\/2021\/09\/310821-FOTOCATALISIS-3-100k.jpg\" alt=\"La fotocat\u00e1lisis representa una alternativa sustentable para la degradaci\u00f3n o eliminaci\u00f3n de los contaminantes emergentes \" width=\"722\" height=\"492\" srcset=\"https:\/\/www.uv.mx\/prensa\/files\/2021\/09\/310821-FOTOCATALISIS-3-100k.jpg 722w, https:\/\/www.uv.mx\/prensa\/files\/2021\/09\/310821-FOTOCATALISIS-3-100k-300x204.jpg 300w\" sizes=\"(max-width: 722px) 100vw, 722px\" \/><\/a><p id=\"caption-attachment-101281\" class=\"wp-caption-text\">La fotocat\u00e1lisis representa una alternativa sustentable para la degradaci\u00f3n o eliminaci\u00f3n de los contaminantes emergentes<\/p><\/div>\n<p><span data-contrast=\"auto\">A pesar de que su venta qued\u00f3 prohibida desde hace m\u00e1s de 15 a\u00f1os,\u00a0a\u00fan se\u00a0ha detectado el contaminante en cuerpos de\u00a0agua, en lugares cercanos a donde\u00a0anteriormente se\u00a0utilizaba.<\/span><span data-ccp-props=\"{&quot;201341983&quot;:0,&quot;335559731&quot;:708,&quot;335559739&quot;:160,&quot;335559740&quot;:240}\">\u00a0<\/span><\/p>\n<p><span data-contrast=\"auto\">Por esa raz\u00f3n, la\u00a0fotocat\u00e1lisis forma parte de los\u00a0procesos\u00a0de oxidaci\u00f3n avanzados pues\u00a0involucra la formaci\u00f3n del radical hidroxilo encargado de degradar la materia org\u00e1nica, es decir,\u00a0transforman\u00a0los contaminantes\u00a0en \u00e1cidos inorg\u00e1nicos, di\u00f3xido de carbono\u00a0(CO2)\u00a0y agua.<\/span><span data-ccp-props=\"{&quot;201341983&quot;:0,&quot;335559731&quot;:708,&quot;335559739&quot;:160,&quot;335559740&quot;:240}\">\u00a0<\/span><\/p>\n<p><span data-contrast=\"auto\">\u201cQueremos que\u00a0esos contaminantes se transformen en\u00a0CO2, para as\u00ed limpiar los cuerpos de agua, esa es\u00a0la finalidad del trabajo.\u201d<\/span><span data-ccp-props=\"{&quot;201341983&quot;:0,&quot;335559731&quot;:708,&quot;335559739&quot;:160,&quot;335559740&quot;:240}\">\u00a0<\/span><\/p>\n<p><span data-contrast=\"auto\">Se\u00f1al\u00f3\u00a0que\u00a0durante el proceso de fotocat\u00e1lisis, a\u00a0nivel mundial se emplean\u00a0fotocatalizadores de\u00a0di\u00f3xido de titanio, pero\u00a0tienen\u00a0la\u00a0particularidad\u00a0de ser activados solamente en\u00a0presencia de luz ultravioleta.<\/span><span data-ccp-props=\"{&quot;201341983&quot;:0,&quot;335559731&quot;:708,&quot;335559739&quot;:160,&quot;335559740&quot;:240}\">\u00a0<\/span><\/p>\n<p><span data-contrast=\"auto\">Es decir, para\u00a0emplearlo en la\u00a0degradaci\u00f3n de\u00a0alg\u00fan compuesto en agua\u00a0necesita tener l\u00e1mparas ultravioletas, lo cual\u00a0implementado en plantas de tratamiento de aguas residuales\u00a0suele ser muy costoso.<\/span><span data-ccp-props=\"{&quot;201341983&quot;:0,&quot;335559731&quot;:708,&quot;335559739&quot;:160,&quot;335559740&quot;:240}\">\u00a0<\/span><\/p>\n<p><span data-contrast=\"auto\">Para abaratar costos,\u00a0ella modific\u00f3 el rango y utiliz\u00f3\u00a0la luz solar para su activaci\u00f3n. Esa propiedad la transform\u00f3 en el laboratorio aplicando una metodolog\u00eda llamada sol-gel, y de impregnaci\u00f3n.<\/span><span data-ccp-props=\"{&quot;201341983&quot;:0,&quot;335559731&quot;:708,&quot;335559739&quot;:160,&quot;335559740&quot;:240}\">\u00a0<\/span><\/p>\n<p><span data-contrast=\"auto\">Maribel Enr\u00edquez Res\u00e9ndiz\u00a0se mostr\u00f3 satisfecha por los resultados obtenidos, pues su investigaci\u00f3n contribuye en la soluci\u00f3n de esta problem\u00e1tica\u00a0mediante procedimientos sustentables y amigables con el medio ambiente.<\/span><span data-ccp-props=\"{&quot;201341983&quot;:0,&quot;335559731&quot;:708,&quot;335559739&quot;:160,&quot;335559740&quot;:240}\">\u00a0<\/span><\/p>\n<p><span data-contrast=\"auto\">Dio a conocer que su trabajo particip\u00f3 en el Congreso Iberoamericano de Cat\u00e1lisis 2020. Este a\u00f1o ya fue aprobado para presentarse en el Congreso de la Academia Mexicana de Investigaci\u00f3n y Docencia en Ingenier\u00eda Qu\u00edmica,\u00a0A.C,\u00a0y posiblemente tambi\u00e9n en el Congreso de la Academia de Cat\u00e1lisis de M\u00e9xico, A.C.<\/span><span data-ccp-props=\"{&quot;201341983&quot;:0,&quot;335559731&quot;:708,&quot;335559739&quot;:160,&quot;335559740&quot;:240}\">\u00a0<\/span><\/p>\n","protected":false},"excerpt":{"rendered":"<p>Los encontramos en el jab\u00f3n, el champ\u00fa y los medicamentos, entre otras sustancias, explic\u00f3 Maribel Enr\u00edquez, egresada de la Maestr\u00eda en Ciencias del Ambiente <\/p>\n","protected":false},"author":1775,"featured_media":101279,"comment_status":"closed","ping_status":"closed","sticky":false,"template":"","format":"standard","meta":[],"categories":[45,54],"tags":[3793,1720,575,3792,2976],"_links":{"self":[{"href":"https:\/\/www.uv.mx\/prensa\/wp-json\/wp\/v2\/posts\/101278"}],"collection":[{"href":"https:\/\/www.uv.mx\/prensa\/wp-json\/wp\/v2\/posts"}],"about":[{"href":"https:\/\/www.uv.mx\/prensa\/wp-json\/wp\/v2\/types\/post"}],"author":[{"embeddable":true,"href":"https:\/\/www.uv.mx\/prensa\/wp-json\/wp\/v2\/users\/1775"}],"replies":[{"embeddable":true,"href":"https:\/\/www.uv.mx\/prensa\/wp-json\/wp\/v2\/comments?post=101278"}],"version-history":[{"count":1,"href":"https:\/\/www.uv.mx\/prensa\/wp-json\/wp\/v2\/posts\/101278\/revisions"}],"predecessor-version":[{"id":101307,"href":"https:\/\/www.uv.mx\/prensa\/wp-json\/wp\/v2\/posts\/101278\/revisions\/101307"}],"wp:featuredmedia":[{"embeddable":true,"href":"https:\/\/www.uv.mx\/prensa\/wp-json\/wp\/v2\/media\/101279"}],"wp:attachment":[{"href":"https:\/\/www.uv.mx\/prensa\/wp-json\/wp\/v2\/media?parent=101278"}],"wp:term":[{"taxonomy":"category","embeddable":true,"href":"https:\/\/www.uv.mx\/prensa\/wp-json\/wp\/v2\/categories?post=101278"},{"taxonomy":"post_tag","embeddable":true,"href":"https:\/\/www.uv.mx\/prensa\/wp-json\/wp\/v2\/tags?post=101278"}],"curies":[{"name":"wp","href":"https:\/\/api.w.org\/{rel}","templated":true}]}}