{"id":101564,"date":"2021-09-10T08:00:11","date_gmt":"2021-09-10T13:00:11","guid":{"rendered":"https:\/\/www.uv.mx\/prensa\/?p=101564"},"modified":"2021-09-10T12:00:40","modified_gmt":"2021-09-10T17:00:40","slug":"uv-sera-sede-del-8o-simposio-internacional-de-neuroetologia","status":"publish","type":"post","link":"https:\/\/www.uv.mx\/prensa\/eventos\/uv-sera-sede-del-8o-simposio-internacional-de-neuroetologia\/","title":{"rendered":"UV ser\u00e1 sede del 8\u00ba Simposio Internacional de Neuroetolog\u00eda"},"content":{"rendered":"<ul>\n<li data-leveltext=\"\uf0b7\" data-font=\"Symbol\" data-listid=\"2\" data-aria-posinset=\"1\" data-aria-level=\"1\"><i><span data-contrast=\"none\">Investigadores de las universidades de Stanford, California; Estatal de Campinas, Brasil; Alicante, Espa\u00f1a; Aut\u00f3noma\u00a0de Yucat\u00e1n y del\u00a0<\/span><\/i><span data-contrast=\"none\">Inecol<\/span><i><span data-contrast=\"none\">, ofrecer\u00e1n conferencias los d\u00edas\u00a027 y 28 de septiembre<\/span><\/i><span data-ccp-props=\"{&quot;134233279&quot;:true,&quot;201341983&quot;:0,&quot;335559739&quot;:160,&quot;335559740&quot;:240}\">\u00a0<\/span><\/li>\n<li data-leveltext=\"\uf0b7\" data-font=\"Symbol\" data-listid=\"2\" data-aria-posinset=\"2\" data-aria-level=\"1\"><i><span data-contrast=\"none\">Se har\u00e1 homenaje al desaparecido investigador V\u00edctor Rico Gray<\/span><\/i><span data-ccp-props=\"{&quot;134233279&quot;:true,&quot;201341983&quot;:0,&quot;335559739&quot;:160,&quot;335559740&quot;:240}\">\u00a0<\/span><\/li>\n<\/ul>\n<p><span data-ccp-props=\"{&quot;201341983&quot;:0,&quot;335559739&quot;:160,&quot;335559740&quot;:240}\">\u00a0<\/span><\/p>\n<p>&nbsp;<\/p>\n<div id=\"attachment_101565\" style=\"width: 732px\" class=\"wp-caption aligncenter\"><a href=\"https:\/\/www.uv.mx\/prensa\/files\/2021\/09\/080921-Simposio-Neuroetologia-1-100k.jpg\"><img aria-describedby=\"caption-attachment-101565\" decoding=\"async\" loading=\"lazy\" class=\"size-full wp-image-101565\" src=\"https:\/\/www.uv.mx\/prensa\/files\/2021\/09\/080921-Simposio-Neuroetologia-1-100k.jpg\" alt=\"Jorge E. Morales M\u00e1vil, director del Instituto de Neuroetolog\u00eda, dio a conocer la realizaci\u00f3n del 8\u00ba Simposio Internacional de Neuroetolog\u00eda \" width=\"722\" height=\"481\" srcset=\"https:\/\/www.uv.mx\/prensa\/files\/2021\/09\/080921-Simposio-Neuroetologia-1-100k.jpg 722w, https:\/\/www.uv.mx\/prensa\/files\/2021\/09\/080921-Simposio-Neuroetologia-1-100k-300x200.jpg 300w\" sizes=\"(max-width: 722px) 100vw, 722px\" \/><\/a><p id=\"caption-attachment-101565\" class=\"wp-caption-text\">Jorge E. Morales M\u00e1vil, director del Instituto de Neuroetolog\u00eda, dio a conocer la realizaci\u00f3n del 8\u00ba Simposio Internacional de Neuroetolog\u00eda<\/p><\/div>\n<p>&nbsp;<\/p>\n<p><b><i><span data-contrast=\"none\">Jos\u00e9 Luis\u00a0Couttolenc\u00a0Soto<\/span><\/i><\/b><span data-ccp-props=\"{&quot;201341983&quot;:0,&quot;335559739&quot;:160,&quot;335559740&quot;:240}\">\u00a0<\/span><\/p>\n<p><b><i><span data-contrast=\"auto\">10\/09\/2021, Xalapa,\u00a0Ver.-<\/span><\/i><\/b><span data-contrast=\"auto\">\u00a0La Universidad Veracruzana (UV) albergar\u00e1 el\u00a0<\/span><a href=\"https:\/\/www.uv.mx\/neuro\/8-simposio-internacional-de-neuroetologia\/\"><span data-contrast=\"none\">8\u00ba Simposio Internacional de Neuroetolog\u00eda<\/span><\/a><span data-contrast=\"auto\">, que durante los d\u00edas 27 y 28 de septiembre reunir\u00e1 virtualmente a destacados cient\u00edficos de Latinoam\u00e9rica, Sudam\u00e9rica y Europa, quienes compartir\u00e1n conocimientos y avances de investigaciones relacionadas con el estudio del comportamiento animal desde el punto de vista del sistema nervioso.<\/span><span data-ccp-props=\"{&quot;201341983&quot;:0,&quot;335559739&quot;:160,&quot;335559740&quot;:240}\">\u00a0<\/span><\/p>\n<p><span data-contrast=\"auto\">Jorge E. Morales\u00a0M\u00e1vil, director del <a href=\"https:\/\/www.uv.mx\/neuro\/\" target=\"_blank\" rel=\"noopener\">Instituto de\u00a0Neuroetolog\u00eda\u00a0<\/a>de la UV, explic\u00f3 que el evento es organizado por esa\u00a0entidad\u00a0junto con el cuerpo acad\u00e9mico (CA)\u00a0Neuroetolog\u00eda, y apunt\u00f3\u00a0que en el marco de las actividades se har\u00e1 un homenaje al reci\u00e9n\u00a0fallecido V\u00edctor Rico Gray, quien fuera destacado investigador adscrito a\u00a0dicho instituto.<\/span><span data-ccp-props=\"{&quot;201341983&quot;:0,&quot;335559739&quot;:160,&quot;335559740&quot;:240}\">\u00a0<\/span><\/p>\n<p><span data-contrast=\"auto\">Por su parte,\u00a0la coordinadora del posgrado en\u00a0Neuroetolog\u00eda, Laura Teresa Hern\u00e1ndez Salazar, inform\u00f3 que se tiene confirmada la participaci\u00f3n de Rodolfo Dirzo, de la Universidad de Stanford, California; Jos\u00e9 Guadalupe Garc\u00eda Franco\u00a0y Juan Carlos Serio Silva, del Instituto de Ecolog\u00eda\u00a0(<\/span><i><span data-contrast=\"auto\">Inecol<\/span><\/i><span data-contrast=\"auto\">); V\u00edctor Parra Tabla, de la Universidad Aut\u00f3noma de Yucat\u00e1n; Paulo S. Oliveira, de la Universidad Estatal de Campinas, Brasil, as\u00ed como Mar\u00eda de los \u00c1ngeles Marcos Garc\u00eda, de la Universidad de Alicante, Espa\u00f1a.<\/span><\/p>\n<div id=\"attachment_101566\" style=\"width: 732px\" class=\"wp-caption aligncenter\"><a href=\"https:\/\/www.uv.mx\/prensa\/files\/2021\/09\/080921-Simposio-Neuroetologia-2-100k.jpg\"><img aria-describedby=\"caption-attachment-101566\" decoding=\"async\" loading=\"lazy\" class=\"size-full wp-image-101566\" src=\"https:\/\/www.uv.mx\/prensa\/files\/2021\/09\/080921-Simposio-Neuroetologia-2-100k.jpg\" alt=\"Laura Teresa Hern\u00e1ndez Salazar, coordinadora del posgrado en Neuroetolog\u00eda \" width=\"722\" height=\"481\" srcset=\"https:\/\/www.uv.mx\/prensa\/files\/2021\/09\/080921-Simposio-Neuroetologia-2-100k.jpg 722w, https:\/\/www.uv.mx\/prensa\/files\/2021\/09\/080921-Simposio-Neuroetologia-2-100k-300x200.jpg 300w\" sizes=\"(max-width: 722px) 100vw, 722px\" \/><\/a><p id=\"caption-attachment-101566\" class=\"wp-caption-text\">Laura Teresa Hern\u00e1ndez Salazar, coordinadora del posgrado en Neuroetolog\u00eda<\/p><\/div>\n<p><span data-contrast=\"auto\">Se\u00f1al\u00f3 que a los conferencistas los une la caracter\u00edstica de haber trabajado, desde diferentes perspectivas, con el investigador Rico Gray\u00a0\u201cno s\u00f3lo en lazos acad\u00e9micos, sino tambi\u00e9n de amistad y formaci\u00f3n, por lo que consideramos que esta selecci\u00f3n de ponentes es una muestra representativa de lo que fue el trabajo de nuestro homenajeado\u201d.<\/span><span data-ccp-props=\"{&quot;201341983&quot;:0,&quot;335559739&quot;:160,&quot;335559740&quot;:240}\">\u00a0<\/span><\/p>\n<p><span data-contrast=\"auto\">El simposio ser\u00e1 de car\u00e1cter gratuito y se entregar\u00e1n constancias de participaci\u00f3n, por lo que los interesados deber\u00e1n inscribirse en\u00a0el\u00a0siguiente\u00a0enlace,\u00a0donde\u00a0tambi\u00e9n\u00a0encontrar\u00e1n el programa completo de actividades:\u00a0<\/span><a href=\"https:\/\/www.uv.mx\/neuro\/8-simposio-internacional-de-neuroetologia\/\"><span data-contrast=\"none\">https:\/\/www.uv.mx\/neuro\/8-simposio-internacional-de-neuroetologia\/<\/span><\/a><span data-contrast=\"none\">; las conferencias ser\u00e1n transmitidas a trav\u00e9s del\u00a0<\/span><i><span data-contrast=\"none\">Facebook<\/span><\/i><span data-contrast=\"none\">\u00a0del\u00a0Instituto de\u00a0Neuroetolog\u00eda\u00a0UV y en directo por\u00a0<\/span><i><span data-contrast=\"none\">YouTube<\/span><\/i><span data-contrast=\"none\">.<\/span><span data-ccp-props=\"{&quot;201341983&quot;:0,&quot;335559739&quot;:160,&quot;335559740&quot;:240}\">\u00a0<\/span><\/p>\n<p><span data-contrast=\"none\">Morales\u00a0M\u00e1vil\u00a0dio a conocer tambi\u00e9n que entre los prop\u00f3sitos del simposio est\u00e1\u00a0brindar la oportunidad a estudiantes y acad\u00e9micos de otras \u00e1reas, de escuchar conferencias que se distinguen\u00a0por la calidad de los ponentes\u00a0y la originalidad de los trabajos de investigaci\u00f3n,\u00a0adem\u00e1s de\u00a0propiciar la integraci\u00f3n de la investigaci\u00f3n, la ciencia y el arte y su relaci\u00f3n con la\u00a0neuroetolog\u00eda.<\/span><span data-ccp-props=\"{&quot;201341983&quot;:0,&quot;335559739&quot;:160,&quot;335559740&quot;:240}\">\u00a0<\/span><\/p>\n<p><span data-contrast=\"none\">Para ello se tienen previstos dos concursos: uno denominado\u00a0\u201cComunicando la ciencia en 30 segundos\u201d,<\/span><i><span data-contrast=\"none\">\u00a0<\/span><\/i><span data-contrast=\"none\">en donde los estudiantes de licenciatura y posgrado deber\u00e1n exponer en\u00a0un video\u00a0un art\u00edculo que haya publicado el doctor Rico Gray, quien como miembro del Sistema Nacional de Investigadores (SNI) Nivel 3 hizo alrededor de 180 publicaciones.<\/span><\/p>\n<div id=\"attachment_101567\" style=\"width: 330px\" class=\"wp-caption aligncenter\"><a href=\"https:\/\/www.uv.mx\/prensa\/files\/2021\/09\/080921-Simposio-Neuroetologia-3-100k.jpg\"><img aria-describedby=\"caption-attachment-101567\" decoding=\"async\" loading=\"lazy\" class=\"size-full wp-image-101567\" src=\"https:\/\/www.uv.mx\/prensa\/files\/2021\/09\/080921-Simposio-Neuroetologia-3-100k.jpg\" alt=\" El investigador V\u00edctor Rico Gray ser\u00e1 objeto de un homenaje p\u00f3stumo \" width=\"320\" height=\"480\" srcset=\"https:\/\/www.uv.mx\/prensa\/files\/2021\/09\/080921-Simposio-Neuroetologia-3-100k.jpg 320w, https:\/\/www.uv.mx\/prensa\/files\/2021\/09\/080921-Simposio-Neuroetologia-3-100k-200x300.jpg 200w\" sizes=\"(max-width: 320px) 100vw, 320px\" \/><\/a><p id=\"caption-attachment-101567\" class=\"wp-caption-text\">El investigador V\u00edctor Rico Gray ser\u00e1 objeto de un homenaje p\u00f3stumo<\/p><\/div>\n<p><span data-contrast=\"none\">El segundo concurso es\u00a0\u201cNeuroetolog\u00eda, redes e interacciones ecol\u00f3gicas\u201d,<\/span><i><span data-contrast=\"none\">\u00a0<\/span><\/i><span data-contrast=\"none\">y en \u00e9l puede participar p\u00fablico en general y\u00a0personas\u00a0de cualquier nacionalidad residentes en M\u00e9xico; las categor\u00edas ser\u00e1n: infantil (7-12 a\u00f1os), juvenil (13-18) y adulto (18 en adelante). El dibujo deber\u00e1 centrarse en aspectos relacionados con la\u00a0neuroetolog\u00eda\u00a0y las redes ecol\u00f3gicas.<\/span><span data-ccp-props=\"{&quot;201341983&quot;:0,&quot;335559739&quot;:160,&quot;335559740&quot;:240}\">\u00a0<\/span><\/p>\n<p><span data-contrast=\"none\">V\u00edctor Rico Gray desarrollaba la L\u00ednea de Generaci\u00f3n y Aplicaci\u00f3n del Conocimiento\u00a0\u201cRedes\u00a0ecol\u00f3gicas e\u00a0interacciones planta-animal\u201d, principalmente enfocado en la ecolog\u00eda tropical; su investigaci\u00f3n fue altamente colaborativa con investigadores de diversas universidades nacionales y del extranjero;\u00a0se le considera un\u00a0excelente formador de recursos humanos tanto de licenciatura como de posgrado, que inspir\u00f3 para realizar estudios de interacciones ecol\u00f3gicas en el tr\u00f3pico.<\/span><span data-ccp-props=\"{&quot;201341983&quot;:0,&quot;335559739&quot;:160,&quot;335559740&quot;:240}\">\u00a0<\/span><\/p>\n<p><span data-contrast=\"none\">Fue adem\u00e1s\u00a0parte del n\u00facleo acad\u00e9mico del posgrado en\u00a0Neuroetolog\u00eda\u00a0y miembro del CA consolidado\u00a0Neuroetolog\u00eda.<\/span><span data-ccp-props=\"{&quot;201341983&quot;:0,&quot;335559731&quot;:708,&quot;335559739&quot;:160,&quot;335559740&quot;:240}\">\u00a0<\/span><\/p>\n","protected":false},"excerpt":{"rendered":"<p>Se har\u00e1 homenaje al desaparecido investigador V\u00edctor Rico Gray <\/p>\n","protected":false},"author":1775,"featured_media":101565,"comment_status":"closed","ping_status":"closed","sticky":false,"template":"","format":"standard","meta":[],"categories":[47],"tags":[3843,753,752,1285,3845,914,179,3846,79,3844,3847],"_links":{"self":[{"href":"https:\/\/www.uv.mx\/prensa\/wp-json\/wp\/v2\/posts\/101564"}],"collection":[{"href":"https:\/\/www.uv.mx\/prensa\/wp-json\/wp\/v2\/posts"}],"about":[{"href":"https:\/\/www.uv.mx\/prensa\/wp-json\/wp\/v2\/types\/post"}],"author":[{"embeddable":true,"href":"https:\/\/www.uv.mx\/prensa\/wp-json\/wp\/v2\/users\/1775"}],"replies":[{"embeddable":true,"href":"https:\/\/www.uv.mx\/prensa\/wp-json\/wp\/v2\/comments?post=101564"}],"version-history":[{"count":1,"href":"https:\/\/www.uv.mx\/prensa\/wp-json\/wp\/v2\/posts\/101564\/revisions"}],"predecessor-version":[{"id":101588,"href":"https:\/\/www.uv.mx\/prensa\/wp-json\/wp\/v2\/posts\/101564\/revisions\/101588"}],"wp:featuredmedia":[{"embeddable":true,"href":"https:\/\/www.uv.mx\/prensa\/wp-json\/wp\/v2\/media\/101565"}],"wp:attachment":[{"href":"https:\/\/www.uv.mx\/prensa\/wp-json\/wp\/v2\/media?parent=101564"}],"wp:term":[{"taxonomy":"category","embeddable":true,"href":"https:\/\/www.uv.mx\/prensa\/wp-json\/wp\/v2\/categories?post=101564"},{"taxonomy":"post_tag","embeddable":true,"href":"https:\/\/www.uv.mx\/prensa\/wp-json\/wp\/v2\/tags?post=101564"}],"curies":[{"name":"wp","href":"https:\/\/api.w.org\/{rel}","templated":true}]}}