{"id":101605,"date":"2021-09-11T08:00:14","date_gmt":"2021-09-11T13:00:14","guid":{"rendered":"https:\/\/www.uv.mx\/prensa\/?p=101605"},"modified":"2021-09-14T17:39:00","modified_gmt":"2021-09-14T22:39:00","slug":"fispa-develo-placa-conmemorativa-por-su-25-aniversario","status":"publish","type":"post","link":"https:\/\/www.uv.mx\/prensa\/regiones\/coatzacoalcos\/fispa-develo-placa-conmemorativa-por-su-25-aniversario\/","title":{"rendered":"FISPA devel\u00f3 placa conmemorativa por su 25 aniversario"},"content":{"rendered":"<ul>\n<li data-leveltext=\"\uf0b7\" data-font=\"Symbol\" data-listid=\"1\" data-aria-posinset=\"1\" data-aria-level=\"1\"><i><span data-contrast=\"auto\">Esta entidad acad\u00e9mica fue fundada para atender las necesidades de los productores agropecuarios de la regi\u00f3n<\/span><\/i><span data-ccp-props=\"{&quot;134233279&quot;:true,&quot;201341983&quot;:0,&quot;335559739&quot;:160,&quot;335559740&quot;:240}\">\u00a0<\/span><\/li>\n<\/ul>\n<p>&nbsp;<\/p>\n<div id=\"attachment_101607\" style=\"width: 731px\" class=\"wp-caption aligncenter\"><a href=\"https:\/\/www.uv.mx\/prensa\/files\/2021\/09\/100921-25-aniv-1.jpg\" target=\"_blank\" rel=\"noopener\"><img aria-describedby=\"caption-attachment-101607\" decoding=\"async\" loading=\"lazy\" class=\"wp-image-101607 size-full\" src=\"https:\/\/www.uv.mx\/prensa\/files\/2021\/09\/100921-25-aniv-1.jpg\" alt=\"\" width=\"721\" height=\"481\" srcset=\"https:\/\/www.uv.mx\/prensa\/files\/2021\/09\/100921-25-aniv-1.jpg 721w, https:\/\/www.uv.mx\/prensa\/files\/2021\/09\/100921-25-aniv-1-300x200.jpg 300w\" sizes=\"(max-width: 721px) 100vw, 721px\" \/><\/a><p id=\"caption-attachment-101607\" class=\"wp-caption-text\">Nayib Bechara \u00c1car Mart\u00ednez, director de la FISPA<\/p><\/div>\n<p>&nbsp;<\/p>\n<p><b><i><span data-contrast=\"auto\">Cecilia Escribano Reyes<\/span><\/i><\/b><\/p>\n<p><b><i><span data-contrast=\"auto\">11\/09\/2021, Coatzacoalcos, Ver.- <\/span><\/i><\/b><span data-contrast=\"auto\">La <a href=\"https:\/\/www.uv.mx\/coatza\/fispa\/\" target=\"_blank\" rel=\"noopener\">Facultad de Ingenier\u00eda en Sistemas de Producci\u00f3n Agropecuaria<\/a> (FISPA) de la Universidad Veracruzana (UV), regi\u00f3n Coatzacoalcos-Minatitl\u00e1n, devel\u00f3 una placa conmemorativa por sus 25 a\u00f1os de fundaci\u00f3n, en ceremonia realizada el pasado mi\u00e9rcoles 8 de septiembre.<\/span><span data-ccp-props=\"{&quot;201341983&quot;:0,&quot;335559739&quot;:160,&quot;335559740&quot;:240}\">\u00a0<\/span><\/p>\n<p><span data-contrast=\"auto\">Al evento se dieron cita el vicerrector Carlos Lamothe Zavaleta; Domingo Canales Espinosa, director general del \u00c1rea acad\u00e9mica de Ciencias Biol\u00f3gicas y Agropecuarias; Hugo Ismael Noble P\u00e9rez y Mar\u00eda In\u00e9s Quevedo L\u00f3pez, secretarios regionales Acad\u00e9mico, y de Administraci\u00f3n y Finanzas, respectivamente; Nayib Bechara \u00c1car Mart\u00ednez, Jos\u00e9 Orlando Ram\u00edrez Valencia y Mayda Liv Rend\u00f3n S\u00e1nchez, director, secretario y administradora de la FISPA, respectivamente, as\u00ed como invitados especiales y comunidad universitaria.<\/span><span data-ccp-props=\"{&quot;201341983&quot;:0,&quot;335559731&quot;:708,&quot;335559739&quot;:160,&quot;335559740&quot;:240}\">\u00a0<\/span><\/p>\n<p><span data-contrast=\"auto\">Al inicio se present\u00f3 un video donde se dieron a conocer los objetivos y caracter\u00edsticas de la Licenciatura en Ingenier\u00eda en Sistemas de Producci\u00f3n Agropecuaria.<\/span><span data-ccp-props=\"{&quot;201341983&quot;:0,&quot;335559731&quot;:708,&quot;335559739&quot;:160,&quot;335559740&quot;:240}\">\u00a0<\/span><\/p>\n<p><span data-contrast=\"auto\">\u00c1car Mart\u00ednez se\u00f1al\u00f3 que el evento fue organizado por el cuerpo acad\u00e9mico (CA) Sistemas de Producci\u00f3n Agropecuaria y Forestal para el Desarrollo Rural Sustentable del Sur de Veracruz, integrado por: Alejandro Retureta Aponte, Ronnie de Jes\u00fas Arieta Rom\u00e1n, Karla Yazm\u00edn Ruiz Santos y Zeferino Gonz\u00e1lez Lara.<\/span><span data-ccp-props=\"{&quot;201341983&quot;:0,&quot;335559731&quot;:708,&quot;335559739&quot;:160,&quot;335559740&quot;:240}\">\u00a0<\/span><\/p>\n<p>&nbsp;<\/p>\n<div id=\"attachment_101606\" style=\"width: 732px\" class=\"wp-caption aligncenter\"><a href=\"https:\/\/www.uv.mx\/prensa\/files\/2021\/09\/100921-25-aniv-2.jpg\"><img aria-describedby=\"caption-attachment-101606\" decoding=\"async\" loading=\"lazy\" class=\"size-full wp-image-101606\" src=\"https:\/\/www.uv.mx\/prensa\/files\/2021\/09\/100921-25-aniv-2.jpg\" alt=\"\" width=\"722\" height=\"481\" srcset=\"https:\/\/www.uv.mx\/prensa\/files\/2021\/09\/100921-25-aniv-2.jpg 722w, https:\/\/www.uv.mx\/prensa\/files\/2021\/09\/100921-25-aniv-2-300x200.jpg 300w\" sizes=\"(max-width: 722px) 100vw, 722px\" \/><\/a><p id=\"caption-attachment-101606\" class=\"wp-caption-text\">Domingo Canales Espinosa, director general del \u00c1rea Acad\u00e9mica de Ciencias Biol\u00f3gicas y Agropecuarias<\/p><\/div>\n<p>&nbsp;<\/p>\n<p><span data-contrast=\"auto\">El Director de la FISPA explic\u00f3 que hace un cuarto de siglo la sociedad de Acayucan, representada por el patronato universitario, solicit\u00f3 al gobernador y al rector en turno el establecimiento de la misma, para que atendiera las necesidades de los productores agropecuarios de la regi\u00f3n; fue as\u00ed que se gestion\u00f3 la donaci\u00f3n del terreno para las instalaciones y para el estacionamiento.<\/span><span data-ccp-props=\"{&quot;201341983&quot;:0,&quot;335559731&quot;:708,&quot;335559739&quot;:160,&quot;335559740&quot;:240}\">\u00a0<\/span><\/p>\n<p><span data-contrast=\"auto\">De entonces a la fecha se ha mantenido ese esp\u00edritu, por lo que expres\u00f3 a sus antecesores y a la comunidad universitaria que ha integrado las diferentes generaciones, su reconocimiento por el esfuerzo para fortalecer a la FISPA, as\u00ed como los logros obtenidos.<\/span><span data-ccp-props=\"{&quot;201341983&quot;:0,&quot;335559731&quot;:708,&quot;335559739&quot;:160,&quot;335559740&quot;:240}\">\u00a0<\/span><\/p>\n<p><span data-contrast=\"auto\">\u201cLos invito a seguir trabajando para anclar en nuevos puertos que favorezcan la labor m\u00e1s noble que es la de educar a nuestros j\u00f3venes para insertarlos a una sociedad m\u00e1s justa y equitativa\u201d.<\/span><span data-ccp-props=\"{&quot;201341983&quot;:0,&quot;335559731&quot;:708,&quot;335559739&quot;:160,&quot;335559740&quot;:240}\">\u00a0<\/span><\/p>\n<p><span data-contrast=\"auto\">En tanto, Domingo Canales felicit\u00f3 a la FISPA y dijo: \u201cEstoy convencido que se ha consolidado y tiene evidencia de ser reconocida por su calidad, su cuerpo acad\u00e9mico, sus programas educativos de licenciatura y posgrado que son pertinentes\u201d.<\/span><span data-ccp-props=\"{&quot;201341983&quot;:0,&quot;335559731&quot;:708,&quot;335559739&quot;:160,&quot;335559740&quot;:240}\">\u00a0<\/span><\/p>\n<p>&nbsp;<\/p>\n<div id=\"attachment_101608\" style=\"width: 732px\" class=\"wp-caption aligncenter\"><a href=\"https:\/\/www.uv.mx\/prensa\/files\/2021\/09\/100921-25-aniv-3.jpg\"><img aria-describedby=\"caption-attachment-101608\" decoding=\"async\" loading=\"lazy\" class=\"size-full wp-image-101608\" src=\"https:\/\/www.uv.mx\/prensa\/files\/2021\/09\/100921-25-aniv-3.jpg\" alt=\"\" width=\"722\" height=\"481\" srcset=\"https:\/\/www.uv.mx\/prensa\/files\/2021\/09\/100921-25-aniv-3.jpg 722w, https:\/\/www.uv.mx\/prensa\/files\/2021\/09\/100921-25-aniv-3-300x200.jpg 300w\" sizes=\"(max-width: 722px) 100vw, 722px\" \/><\/a><p id=\"caption-attachment-101608\" class=\"wp-caption-text\">El vicerrector Carlos Lamothe Zavaleta<\/p><\/div>\n<p>&nbsp;<\/p>\n<p><span data-contrast=\"auto\">Enfatiz\u00f3 que estas caracter\u00edsticas configuran una entidad acad\u00e9mica fortalecida y madura que trabaja siempre por la mejora continua. \u201cAuguro \u00e9xito en los proyectos venideros por el bien de la regi\u00f3n, de la sociedad, de Veracruz y nuestro pa\u00eds\u201d.<\/span><span data-ccp-props=\"{&quot;201341983&quot;:0,&quot;335559731&quot;:708,&quot;335559739&quot;:160,&quot;335559740&quot;:240}\">\u00a0<\/span><\/p>\n<p><span data-contrast=\"auto\">Por su parte, el Vicerrector recalc\u00f3 los retos a los que se enfrenta la producci\u00f3n alimentaria y el compromiso que tiene la Facultad ante este panorama: \u201cLos retos globales se podr\u00e1n sortear con el trabajo comprometido de los profesionistas del sector, haciendo uso de equipo de alta tecnolog\u00eda y aplicando modelos amigables con el medio ambiente para producir alimentos libres de pat\u00f3genos que requiere la poblaci\u00f3n para una vida m\u00e1s saludable\u201d.<\/span><span data-ccp-props=\"{&quot;201341983&quot;:0,&quot;335559731&quot;:708,&quot;335559739&quot;:160,&quot;335559740&quot;:240}\">\u00a0<\/span><\/p>\n<p><span data-contrast=\"auto\">Carlos Lamothe y Nayib Bechara \u00c1car develaron la placa del 25 aniversario de la FISPA, que ha formado profesionales l\u00edderes en sistemas de producci\u00f3n agropecuaria.<\/span><span data-ccp-props=\"{&quot;201341983&quot;:0,&quot;335559731&quot;:708,&quot;335559739&quot;:160,&quot;335559740&quot;:240}\">\u00a0<\/span><\/p>\n<p><span data-contrast=\"auto\">Para finalizar, se cont\u00f3 con la participaci\u00f3n del grupo Jaranas del Sol, representado por Zeferino Gonz\u00e1lez Lara, egresado de la FISPA.<\/span><span data-ccp-props=\"{&quot;201341983&quot;:0,&quot;335559731&quot;:708,&quot;335559739&quot;:160,&quot;335559740&quot;:240}\">\u00a0<\/span><\/p>\n<p>&nbsp;<\/p>\n<div id=\"attachment_101609\" style=\"width: 732px\" class=\"wp-caption aligncenter\"><a href=\"https:\/\/www.uv.mx\/prensa\/files\/2021\/09\/100921-25-aniv-4.jpg\"><img aria-describedby=\"caption-attachment-101609\" decoding=\"async\" loading=\"lazy\" class=\"size-full wp-image-101609\" src=\"https:\/\/www.uv.mx\/prensa\/files\/2021\/09\/100921-25-aniv-4.jpg\" alt=\"\" width=\"722\" height=\"481\" srcset=\"https:\/\/www.uv.mx\/prensa\/files\/2021\/09\/100921-25-aniv-4.jpg 722w, https:\/\/www.uv.mx\/prensa\/files\/2021\/09\/100921-25-aniv-4-300x200.jpg 300w\" sizes=\"(max-width: 722px) 100vw, 722px\" \/><\/a><p id=\"caption-attachment-101609\" class=\"wp-caption-text\">Develaci\u00f3n de la placa conmemorativa<\/p><\/div>\n","protected":false},"excerpt":{"rendered":"<p>La Facultad de Ingenier\u00eda en Sistemas de Producci\u00f3n Agropecuaria fue fundada para atender las necesidades de los productores agropecuarios de la regi\u00f3n Coatzacoalcos-Minatitl\u00e1n<\/p>\n","protected":false},"author":1508,"featured_media":101609,"comment_status":"closed","ping_status":"closed","sticky":false,"template":"","format":"standard","meta":[],"categories":[52],"tags":[],"_links":{"self":[{"href":"https:\/\/www.uv.mx\/prensa\/wp-json\/wp\/v2\/posts\/101605"}],"collection":[{"href":"https:\/\/www.uv.mx\/prensa\/wp-json\/wp\/v2\/posts"}],"about":[{"href":"https:\/\/www.uv.mx\/prensa\/wp-json\/wp\/v2\/types\/post"}],"author":[{"embeddable":true,"href":"https:\/\/www.uv.mx\/prensa\/wp-json\/wp\/v2\/users\/1508"}],"replies":[{"embeddable":true,"href":"https:\/\/www.uv.mx\/prensa\/wp-json\/wp\/v2\/comments?post=101605"}],"version-history":[{"count":1,"href":"https:\/\/www.uv.mx\/prensa\/wp-json\/wp\/v2\/posts\/101605\/revisions"}],"predecessor-version":[{"id":101728,"href":"https:\/\/www.uv.mx\/prensa\/wp-json\/wp\/v2\/posts\/101605\/revisions\/101728"}],"wp:featuredmedia":[{"embeddable":true,"href":"https:\/\/www.uv.mx\/prensa\/wp-json\/wp\/v2\/media\/101609"}],"wp:attachment":[{"href":"https:\/\/www.uv.mx\/prensa\/wp-json\/wp\/v2\/media?parent=101605"}],"wp:term":[{"taxonomy":"category","embeddable":true,"href":"https:\/\/www.uv.mx\/prensa\/wp-json\/wp\/v2\/categories?post=101605"},{"taxonomy":"post_tag","embeddable":true,"href":"https:\/\/www.uv.mx\/prensa\/wp-json\/wp\/v2\/tags?post=101605"}],"curies":[{"name":"wp","href":"https:\/\/api.w.org\/{rel}","templated":true}]}}