{"id":101661,"date":"2021-09-14T08:00:41","date_gmt":"2021-09-14T13:00:41","guid":{"rendered":"https:\/\/www.uv.mx\/prensa\/?p=101661"},"modified":"2021-09-13T14:27:51","modified_gmt":"2021-09-13T19:27:51","slug":"egresada-de-biologia-se-titulo-con-proyecto-de-educacion-ambiental-sobre-lince-rojo","status":"publish","type":"post","link":"https:\/\/www.uv.mx\/prensa\/ciencia\/egresada-de-biologia-se-titulo-con-proyecto-de-educacion-ambiental-sobre-lince-rojo\/","title":{"rendered":"Egresada de Biolog\u00eda se titul\u00f3 con proyecto de educaci\u00f3n ambiental sobre lince rojo"},"content":{"rendered":"<ul>\n<li data-leveltext=\"\uf0b7\" data-font=\"Symbol\" data-listid=\"5\" data-aria-posinset=\"1\" data-aria-level=\"1\"><i><span data-contrast=\"auto\">Guadalupe Juanz\u00a0Aguirre desarroll\u00f3 este trabajo con ni\u00f1os de una escuela primaria de la localidad Dos Veredas, del municipio de Acajete<\/span><\/i><span data-ccp-props=\"{}\">\u00a0<\/span><\/li>\n<li data-leveltext=\"\uf0b7\" data-font=\"Symbol\" data-listid=\"5\" data-aria-posinset=\"2\" data-aria-level=\"1\"><i><span data-contrast=\"auto\">Las actividades incluyeron elaboraci\u00f3n de manualidades, juegos de mesa y una funci\u00f3n de t\u00edteres\u00a0<\/span><\/i><span data-ccp-props=\"{}\">\u00a0<\/span><\/li>\n<\/ul>\n<p>&nbsp;<\/p>\n<div id=\"attachment_101662\" style=\"width: 732px\" class=\"wp-caption aligncenter\"><a href=\"https:\/\/www.uv.mx\/prensa\/files\/2021\/09\/130921-Tesis-Maria-Juanz-1.jpg\"><img aria-describedby=\"caption-attachment-101662\" decoding=\"async\" loading=\"lazy\" class=\"size-full wp-image-101662\" src=\"https:\/\/www.uv.mx\/prensa\/files\/2021\/09\/130921-Tesis-Maria-Juanz-1.jpg\" alt=\"\" width=\"722\" height=\"482\" srcset=\"https:\/\/www.uv.mx\/prensa\/files\/2021\/09\/130921-Tesis-Maria-Juanz-1.jpg 722w, https:\/\/www.uv.mx\/prensa\/files\/2021\/09\/130921-Tesis-Maria-Juanz-1-300x200.jpg 300w\" sizes=\"(max-width: 722px) 100vw, 722px\" \/><\/a><p id=\"caption-attachment-101662\" class=\"wp-caption-text\">Mar\u00eda Guadalupe Juanz Aguirre<\/p><\/div>\n<p>&nbsp;<\/p>\n<p><b><i><span data-contrast=\"auto\">Carlos Hugo Hermida Rosales<\/span><\/i><\/b><span data-ccp-props=\"{}\">\u00a0<\/span><\/p>\n<p><b><i><span data-contrast=\"auto\">14\/09\/2021, Xalapa, Ver.- <\/span><\/i><\/b><span data-contrast=\"auto\">Mar\u00eda Guadalupe Juanz Aguirre se titul\u00f3 de la Licenciatura en Biolog\u00eda de la Universidad Veracruzana (UV) por medio de un proyecto de educaci\u00f3n ambiental enfocado a la protecci\u00f3n del lince rojo, que se llev\u00f3 a cabo con ni\u00f1os de una escuela primaria de la localidad Dos Veredas, del municipio de Acajete.<\/span><span data-ccp-props=\"{}\">\u00a0<\/span><\/p>\n<p><span data-contrast=\"auto\">La joven desarroll\u00f3 el trabajo de tesis \u201cActividades de educaci\u00f3n ambiental para la conservaci\u00f3n del lince rojo (<\/span><i><span data-contrast=\"auto\">Lynx rufus<\/span><\/i><span data-contrast=\"auto\">) en la Escuela Primaria \u2018Gustavo D\u00edaz Ordaz\u2019, localidad Dos Veredas, Acajete, Veracruz\u201d, que fue dirigido por Blanca Elizabeth Cortina Julio, catedr\u00e1tica del Instituto de Investigaciones Biol\u00f3gicas.<\/span><span data-ccp-props=\"{&quot;335559731&quot;:708}\">\u00a0<\/span><\/p>\n<p><span data-contrast=\"auto\">El proyecto inici\u00f3 con una encuesta en la que participaron 13 peque\u00f1os a quienes se les pregunt\u00f3 el conocimiento que ten\u00edan del lince rojo, el medio en el que habita y la problem\u00e1tica ambiental que presenta.\u00a0<\/span><span data-ccp-props=\"{&quot;335559731&quot;:708}\">\u00a0<\/span><\/p>\n<p><span data-contrast=\"auto\">Adem\u00e1s, se indag\u00f3 si deseaban conocer m\u00e1s sobre este felino, y si consideraban importante su conservaci\u00f3n.\u00a0<\/span><span data-ccp-props=\"{&quot;335559731&quot;:708}\">\u00a0<\/span><\/p>\n<p><span data-contrast=\"auto\">Los trabajos se desarrollaron a lo largo de seis sesiones que abordaron las caracter\u00edsticas generales del lince rojo, su h\u00e1bitat y distribuci\u00f3n, h\u00e1bitos alimenticios y reproductivos, la importancia de la especie, las amenazas que presenta y las acciones que se llevan a cabo en territorio nacional para su conservaci\u00f3n.<\/span><span data-ccp-props=\"{&quot;335559731&quot;:708}\">\u00a0<\/span><\/p>\n<p><span data-contrast=\"auto\">Cada sesi\u00f3n const\u00f3 de tres partes con actividades educativas y l\u00fadicas, que incluyeron elaboraci\u00f3n de manualidades, juegos de mesa y hasta una funci\u00f3n de teatro gui\u00f1ol.\u00a0<\/span><span data-ccp-props=\"{&quot;335559731&quot;:708}\">\u00a0<\/span><\/p>\n<p>&nbsp;<\/p>\n<div id=\"attachment_101663\" style=\"width: 732px\" class=\"wp-caption aligncenter\"><a href=\"https:\/\/www.uv.mx\/prensa\/files\/2021\/09\/130921-Tesis-Maria-Juanz-2.jpg\"><img aria-describedby=\"caption-attachment-101663\" decoding=\"async\" loading=\"lazy\" class=\"size-full wp-image-101663\" src=\"https:\/\/www.uv.mx\/prensa\/files\/2021\/09\/130921-Tesis-Maria-Juanz-2.jpg\" alt=\"\" width=\"722\" height=\"482\" srcset=\"https:\/\/www.uv.mx\/prensa\/files\/2021\/09\/130921-Tesis-Maria-Juanz-2.jpg 722w, https:\/\/www.uv.mx\/prensa\/files\/2021\/09\/130921-Tesis-Maria-Juanz-2-300x200.jpg 300w\" sizes=\"(max-width: 722px) 100vw, 722px\" \/><\/a><p id=\"caption-attachment-101663\" class=\"wp-caption-text\">El proyecto incluy\u00f3 actividades l\u00fadicas<\/p><\/div>\n<p>&nbsp;<\/p>\n<p><span data-contrast=\"auto\">Al final los ni\u00f1os realizaron una evaluaci\u00f3n de 20 preguntas, en la que describieron lo que aprendieron sobre el lince rojo, y dieron su opini\u00f3n de las actividades en las que participaron.\u00a0<\/span><span data-ccp-props=\"{&quot;335559731&quot;:708}\">\u00a0<\/span><\/p>\n<p><span data-contrast=\"auto\">Guadalupe Juanz coment\u00f3 que antes de realizar el proyecto de educaci\u00f3n ambiental los peque\u00f1os ten\u00edan una mala percepci\u00f3n hacia la especie, un escaso conocimiento sobre su biolog\u00eda y los problemas ambientales que le afectan.<\/span><span data-ccp-props=\"{&quot;335559731&quot;:708}\">\u00a0<\/span><\/p>\n<p><span data-contrast=\"auto\">Mencion\u00f3 que las actividades lograron sensibilizarlos, que comprendieran la importancia del felino y adquirieran un sentido de pertenencia y responsabilidad con respecto a \u00e9l.<\/span><span data-ccp-props=\"{&quot;335559731&quot;:708}\">\u00a0<\/span><\/p>\n<p><span data-contrast=\"auto\">En la ceremonia de clausura, celebrada en junio, los ni\u00f1os recibieron un reconocimiento, adem\u00e1s de cilindros de agua y calcoman\u00edas como obsequios.<\/span><span data-ccp-props=\"{&quot;335559731&quot;:708}\">\u00a0<\/span><\/p>\n<p><span data-contrast=\"auto\">La joven tambi\u00e9n dise\u00f1\u00f3 un libro infantil llamado <\/span><i><span data-contrast=\"auto\">Historias de nuestro vecino peludo<\/span><\/i><span data-contrast=\"auto\">, con el que espera que m\u00e1s chicos aprendan sobre la importancia del lince rojo.\u00a0<\/span><span data-ccp-props=\"{&quot;335559731&quot;:708}\">\u00a0<\/span><\/p>\n","protected":false},"excerpt":{"rendered":"<p>Guadalupe Juanz Aguirre realiz\u00f3 la investigaci\u00f3n \u201cActividades de educaci\u00f3n ambiental para la conservaci\u00f3n del lince rojo (<em>Lynx rufus<\/em>) en la Primaria \u2018Gustavo D\u00edaz Ordaz\u2019, localidad Dos Veredas, Acajete, Veracruz\u201d<\/p>\n","protected":false},"author":1508,"featured_media":101662,"comment_status":"closed","ping_status":"closed","sticky":false,"template":"","format":"standard","meta":[],"categories":[45],"tags":[],"_links":{"self":[{"href":"https:\/\/www.uv.mx\/prensa\/wp-json\/wp\/v2\/posts\/101661"}],"collection":[{"href":"https:\/\/www.uv.mx\/prensa\/wp-json\/wp\/v2\/posts"}],"about":[{"href":"https:\/\/www.uv.mx\/prensa\/wp-json\/wp\/v2\/types\/post"}],"author":[{"embeddable":true,"href":"https:\/\/www.uv.mx\/prensa\/wp-json\/wp\/v2\/users\/1508"}],"replies":[{"embeddable":true,"href":"https:\/\/www.uv.mx\/prensa\/wp-json\/wp\/v2\/comments?post=101661"}],"version-history":[{"count":1,"href":"https:\/\/www.uv.mx\/prensa\/wp-json\/wp\/v2\/posts\/101661\/revisions"}],"predecessor-version":[{"id":101664,"href":"https:\/\/www.uv.mx\/prensa\/wp-json\/wp\/v2\/posts\/101661\/revisions\/101664"}],"wp:featuredmedia":[{"embeddable":true,"href":"https:\/\/www.uv.mx\/prensa\/wp-json\/wp\/v2\/media\/101662"}],"wp:attachment":[{"href":"https:\/\/www.uv.mx\/prensa\/wp-json\/wp\/v2\/media?parent=101661"}],"wp:term":[{"taxonomy":"category","embeddable":true,"href":"https:\/\/www.uv.mx\/prensa\/wp-json\/wp\/v2\/categories?post=101661"},{"taxonomy":"post_tag","embeddable":true,"href":"https:\/\/www.uv.mx\/prensa\/wp-json\/wp\/v2\/tags?post=101661"}],"curies":[{"name":"wp","href":"https:\/\/api.w.org\/{rel}","templated":true}]}}