{"id":101801,"date":"2021-09-17T14:10:31","date_gmt":"2021-09-17T19:10:31","guid":{"rendered":"https:\/\/www.uv.mx\/prensa\/?p=101801"},"modified":"2021-09-27T12:22:16","modified_gmt":"2021-09-27T17:22:16","slug":"uv-designo-nuevos-titulares-en-desarrollo-institucional-comunicacion-y-la-editorial","status":"publish","type":"post","link":"https:\/\/www.uv.mx\/prensa\/general\/uv-designo-nuevos-titulares-en-desarrollo-institucional-comunicacion-y-la-editorial\/","title":{"rendered":"UV design\u00f3 nuevos titulares en Desarrollo Institucional, Comunicaci\u00f3n y la Editorial\u00a0"},"content":{"rendered":"<ul>\n<li data-leveltext=\"\uf0b7\" data-font=\"Symbol\" data-listid=\"3\" data-aria-posinset=\"1\" data-aria-level=\"1\"><i><span data-contrast=\"auto\">Rebeca Hern\u00e1ndez Ar\u00e1mburo, Norma Trujillo B\u00e1ez y Agust\u00edn del Moral Tejada encabezan estas \u00e1reas, respectivamente<\/span><\/i><span data-ccp-props=\"{&quot;134233279&quot;:true}\">\u00a0<\/span><\/li>\n<li data-leveltext=\"\uf0b7\" data-font=\"Symbol\" data-listid=\"3\" data-aria-posinset=\"2\" data-aria-level=\"1\"><i><span data-contrast=\"auto\">El Rector conmin\u00f3 a los nuevos funcionarios a atender y\u00a0cumplir lo establecido\u00a0en el Programa Estrat\u00e9gico de Trabajo 2021-2025<\/span><\/i><span data-ccp-props=\"{&quot;134233279&quot;:true}\">\u00a0<\/span><\/li>\n<li data-leveltext=\"\uf0b7\" data-font=\"Symbol\" data-listid=\"3\" data-aria-posinset=\"3\" data-aria-level=\"1\"><i><span data-contrast=\"auto\">Se reconoci\u00f3 el trabajo y profesionalismo de los titulares salientes<\/span><\/i><span data-ccp-props=\"{&quot;134233279&quot;:true}\">\u00a0<\/span><\/li>\n<\/ul>\n<p><span data-ccp-props=\"{}\">\u00a0<\/span><\/p>\n<div id=\"attachment_101802\" style=\"width: 732px\" class=\"wp-caption aligncenter\"><img aria-describedby=\"caption-attachment-101802\" decoding=\"async\" loading=\"lazy\" class=\"size-full wp-image-101802\" src=\"https:\/\/www.uv.mx\/prensa\/files\/2021\/09\/170921-nombramientos-1-.jpg\" alt=\"\" width=\"722\" height=\"482\" srcset=\"https:\/\/www.uv.mx\/prensa\/files\/2021\/09\/170921-nombramientos-1-.jpg 722w, https:\/\/www.uv.mx\/prensa\/files\/2021\/09\/170921-nombramientos-1--300x200.jpg 300w\" sizes=\"(max-width: 722px) 100vw, 722px\" \/><p id=\"caption-attachment-101802\" class=\"wp-caption-text\">Al nombrar a los nuevos integrantes de su equipo, el Rector sostuvo que son titulares de \u00e1reas estrat\u00e9gicas<\/p><\/div>\n<p><span data-ccp-props=\"{}\">\u00a0<\/span><\/p>\n<p><b><i><span data-contrast=\"auto\">\u00c9dgar Onofre, Susana Castillo, Karina Reyes<\/span><\/i><\/b><span data-ccp-props=\"{}\">\u00a0<\/span><\/p>\n<p><b><i><span data-contrast=\"auto\">17\/09\/2021\/ Xalapa,\u00a0Ver.-<\/span><\/i><\/b><span data-contrast=\"auto\">\u00a0El rector de la <a href=\"https:\/\/www.uv.mx\/\" target=\"_blank\" rel=\"noopener\">Universidad Veracruzana<\/a> (UV), Mart\u00edn Aguilar S\u00e1nchez, design\u00f3 hoy a Rebeca Hern\u00e1ndez Ar\u00e1mburo,\u00a0Norma Trujillo B\u00e1ez y Agust\u00edn del Moral Tejada como nuevos titulares de la Secretar\u00eda de Desarrollo Institucional (SDI), la Direcci\u00f3n General de Comunicaci\u00f3n Universitaria (DGCU) y la Editorial de esta casa de estudios, respectivamente.<\/span><span data-ccp-props=\"{}\">\u00a0<\/span><\/p>\n<p><span data-contrast=\"auto\">La ceremonia se llev\u00f3 a cabo en la Sala de Juntas de la Rector\u00eda, con la participaci\u00f3n de las titulares de las secretar\u00edas Acad\u00e9mica y de Administraci\u00f3n de Finanzas, Mar\u00eda\u00a0Elena\u00a0Rustri\u00e1n\u00a0Portilla y Lisbeth Viveros\u00a0Cancino, respectivamente.<\/span><span data-ccp-props=\"{}\">\u00a0<\/span><\/p>\n<p><span data-contrast=\"auto\">El Rector conmin\u00f3 a los nuevos funcionarios a atender y cumplir lo establecido para cada una de estas \u00e1reas en el Programa Estrat\u00e9gico de Trabajo 2021-2025\u00a0<\/span><span data-contrast=\"auto\">\u201cPor una transformaci\u00f3n integral en la Universidad Veracruzana.\u00a0Los derechos humanos y la sustentabilidad como ejes rectores del cambio\u201d\u00a0y adelant\u00f3 que para el cumplimiento de sus funciones contar\u00e1n con su respaldo y el de la instituci\u00f3n.<\/span><span data-ccp-props=\"{&quot;335559731&quot;:708}\">\u00a0<\/span><\/p>\n<p><span data-contrast=\"auto\">As\u00ed, la\u00a0<\/span><span data-contrast=\"auto\">Secretar\u00eda de Desarrollo Institucional ser\u00e1 la instancia que encabezar\u00e1 la transversalizaci\u00f3n de los derechos humanos y la sustentabilidad en el quehacer de la Universidad, mientras que los medios de comunicaci\u00f3n universitarios desplegar\u00e1n sus esfuerzos tanto en la concienciaci\u00f3n y promoci\u00f3n de ambos ejes como hacia la\u00a0promoci\u00f3n de las funciones sustantivas de la instituci\u00f3n, un programa comunitario y un modelo de comunicaci\u00f3n y liderazgo horizontales.<\/span><span data-ccp-props=\"{}\">\u00a0<\/span><\/p>\n<p><span data-contrast=\"auto\">Mart\u00edn Aguilar\u00a0tambi\u00e9n explic\u00f3 que la hist\u00f3rica Editorial universitaria desplegar\u00e1 un proyecto para ampliar sus tareas, descentralizar algunas de \u00e9stas y depositarlas en las facultades y centros de investigaci\u00f3n, el apoyo a las publicaciones y el fortalecimiento de las artes. Adem\u00e1s, adelant\u00f3 que se crear\u00e1n nuevas colecciones digitales por \u00e1rea disciplinar y se alentar\u00e1 la publicaci\u00f3n de obras de la comunidad universitaria que resulten premiadas al interior y\u00a0al exterior de la instituci\u00f3n.<\/span><span data-ccp-props=\"{}\">\u00a0<\/span><\/p>\n<p><span data-contrast=\"auto\">Asimismo, las autoridades universitarias reconocieron el trabajo de los titulares salientes en las tres \u00e1reas, el cual el Rector calific\u00f3 como \u201cmuy profesional y comprometido\u201d.<\/span><span data-ccp-props=\"{}\">\u00a0<\/span><\/p>\n<p><span data-contrast=\"auto\">Al secretario de Desarrollo Institucional saliente, Octavio Ochoa Contreras,\u00a0le\u00a0reconoci\u00f3 haber mantenido una l\u00ednea institucional s\u00f3lida en sus tareas, mientras\u00a0que\u00a0al director general de Comunicaci\u00f3n Universitaria saliente, Raciel D. Mart\u00ednez G\u00f3mez, le reconoci\u00f3 haber dirigido con \u00e9xito la delicada tarea de\u00a0la comunicaci\u00f3n institucional. Del\u00a0<\/span><span data-contrast=\"auto\">titular<\/span><span data-contrast=\"auto\">\u00a0<\/span><span data-contrast=\"auto\">saliente\u00a0<\/span><span data-contrast=\"auto\">de\u00a0la Editorial, Edgar Garc\u00eda Valencia, Aguilar\u00a0S\u00e1nchez\u00a0destac\u00f3 la forma en que supo honrar el legado editorial de la UV y tomar el pulso de los nuevos tiempos para\u00a0integrarlos a esta encomienda.<\/span><span data-ccp-props=\"{&quot;335559731&quot;:708}\">\u00a0<\/span><\/p>\n<p><span data-contrast=\"auto\">La secretaria Acad\u00e9mica, Mar\u00eda Elena\u00a0Rustri\u00e1n,\u00a0ley\u00f3\u00a0las\u00a0semblanzas de las\u00a0funcionarias y\u00a0el funcionario entrantes, y quienes despu\u00e9s de esto dirigieron sus primeros mensajes\u00a0y rindieron protesta.<\/span><span data-ccp-props=\"{&quot;335559731&quot;:708}\">\u00a0<\/span><\/p>\n<p><span data-contrast=\"auto\">Rebeca Hern\u00e1ndez Ar\u00e1mburo<\/span><span data-contrast=\"auto\">\u00a0<\/span><span data-contrast=\"auto\">agradeci\u00f3 a\u00a0Mart\u00edn Aguilar S\u00e1nchez por la confianza depositada en su persona para ejercer como encargada\u00a0la\u00a0SDI.\u00a0\u201cEs \u00e1rea estrat\u00e9gica a partir de la cual se articulan de manera transversal las funciones sustantivas y adjetivas de nuestra Universidad\u201d, dijo al asumir su responsabilidad.<\/span><span data-ccp-props=\"{&quot;335559731&quot;:708}\">\u00a0<\/span><\/p>\n<p><span data-contrast=\"auto\">Como encargada de esta secretar\u00eda asegur\u00f3 que buscar\u00e1 \u201cfortalecer la innovaci\u00f3n, la transferencia de conocimientos y de tecnolog\u00eda, que promueva procesos formativos y de construcci\u00f3n del conocimiento, que respondan a indicadores nacionales e internacionales; que sean referente por su vinculaci\u00f3n pertinente con la sociedad, por la divulgaci\u00f3n del conocimiento a trav\u00e9s de sus textos y la difusi\u00f3n de la cultura en sus distintas manifestaciones art\u00edsticas\u201d.<\/span><span data-ccp-props=\"{&quot;335559731&quot;:708}\">\u00a0<\/span><\/p>\n<p><span data-contrast=\"auto\">En segundo lugar, y\u00a0<\/span><span data-contrast=\"auto\">luego de recibir su nombramiento, Norma Trujillo<\/span><span data-contrast=\"auto\">\u00a0B\u00e1ez<\/span><span data-contrast=\"auto\">\u00a0agradeci\u00f3 al Rector por la oportunidad para \u201cinformar con veracidad, oportunidad y suficiencia a la sociedad sobre el quehacer universitario en materia de investigaci\u00f3n, desarrollo tecnol\u00f3gico, docencia, cultura, deporte y gobierno universitario, a trav\u00e9s de medios de comunicaci\u00f3n internos de la Universidad y los medios de comunicaci\u00f3n externos\u201d.<\/span><span data-ccp-props=\"{&quot;335559731&quot;:708}\">\u00a0<\/span><\/p>\n<p><span data-contrast=\"auto\">Comparti\u00f3 tambi\u00e9n que acept\u00f3 el reto que implica iniciar el trabajo que por casi 30 a\u00f1os ha realizado en la calle, porque coincide con los planteamientos\u00a0del Rector contenidos en el Plan de Trabajo\u00a02021-2025.<\/span><span data-ccp-props=\"{}\">\u00a0<\/span><\/p>\n<p><span data-contrast=\"auto\">\u201cBusco contribuir con lo que s\u00e9 hacer para construir una mejor Universidad, dentro del marco de lo plausible, como la que se delinea en esta administraci\u00f3n universitaria\u201d,\u00a0asever\u00f3<\/span><span data-contrast=\"auto\">.<\/span><span data-ccp-props=\"{}\">\u00a0<\/span><\/p>\n<p><span data-contrast=\"auto\">Por\u00a0\u00faltimo\u00a0discurs\u00f3\u00a0el titular de la Direcci\u00f3n Editorial,\u00a0Agust\u00edn\u00a0Del Moral Tejada;\u00a0tambi\u00e9n,\u00a0agradeci\u00f3 al Rector su nueva encomienda y\u00a0<\/span><span data-contrast=\"auto\">habl\u00f3 de la trascendencia que tienen los sellos universitarios, al constituir otro modo de pensar y practicar la edici\u00f3n. Por un lado, dijo, \u201ccomo un acto de resistencia frente a las agendas de publicaci\u00f3n de los grandes grupos privados\u201d. Por otro, \u201ccomo un acto de intervenci\u00f3n en la trama cultural y de apropiaci\u00f3n de un nicho cultural que por derecho propio hoy en d\u00eda les pertenece\u201d.<\/span><span data-ccp-props=\"{&quot;335559731&quot;:708}\">\u00a0<\/span><\/p>\n<p><span data-contrast=\"auto\">Destac\u00f3 que las editoriales universitarias irrumpieron en el panorama literario nacional hace cuando menos 60 a\u00f1os. Y la de UV, una universidad de provincia, \u201cnaci\u00f3 grande\u201d gracias a quien la cre\u00f3, el escritor Sergio Galindo, \u201cuna editorial de alientos y alcances universales. En un M\u00e9xico marcado por el nacionalismo, Galindo fund\u00f3 una editorial que se deshizo de ideolog\u00edas, trascendi\u00f3 fronteras y busc\u00f3 acceder a lo mejor del pensamiento universal\u201d.<\/span><span data-ccp-props=\"{&quot;335559731&quot;:708}\">\u00a0<\/span><\/p>\n<p><span data-contrast=\"auto\">En el acto estuvieron presente<\/span><span data-contrast=\"auto\">s<\/span><span data-contrast=\"auto\">\u00a0por la plataforma\u00a0<\/span><i><span data-contrast=\"auto\">UV-Zoom<\/span><\/i><span data-contrast=\"auto\">, los vicerrectores:<\/span><span data-contrast=\"auto\">\u00a0<\/span><span data-contrast=\"auto\">Jos\u00e9 Luis Alan\u00eds M\u00e9ndez, de la regi\u00f3n Poza Rica-Tuxpan; Jos\u00e9 Eduardo Mart\u00ednez Canales, de Orizaba-C\u00f3rdoba; Alfonso Gerardo P\u00e9rez Morales, de Veracruz, y Carlos Lamothe Zavaleta, de Coatzacoalcos-Minatitl\u00e1n.\u00a0Adem\u00e1s, secretarios regionales, directores generales de \u00e1reas acad\u00e9micas, administrativas y operativas.<\/span><span data-ccp-props=\"{&quot;335559731&quot;:708}\">\u00a0<\/span><\/p>\n<p><span data-contrast=\"auto\">Entre las autoridades presentes en la Sala de Juntas tambi\u00e9n atestigu\u00f3\u00a0Jaqueline\u00a0Jongitud\u00a0Zamora, asesora de la Rector\u00eda.<\/span><span data-ccp-props=\"{}\">\u00a0<\/span><\/p>\n<p><span data-ccp-props=\"{}\">\u00a0<\/span><\/p>\n<div id=\"attachment_101803\" style=\"width: 732px\" class=\"wp-caption aligncenter\"><img aria-describedby=\"caption-attachment-101803\" decoding=\"async\" loading=\"lazy\" class=\"size-full wp-image-101803\" src=\"https:\/\/www.uv.mx\/prensa\/files\/2021\/09\/170921-nombramientos-2.jpg\" alt=\"\" width=\"722\" height=\"482\" srcset=\"https:\/\/www.uv.mx\/prensa\/files\/2021\/09\/170921-nombramientos-2.jpg 722w, https:\/\/www.uv.mx\/prensa\/files\/2021\/09\/170921-nombramientos-2-300x200.jpg 300w\" sizes=\"(max-width: 722px) 100vw, 722px\" \/><p id=\"caption-attachment-101803\" class=\"wp-caption-text\">Rebeca Hern\u00e1ndez Ar\u00e1mburo, encargada de la Secretar\u00eda de Desarrollo Institucional<\/p><\/div>\n<p>&nbsp;<\/p>\n<p><b><span data-contrast=\"auto\">Semblanzas curriculares<\/span><\/b><span data-ccp-props=\"{}\">\u00a0<\/span><\/p>\n<p><b><span data-contrast=\"auto\">Rebeca Hern\u00e1ndez Ar\u00e1mburo<\/span><\/b><span data-ccp-props=\"{}\">\u00a0<\/span><\/p>\n<p><span data-contrast=\"auto\">Es Licenciada en Psicolog\u00eda y Maestra en Investigaci\u00f3n en Psicolog\u00eda aplicada a la Educaci\u00f3n,\u00a0ambas por la Universidad Veracruzana,\u00a0y Doctora en Educaci\u00f3n con \u00e9nfasis en mediaci\u00f3n pedag\u00f3gica por la Universidad\u00a0La Salle en Costa Rica.<\/span><span data-ccp-props=\"{}\">\u00a0<\/span><\/p>\n<p><span data-contrast=\"auto\">Su trayectoria acad\u00e9mica en la UV\u00a0se centra en su contribuci\u00f3n al desarrollo de competencias en los estudiantes de la\u00a0Licenciatura en Psicolog\u00eda a trav\u00e9s de la impartici\u00f3n de diversas experiencias educativas; como docente del N\u00facleo B\u00e1sico del Doctorado en Investigaci\u00f3n Psicol\u00f3gica en Educaci\u00f3n Inclusiva, e integrante del\u00a0cuerpo\u00a0acad\u00e9mico\u00a0(CA)\u00a0en\u00a0consolidaci\u00f3n\u00a0Psicolog\u00eda y Comportamiento Humano.<\/span><span data-ccp-props=\"{&quot;335559731&quot;:708}\">\u00a0<\/span><\/p>\n<p><span data-contrast=\"auto\">De igual manera, ha dirigido m\u00e1s de 50 tesis de licenciatura relacionadas con el campo de la psicolog\u00eda\u00a0educativa y\u00a0evolutiva, tres tesis de maestr\u00eda y una de doctorado.<\/span><span data-ccp-props=\"{&quot;335559731&quot;:708}\">\u00a0<\/span><\/p>\n<p><span data-contrast=\"auto\">Se ha distinguido como docente-facilitador en diversos diplomados, cursos y talleres relacionados con temas de su especialidad.<\/span><span data-ccp-props=\"{&quot;335559731&quot;:708}\">\u00a0<\/span><\/p>\n<p><span data-contrast=\"auto\">Es coautora de dos libros publicados y de cinco art\u00edculos que abordan temas relacionados con el campo de la educaci\u00f3n y la psicolog\u00eda.<\/span><span data-ccp-props=\"{&quot;335559731&quot;:708}\">\u00a0<\/span><\/p>\n<p><span data-contrast=\"auto\">Como parte de su desarrollo profesional ha ejercido pr\u00e1ctica privada como psic\u00f3loga educativa y asesora de proyectos psicopedag\u00f3gicos.<\/span><span data-ccp-props=\"{&quot;335559731&quot;:708}\">\u00a0<\/span><\/p>\n<p><span data-contrast=\"auto\">Fungi\u00f3 como\u00a0Secretaria T\u00e9cnica\u00a0de la Comisi\u00f3n Estatal para la Planeaci\u00f3n de la Educaci\u00f3n Superior en el Estado de Veracruz, y en la UV\u00a0se ha desempe\u00f1ado como\u00a0Directora General\u00a0de Vinculaci\u00f3n, Coordinadora de Servicios Universitarios Especializados y en \u00e9poca reciente como Asesora de la Secretar\u00eda de Desarrollo Institucional.<\/span><span data-ccp-props=\"{&quot;335559731&quot;:708}\">\u00a0<\/span><\/p>\n<p><span data-ccp-props=\"{}\">\u00a0<\/span><\/p>\n<div id=\"attachment_101804\" style=\"width: 732px\" class=\"wp-caption aligncenter\"><img aria-describedby=\"caption-attachment-101804\" decoding=\"async\" loading=\"lazy\" class=\"size-full wp-image-101804\" src=\"https:\/\/www.uv.mx\/prensa\/files\/2021\/09\/170921-nombramientos-3.jpg\" alt=\"\" width=\"722\" height=\"482\" srcset=\"https:\/\/www.uv.mx\/prensa\/files\/2021\/09\/170921-nombramientos-3.jpg 722w, https:\/\/www.uv.mx\/prensa\/files\/2021\/09\/170921-nombramientos-3-300x200.jpg 300w\" sizes=\"(max-width: 722px) 100vw, 722px\" \/><p id=\"caption-attachment-101804\" class=\"wp-caption-text\">Norma Trujillo B\u00e1ez,\u00a0directora\u00a0general de Comunicaci\u00f3n Universitaria<\/p><\/div>\n<p>&nbsp;<\/p>\n<p><b><span data-contrast=\"auto\">Norma Trujillo B\u00e1ez<\/span><\/b><span data-ccp-props=\"{}\">\u00a0<\/span><\/p>\n<p><span data-contrast=\"auto\">Licenciada en Letras Espa\u00f1olas por la\u00a0UV,\u00a0donde tambi\u00e9n curs\u00f3 estudios de la Maestr\u00eda en Periodismo; cuenta con la\u00a0\u201cCertificaci\u00f3n en fortalecimiento de conocimientos sobre mecanismos contra la tortura de la Organizaci\u00f3n de las\u00a0Naciones\u00a0Unidas\u201d; el\u00a0Diplomado en Derechos Humanos y Buenas\u00a0Pr\u00e1cticas\u00a0para\u00a0Periodistas, y otro sobre\u00a0Derechos Humanos para\u00a0Periodistas,\u00a0impartido por la Corte Interamericana de Derechos Humanos.<\/span><span data-ccp-props=\"{}\">\u00a0<\/span><\/p>\n<p><span data-contrast=\"auto\">Su trayectoria profesional la inici\u00f3 en\u00a01990,\u00a0en importantes medios impresos y\u00a0posteriormente en digitales, donde ha dado\u00a0cuenta de su compromiso con el periodismo de investigaci\u00f3n y pugna por la justicia de sus compa\u00f1eros violentados, precis\u00f3 la\u00a0Secretaria\u00a0Acad\u00e9mica.<\/span><span data-ccp-props=\"{}\">\u00a0<\/span><\/p>\n<p><span data-contrast=\"auto\">\u201cActivista social enfocada en la defensa de los derechos humanos y ambientales; desde 2012 ha encabezado la exigencia de justicia para los periodistas asesinados y amenazados\u201d, a\u00f1adi\u00f3.<\/span><span data-ccp-props=\"{&quot;335559731&quot;:708}\">\u00a0<\/span><\/p>\n<p><span data-contrast=\"auto\">En su curr\u00edculo est\u00e1n reconocimientos a su labor, tal es el caso del\u00a0Premio al M\u00e9rito\u00a0Juvenil en Comunicaci\u00f3n Social (1994),\u00a0el del\u00a0Programa de Acciones Culturales Multiling\u00fces y Comunitarias\u00a0(2001)\u00a0por la realizaci\u00f3n de la revista\u00a0<\/span><i><span data-contrast=\"auto\">Nilhuatl-Ra\u00edz<\/span><\/i><span data-contrast=\"auto\">,\u00a0el\u00a0Estatal \u201cRub\u00e9n\u00a0Pabello\u00a0Acosta\u201d en reportaje\u00a0(2007) y el\u00a0Galard\u00f3n\u00a0\u201cJos\u00e9 Mar\u00eda\u00a0Portell\u201d a la Libertad de Expresi\u00f3n, otorgado por periodistas de la Asociaci\u00f3n Vasca de Periodistas, Bilbao, Espa\u00f1a\u00a0(2015).<\/span><span data-ccp-props=\"{}\">\u00a0<\/span><\/p>\n<p><span data-contrast=\"auto\">Adem\u00e1s, es\u00a0coautora de cuatro libros:\u00a0<\/span><i><span data-contrast=\"auto\">Romper el silencio<\/span><\/i><span data-contrast=\"auto\">,\u00a0<\/span><i><span data-contrast=\"auto\">22 gritos contra la censura<\/span><\/i><span data-contrast=\"auto\">;\u00a0<\/span><i><span data-contrast=\"auto\">Votos y\u00a0libertad de\u00a0expresi\u00f3n<\/span><\/i><span data-contrast=\"auto\">;\u00a0<\/span><i><span data-contrast=\"auto\">Lejos del silencio<\/span><\/i><span data-contrast=\"auto\">,\u00a0y\u00a0<\/span><i><span data-contrast=\"auto\">Narrativas y memorias de la desaparici\u00f3n en M\u00e9xic<\/span><\/i><span data-contrast=\"auto\">o.<\/span><span data-ccp-props=\"{&quot;335559731&quot;:708}\">\u00a0<\/span><\/p>\n<p><span data-ccp-props=\"{}\">\u00a0<\/span><\/p>\n<div id=\"attachment_101805\" style=\"width: 732px\" class=\"wp-caption aligncenter\"><img aria-describedby=\"caption-attachment-101805\" decoding=\"async\" loading=\"lazy\" class=\"size-full wp-image-101805\" src=\"https:\/\/www.uv.mx\/prensa\/files\/2021\/09\/170921-nombramientos-4.jpg\" alt=\"\" width=\"722\" height=\"482\" srcset=\"https:\/\/www.uv.mx\/prensa\/files\/2021\/09\/170921-nombramientos-4.jpg 722w, https:\/\/www.uv.mx\/prensa\/files\/2021\/09\/170921-nombramientos-4-300x200.jpg 300w\" sizes=\"(max-width: 722px) 100vw, 722px\" \/><p id=\"caption-attachment-101805\" class=\"wp-caption-text\">Agust\u00edn del Moral Tejeda,\u00a0director de la Editorial\u00a0UV<\/p><\/div>\n<p>&nbsp;<\/p>\n<p><b><span data-contrast=\"auto\">Agust\u00edn\u00a0Del Moral Tejeda<\/span><\/b><span data-ccp-props=\"{}\">\u00a0<\/span><\/p>\n<p><span data-contrast=\"auto\">Realiz\u00f3 estudios de la Licenciatura en Ciencias de la Comunicaci\u00f3n en la UNAM y la Licenciatura en Educaci\u00f3n Art\u00edstica con perfiles diferenciados en la UV.<\/span><span data-ccp-props=\"{}\">\u00a0<\/span><\/p>\n<p><span data-contrast=\"auto\">Parte importante de la historia editorial de la UV est\u00e1 ligada a su persona desde 1994, gracias a su trabajo y experiencia en correcci\u00f3n y edici\u00f3n de textos acad\u00e9micos y de literatura,\u00a0as\u00ed como en la edici\u00f3n o correcci\u00f3n de traducciones en ingl\u00e9s o franc\u00e9s de las colecciones\u00a0de\u00a0esta casa de estudios.<\/span><span data-ccp-props=\"{&quot;335559731&quot;:708}\">\u00a0<\/span><\/p>\n<p><span data-contrast=\"auto\">Bajo el sello editorial de la UV\u00a0vio la luz su novela\u00a0<\/span><i><span data-contrast=\"auto\">Nuestra alma melanc\u00f3lica en conserva<\/span><\/i><span data-contrast=\"auto\">.<\/span><span data-ccp-props=\"{&quot;335559731&quot;:708}\">\u00a0<\/span><\/p>\n<p><span data-contrast=\"auto\">Su labor es ampliamente reconocida como coeditor fundador y editor responsable de la Biblioteca del Universitario, dirigida hasta 2018 por Sergio Pitol. Al igual que su gesti\u00f3n como\u00a0Director\u00a0de la Editorial de la Universidad Veracruzana de 2009 a 2013.<\/span><span data-ccp-props=\"{&quot;335559731&quot;:708}\">\u00a0<\/span><\/p>\n<p><span data-contrast=\"auto\">Tambi\u00e9n en la UV, fungi\u00f3 como corrector y traductor en el Departamento de Prensa; colaborador de la Secretar\u00eda Acad\u00e9mica de 1997 a 2001; asesor de la Rector\u00eda de 2006 a 2009 y posteriormente (a partir de 2013) como integrante del equipo de trabajo de la Rector\u00eda.<\/span><span data-ccp-props=\"{&quot;335559731&quot;:708}\">\u00a0<\/span><\/p>\n<p><span data-contrast=\"auto\">Su experiencia docente en la Facultad de Letras Espa\u00f1olas de la UV se centra en la experiencia educativa Edici\u00f3n y en su trayectoria profesional se incluye su labor como\u00a0Jefe\u00a0del Departamento de Publicaciones del Instituto Veracruzano de la Cultura.<\/span><\/p>\n","protected":false},"excerpt":{"rendered":"<p>Mart\u00edn Aguilar S\u00e1nchez design\u00f3 a\u00a0Rebeca Hern\u00e1ndez Ar\u00e1mburo, Norma Trujillo B\u00e1ez y Agust\u00edn Del Moral Tejada\u00a0como titulares en\u00a0estas \u00e1reas, respectivamente.\u00a0<\/p>\n","protected":false},"author":1869,"featured_media":101807,"comment_status":"closed","ping_status":"closed","sticky":false,"template":"","format":"standard","meta":[],"categories":[1],"tags":[],"_links":{"self":[{"href":"https:\/\/www.uv.mx\/prensa\/wp-json\/wp\/v2\/posts\/101801"}],"collection":[{"href":"https:\/\/www.uv.mx\/prensa\/wp-json\/wp\/v2\/posts"}],"about":[{"href":"https:\/\/www.uv.mx\/prensa\/wp-json\/wp\/v2\/types\/post"}],"author":[{"embeddable":true,"href":"https:\/\/www.uv.mx\/prensa\/wp-json\/wp\/v2\/users\/1869"}],"replies":[{"embeddable":true,"href":"https:\/\/www.uv.mx\/prensa\/wp-json\/wp\/v2\/comments?post=101801"}],"version-history":[{"count":1,"href":"https:\/\/www.uv.mx\/prensa\/wp-json\/wp\/v2\/posts\/101801\/revisions"}],"predecessor-version":[{"id":102159,"href":"https:\/\/www.uv.mx\/prensa\/wp-json\/wp\/v2\/posts\/101801\/revisions\/102159"}],"wp:featuredmedia":[{"embeddable":true,"href":"https:\/\/www.uv.mx\/prensa\/wp-json\/wp\/v2\/media\/101807"}],"wp:attachment":[{"href":"https:\/\/www.uv.mx\/prensa\/wp-json\/wp\/v2\/media?parent=101801"}],"wp:term":[{"taxonomy":"category","embeddable":true,"href":"https:\/\/www.uv.mx\/prensa\/wp-json\/wp\/v2\/categories?post=101801"},{"taxonomy":"post_tag","embeddable":true,"href":"https:\/\/www.uv.mx\/prensa\/wp-json\/wp\/v2\/tags?post=101801"}],"curies":[{"name":"wp","href":"https:\/\/api.w.org\/{rel}","templated":true}]}}