{"id":101895,"date":"2021-09-21T14:03:45","date_gmt":"2021-09-21T19:03:45","guid":{"rendered":"https:\/\/www.uv.mx\/prensa\/?p=101895"},"modified":"2021-09-21T14:03:45","modified_gmt":"2021-09-21T19:03:45","slug":"fesapauv-realizo-foro-regional-en-veracruz","status":"publish","type":"post","link":"https:\/\/www.uv.mx\/prensa\/regiones\/veracruz\/fesapauv-realizo-foro-regional-en-veracruz\/","title":{"rendered":"<em>Fesapauv<\/em> realiz\u00f3 Foro Regional en Veracruz"},"content":{"rendered":"<div id=\"attachment_101900\" style=\"width: 732px\" class=\"wp-caption aligncenter\"><a href=\"https:\/\/www.uv.mx\/prensa\/files\/2021\/09\/210921-fesapauv-1.jpg\"><img aria-describedby=\"caption-attachment-101900\" decoding=\"async\" loading=\"lazy\" class=\"size-full wp-image-101900\" src=\"https:\/\/www.uv.mx\/prensa\/files\/2021\/09\/210921-fesapauv-1.jpg\" alt=\"\" width=\"722\" height=\"481\" srcset=\"https:\/\/www.uv.mx\/prensa\/files\/2021\/09\/210921-fesapauv-1.jpg 722w, https:\/\/www.uv.mx\/prensa\/files\/2021\/09\/210921-fesapauv-1-300x200.jpg 300w\" sizes=\"(max-width: 722px) 100vw, 722px\" \/><\/a><p id=\"caption-attachment-101900\" class=\"wp-caption-text\">Presidido por Enrique Levet Gorozpe, secretario general del estatal del <em>Fesapauv<\/em>, fue inaugurado el Foro Regional 2021<\/p><\/div>\n<p>&nbsp;<\/p>\n<p><em><b>Shuguey Enr\u00edquez Ambell<\/b><\/em><\/p>\n<p><b><i><span data-contrast=\"none\">20\/09\/2021, Veracruz, Ver.- <\/span><\/i><\/b><span data-contrast=\"none\">El Sindicato del Personal Acad\u00e9mico de la Universidad Veracruzana (<\/span><i><span data-contrast=\"none\">Fesapauv<\/span><\/i><span data-contrast=\"none\">) realiz\u00f3 el pasado viernes 17 de septiembre el Foro Regional 2021, en la Unidad de Servicios Bibliotecarios y de Informaci\u00f3n (USBI).<\/span><span data-ccp-props=\"{&quot;201341983&quot;:0,&quot;335559739&quot;:160,&quot;335559740&quot;:240}\">\u00a0<\/span><\/p>\n<p><span data-contrast=\"none\">El evento fue presidido por Enrique Levet Gorozpe, secretario general del estatal del <\/span><i><span data-contrast=\"none\">Fesapauv<\/span><\/i><span data-contrast=\"none\">, acompa\u00f1ado de Alfonso Gerardo P\u00e9rez Morales, vicerrector de la regi\u00f3n Veracruz; Ulises Aguirre Orozco, secretario Acad\u00e9mico regional; Martha Delia Castro Montoya, directora de la USBI Veracruz; Felipe Verdalet Guzm\u00e1n, secretario general regional del <\/span><i><span data-contrast=\"none\">Fesapauv<\/span><\/i><span data-contrast=\"none\">, y Jos\u00e9 Gustavo Mendoza Gonz\u00e1lez, secretario de Finanzas del Comit\u00e9 Estatal del sindicato.<\/span><span data-ccp-props=\"{&quot;201341983&quot;:0,&quot;335559738&quot;:160,&quot;335559740&quot;:240,&quot;469777462&quot;:[720,1440,2160,2880,3600,4320,5040,5760,6480,7200,7920,8640],&quot;469777927&quot;:[0,0,0,0,0,0,0,0,0,0,0,0],&quot;469777928&quot;:[1,1,1,1,1,1,1,1,1,1,1,1]}\">\u00a0<\/span><\/p>\n<p><span data-contrast=\"none\">Felipe Verdalet resalt\u00f3 la relevancia del foro, donde se presentaron y analizaron temas muy importantes para nuestro bienestar laboral\u201d.<\/span><span data-ccp-props=\"{&quot;201341983&quot;:0,&quot;335559738&quot;:160,&quot;335559740&quot;:240,&quot;469777462&quot;:[720,1440,2160,2880,3600,4320,5040,5760,6480,7200,7920,8640],&quot;469777927&quot;:[0,0,0,0,0,0,0,0,0,0,0,0],&quot;469777928&quot;:[1,1,1,1,1,1,1,1,1,1,1,1]}\">\u00a0<\/span><\/p>\n<p><span data-contrast=\"none\">Se\u00f1al\u00f3 que los resultados obtenidos se llevar\u00e1n al Congreso Estatal del <\/span><i><span data-contrast=\"none\">Fesapauv<\/span><\/i><span data-contrast=\"none\"> a realizarse los d\u00edas 11 y 12 de noviembre en el marco de las negociaciones sindicales del <\/span><i><span data-contrast=\"none\">Fesapauv<\/span><\/i><span data-contrast=\"none\">-UV del pr\u00f3ximo a\u00f1o, \u201cdonde se tratar\u00e1 el incremento salarial, as\u00ed como las prestaciones del contrato colectivo\u201d, refiri\u00f3.<\/span><span data-ccp-props=\"{&quot;201341983&quot;:0,&quot;335559731&quot;:708,&quot;335559739&quot;:160,&quot;335559740&quot;:240}\">\u00a0<\/span><\/p>\n<p>&nbsp;<\/p>\n<div id=\"attachment_101899\" style=\"width: 729px\" class=\"wp-caption aligncenter\"><a href=\"https:\/\/www.uv.mx\/prensa\/files\/2021\/09\/210921-fesapauv-2.jpg\"><img aria-describedby=\"caption-attachment-101899\" decoding=\"async\" loading=\"lazy\" class=\"size-full wp-image-101899\" src=\"https:\/\/www.uv.mx\/prensa\/files\/2021\/09\/210921-fesapauv-2.jpg\" alt=\"\" width=\"719\" height=\"480\" srcset=\"https:\/\/www.uv.mx\/prensa\/files\/2021\/09\/210921-fesapauv-2.jpg 719w, https:\/\/www.uv.mx\/prensa\/files\/2021\/09\/210921-fesapauv-2-300x200.jpg 300w\" sizes=\"(max-width: 719px) 100vw, 719px\" \/><\/a><p id=\"caption-attachment-101899\" class=\"wp-caption-text\">M\u00e1s de 500 acad\u00e9micos participaron de forma virtual en las cinco mesas de trabajo<\/p><\/div>\n<p>&nbsp;<\/p>\n<p><span data-contrast=\"none\">Explic\u00f3 que los trabajos se dividieron en cinco mesas de trabajo: Contrato colectivo; Reforma laboral; Est\u00edmulos al desempe\u00f1o acad\u00e9mico; Implicaciones laborales y acad\u00e9micas en el trabajo virtual, y Seguridad social.<\/span><span data-ccp-props=\"{&quot;201341983&quot;:0,&quot;335559731&quot;:708,&quot;335559739&quot;:160,&quot;335559740&quot;:240}\">\u00a0<\/span><\/p>\n<p><span data-contrast=\"none\">\u201cEste foro es el quinto a lo largo y ancho del estado en diferentes sedes universitarias. Sumaremos las propuestas, inquietudes y demandas de todos los compa\u00f1eros para plantearlas, discutirlas y debatirlas en una asamblea nacional, la cual hemos denominado congreso\u201d, destac\u00f3 Levet Gorozpe.<\/span><span data-ccp-props=\"{&quot;201341983&quot;:0,&quot;335559731&quot;:708,&quot;335559739&quot;:160,&quot;335559740&quot;:240}\">\u00a0<\/span><\/p>\n<p><span data-contrast=\"none\">Explic\u00f3 que cuando habla de congreso, se refiere a la participaci\u00f3n abierta de todos los integrantes del sindicato.<\/span><span data-ccp-props=\"{&quot;201341983&quot;:0,&quot;335559731&quot;:708,&quot;335559739&quot;:160,&quot;335559740&quot;:240}\">\u00a0<\/span><\/p>\n<p><span data-contrast=\"none\">Alfonso Gerardo P\u00e9rez fue el encargado de inaugurar el foro y dijo: \u201cCoincido con Enrique Levet en que el sindicato y la Universidad han marchado de la mano en muchos aspectos y desde el punto de vista acad\u00e9mico esa participaci\u00f3n ha sido extraordinariamente importante para la UV en lo general y para la regi\u00f3n en lo particular, se han logrado avances muy importantes gracias a esa uni\u00f3n y esa simbiosis que hemos tenido y que han hecho ver a la regi\u00f3n en este aspecto tan importante de crecimiento que hemos tenido y seguiremos teniendo\u201d.<\/span><span data-ccp-props=\"{&quot;201341983&quot;:0,&quot;335559731&quot;:708,&quot;335559739&quot;:160,&quot;335559740&quot;:240}\">\u00a0<\/span><\/p>\n<p>&nbsp;<\/p>\n<div id=\"attachment_101898\" style=\"width: 732px\" class=\"wp-caption aligncenter\"><a href=\"https:\/\/www.uv.mx\/prensa\/files\/2021\/09\/210921-fesapauv-3.jpg\"><img aria-describedby=\"caption-attachment-101898\" decoding=\"async\" loading=\"lazy\" class=\"size-full wp-image-101898\" src=\"https:\/\/www.uv.mx\/prensa\/files\/2021\/09\/210921-fesapauv-3.jpg\" alt=\"\" width=\"722\" height=\"482\" srcset=\"https:\/\/www.uv.mx\/prensa\/files\/2021\/09\/210921-fesapauv-3.jpg 722w, https:\/\/www.uv.mx\/prensa\/files\/2021\/09\/210921-fesapauv-3-300x200.jpg 300w\" sizes=\"(max-width: 722px) 100vw, 722px\" \/><\/a><p id=\"caption-attachment-101898\" class=\"wp-caption-text\">Alfonso Gerardo P\u00e9rez Morales, vicerrector de la regi\u00f3n Veracruz (derecha), inaugur\u00f3 el foro<\/p><\/div>\n","protected":false},"excerpt":{"rendered":"<p>Los resultados del evento se llevar\u00e1n al Congreso Estatal, a realizarse los d\u00edas 11 y 12 de noviembre, en el marco de las negociaciones entre el sindicato y la UV <\/p>\n","protected":false},"author":1508,"featured_media":101900,"comment_status":"closed","ping_status":"closed","sticky":false,"template":"","format":"standard","meta":[],"categories":[55],"tags":[],"_links":{"self":[{"href":"https:\/\/www.uv.mx\/prensa\/wp-json\/wp\/v2\/posts\/101895"}],"collection":[{"href":"https:\/\/www.uv.mx\/prensa\/wp-json\/wp\/v2\/posts"}],"about":[{"href":"https:\/\/www.uv.mx\/prensa\/wp-json\/wp\/v2\/types\/post"}],"author":[{"embeddable":true,"href":"https:\/\/www.uv.mx\/prensa\/wp-json\/wp\/v2\/users\/1508"}],"replies":[{"embeddable":true,"href":"https:\/\/www.uv.mx\/prensa\/wp-json\/wp\/v2\/comments?post=101895"}],"version-history":[{"count":1,"href":"https:\/\/www.uv.mx\/prensa\/wp-json\/wp\/v2\/posts\/101895\/revisions"}],"predecessor-version":[{"id":101901,"href":"https:\/\/www.uv.mx\/prensa\/wp-json\/wp\/v2\/posts\/101895\/revisions\/101901"}],"wp:featuredmedia":[{"embeddable":true,"href":"https:\/\/www.uv.mx\/prensa\/wp-json\/wp\/v2\/media\/101900"}],"wp:attachment":[{"href":"https:\/\/www.uv.mx\/prensa\/wp-json\/wp\/v2\/media?parent=101895"}],"wp:term":[{"taxonomy":"category","embeddable":true,"href":"https:\/\/www.uv.mx\/prensa\/wp-json\/wp\/v2\/categories?post=101895"},{"taxonomy":"post_tag","embeddable":true,"href":"https:\/\/www.uv.mx\/prensa\/wp-json\/wp\/v2\/tags?post=101895"}],"curies":[{"name":"wp","href":"https:\/\/api.w.org\/{rel}","templated":true}]}}