{"id":102045,"date":"2021-09-24T15:10:01","date_gmt":"2021-09-24T20:10:01","guid":{"rendered":"https:\/\/www.uv.mx\/prensa\/?p=102045"},"modified":"2021-09-27T12:02:58","modified_gmt":"2021-09-27T17:02:58","slug":"uv-reune-a-especialistas-de-la-traduccion-de-america-latina-y-europa","status":"publish","type":"post","link":"https:\/\/www.uv.mx\/prensa\/banner\/uv-reune-a-especialistas-de-la-traduccion-de-america-latina-y-europa\/","title":{"rendered":"UV re\u00fane a especialistas de la traducci\u00f3n de Am\u00e9rica Latina y Europa"},"content":{"rendered":"<style type=\"text\/css\">\n  blockquote p { color: #28519b; font-family: helvetica; font-size: 1.4em; }<br \/><\/style>\n<ul>\n<li data-leveltext=\"\uf0b7\" data-font=\"Symbol\" data-listid=\"1\" data-aria-posinset=\"1\" data-aria-level=\"1\"><i><span data-contrast=\"auto\">Elena Rustri\u00e1n Portilla, secretaria Acad\u00e9mica de la UV, inaugur\u00f3 el Segundo Foro Internacional sobre Estudios de Traducci\u00f3n e Interpretaci\u00f3n 2021<\/span><\/i><span data-ccp-props=\"{&quot;134233279&quot;:true,&quot;201341983&quot;:0,&quot;335559739&quot;:160,&quot;335559740&quot;:240}\">\u00a0<\/span><\/li>\n<li data-leveltext=\"\uf0b7\" data-font=\"Symbol\" data-listid=\"1\" data-aria-posinset=\"2\" data-aria-level=\"1\"><i><span data-contrast=\"auto\">Es organizado por el cuerpo acad\u00e9mico Ling\u00fc\u00edstica y Traducci\u00f3n, del Instituto de Investigaciones en Educaci\u00f3n<\/span><\/i><span data-ccp-props=\"{&quot;134233279&quot;:true,&quot;201341983&quot;:0,&quot;335559739&quot;:160,&quot;335559740&quot;:240}\">\u00a0<\/span><\/li>\n<li data-leveltext=\"\uf0b7\" data-font=\"Symbol\" data-listid=\"1\" data-aria-posinset=\"3\" data-aria-level=\"1\"><i><span data-contrast=\"auto\">Participan estudiantes, traductores y ling\u00fcistas de nueve pa\u00edses de Am\u00e9rica Latina, cuatro de Europa y 150 IES<\/span><\/i><span data-ccp-props=\"{&quot;134233279&quot;:true,&quot;201341983&quot;:0,&quot;335559739&quot;:160,&quot;335559740&quot;:240}\">\u00a0<\/span><\/li>\n<\/ul>\n<p>&nbsp;<\/p>\n<div id=\"attachment_102047\" style=\"width: 732px\" class=\"wp-caption aligncenter\"><a href=\"https:\/\/www.uv.mx\/prensa\/files\/2021\/09\/240921-FIETI-2021-1.jpg\"><img aria-describedby=\"caption-attachment-102047\" decoding=\"async\" loading=\"lazy\" class=\"size-full wp-image-102047\" src=\"https:\/\/www.uv.mx\/prensa\/files\/2021\/09\/240921-FIETI-2021-1.jpg\" alt=\"\" width=\"722\" height=\"481\" srcset=\"https:\/\/www.uv.mx\/prensa\/files\/2021\/09\/240921-FIETI-2021-1.jpg 722w, https:\/\/www.uv.mx\/prensa\/files\/2021\/09\/240921-FIETI-2021-1-300x200.jpg 300w\" sizes=\"(max-width: 722px) 100vw, 722px\" \/><\/a><p id=\"caption-attachment-102047\" class=\"wp-caption-text\">Elena Rustri\u00e1n Portilla inaugur\u00f3 el Segundo Foro Internacional sobre Estudios de Traducci\u00f3n e Interpretaci\u00f3n (FIETI) 2021<\/p><\/div>\n<p>&nbsp;<\/p>\n<blockquote><p><span class=\"NormalTextRun SCXW68994931 BCX4\">La funcionaria universitaria celebr\u00f3 que dentro del programa de actividades haya un espacio para la <\/span><span class=\"NormalTextRun SCXW68994931 BCX4\">disertac<\/span><span class=\"NormalTextRun SCXW68994931 BCX4\">i\u00f3n <\/span><span class=\"NormalTextRun SCXW68994931 BCX4\">sobre interpretaci\u00f3n de <\/span><span class=\"NormalTextRun SCXW68994931 BCX4\">lengua de se\u00f1as mexicanas, <\/span><span class=\"NormalTextRun SCXW68994931 BCX4\">lo cual evidencia el <\/span><span class=\"NormalTextRun SCXW68994931 BCX4\">claro inter\u00e9s de la UV por favorecer la inclusi\u00f3n y la formaci\u00f3n integral de calidad que proporciona a la sociedad<\/span><\/p><\/blockquote>\n<p>&nbsp;<\/p>\n<p><b><i><span data-contrast=\"auto\">Claudia Peralta V\u00e1zquez<\/span><\/i><\/b><span data-ccp-props=\"{&quot;201341983&quot;:0,&quot;335559739&quot;:160,&quot;335559740&quot;:240}\">\u00a0<\/span><\/p>\n<p><b><i><span data-contrast=\"auto\">24\/09\/2021, Xalapa, Ver.- <\/span><\/i><\/b><span data-contrast=\"auto\">Las actividades del Segundo Foro Internacional sobre Estudios de Traducci\u00f3n e Interpretaci\u00f3n (FIETI) 2021, que lleva a cabo el cuerpo acad\u00e9mico (CA) Ling\u00fc\u00edstica y Traducci\u00f3n, del <a href=\"https:\/\/www.uv.mx\/iie\/\" target=\"_blank\" rel=\"noopener\">Instituto de Investigaciones en Educaci\u00f3n<\/a> (IIE), de la Universidad Veracruzana (UV), fueron inauguradas hoy por la titular de la Secretar\u00eda Acad\u00e9mica, Elena Rustri\u00e1n Portilla, en donde expres\u00f3 que la traducci\u00f3n transforma archipi\u00e9lagos y continentes culturales.<\/span><span data-ccp-props=\"{&quot;201341983&quot;:0,&quot;335559739&quot;:160,&quot;335559740&quot;:240}\">\u00a0<\/span><\/p>\n<p><span data-contrast=\"auto\">Por ello, se congratul\u00f3 por la realizaci\u00f3n de este evento que, a partir de esta fecha y hasta el 16 de octubre, re\u00fane de manera virtual a m\u00e1s de 300 personas entre docentes, estudiantes, traductores, int\u00e9rpretes, investigadores y gestores latinoamericanos y europeos.<\/span><span data-ccp-props=\"{&quot;201341983&quot;:0,&quot;335559739&quot;:160,&quot;335559740&quot;:240}\">\u00a0<\/span><\/p>\n<p><span data-contrast=\"auto\">Rustri\u00e1n Portilla felicit\u00f3 a los integrantes del CA Ling\u00fc\u00edstica y Traducci\u00f3n, por esta iniciativa que atrajo la atenci\u00f3n de especialistas de Argentina, Belice, Bolivia, Brasil, Chile, Colombia, M\u00e9xico, Per\u00fa y Venezuela, as\u00ed como de Alemania, Espa\u00f1a, Italia y Reino Unido.<\/span><span data-ccp-props=\"{&quot;201341983&quot;:0,&quot;335559731&quot;:708,&quot;335559739&quot;:160,&quot;335559740&quot;:240}\">\u00a0<\/span><\/p>\n<p><span data-contrast=\"auto\">Resalt\u00f3 que a trav\u00e9s de este encuentro acad\u00e9mico se busca exhibir la gran labor social que cumplen los traductores en el desarrollo de un pa\u00eds y del mundo.<\/span><span data-ccp-props=\"{&quot;201341983&quot;:0,&quot;335559731&quot;:708,&quot;335559739&quot;:160,&quot;335559740&quot;:240}\">\u00a0<\/span><\/p>\n<p><span data-contrast=\"auto\">La traducci\u00f3n, dijo, es una actividad esencial en la vida tanto profesional como cotidiana, pues sin ella existir\u00eda un desconocimiento de nuevos estudios, avances tecnol\u00f3gicos, y habr\u00eda una gran barrera idiom\u00e1tica entre las personas. \u201cLa traducci\u00f3n nos sit\u00faa ante un claro y exigente ejercicio de creaci\u00f3n cultural\u201d.<\/span><span data-ccp-props=\"{&quot;201341983&quot;:0,&quot;335559731&quot;:708,&quot;335559739&quot;:160,&quot;335559740&quot;:240}\">\u00a0<\/span><\/p>\n<p>&nbsp;<\/p>\n<div id=\"attachment_102049\" style=\"width: 732px\" class=\"wp-caption aligncenter\"><a href=\"https:\/\/www.uv.mx\/prensa\/files\/2021\/09\/240921-FIETI-2021-2.jpg\"><img aria-describedby=\"caption-attachment-102049\" decoding=\"async\" loading=\"lazy\" class=\"size-full wp-image-102049\" src=\"https:\/\/www.uv.mx\/prensa\/files\/2021\/09\/240921-FIETI-2021-2.jpg\" alt=\"\" width=\"722\" height=\"482\" srcset=\"https:\/\/www.uv.mx\/prensa\/files\/2021\/09\/240921-FIETI-2021-2.jpg 722w, https:\/\/www.uv.mx\/prensa\/files\/2021\/09\/240921-FIETI-2021-2-300x200.jpg 300w\" sizes=\"(max-width: 722px) 100vw, 722px\" \/><\/a><p id=\"caption-attachment-102049\" class=\"wp-caption-text\">En el FIETI 2021 participaron de manera virtual m\u00e1s de 300 personas de diferentes latitudes<\/p><\/div>\n<p>&nbsp;<\/p>\n<p><span data-contrast=\"auto\">En este sentido, la Secretaria Acad\u00e9mica de la UV se\u00f1al\u00f3 que uno de los retos del traductor y el int\u00e9rprete es la necesidad de ser especialistas de la comunicaci\u00f3n, de cuya pr\u00e1ctica depende que un mensaje emitido en un c\u00f3digo ling\u00fc\u00edstico diferente al del receptor sea comprendido en toda su plenitud.<\/span><span data-ccp-props=\"{&quot;201341983&quot;:0,&quot;335559731&quot;:708,&quot;335559739&quot;:160,&quot;335559740&quot;:240}\">\u00a0<\/span><\/p>\n<p><span data-contrast=\"auto\">Es as\u00ed como la importancia de la traducci\u00f3n en un mundo tan cambiante se torna crucial para ayudar a globalizar y a democratizar el conocimiento entre las diferentes culturas.<\/span><span data-ccp-props=\"{&quot;201341983&quot;:0,&quot;335559731&quot;:708,&quot;335559739&quot;:160,&quot;335559740&quot;:240}\">\u00a0<\/span><\/p>\n<p><span data-contrast=\"auto\">La funcionaria universitaria celebr\u00f3 que dentro del programa de actividades haya un espacio para la disertaci\u00f3n sobre interpretaci\u00f3n de lengua de se\u00f1as mexicanas, lo cual evidencia el claro inter\u00e9s de la UV por favorecer la inclusi\u00f3n y la formaci\u00f3n integral de calidad que proporciona a la sociedad.<\/span><span data-ccp-props=\"{&quot;201341983&quot;:0,&quot;335559731&quot;:708,&quot;335559739&quot;:160,&quot;335559740&quot;:240}\">\u00a0<\/span><\/p>\n<p><span data-contrast=\"auto\">En tanto Gloria Elena Cruz S\u00e1nchez, directora del IIE, agradeci\u00f3 el inter\u00e9s de conferencistas y participantes de varios pa\u00edses y continentes, con amplio reconocimiento en el mundo de la traducci\u00f3n e interpretaci\u00f3n.<\/span><span data-ccp-props=\"{&quot;201341983&quot;:0,&quot;335559731&quot;:708,&quot;335559739&quot;:160,&quot;335559740&quot;:240}\">\u00a0<\/span><\/p>\n<p><span data-contrast=\"auto\">Para el organismo que dirige, agreg\u00f3, es importante apoyar la formaci\u00f3n en temas de traducci\u00f3n e interpretaci\u00f3n. Un ejemplo de ello es la creaci\u00f3n de la l\u00ednea de investigaci\u00f3n \u201cLing\u00fc\u00edstica y did\u00e1ctica de la traducci\u00f3n\u201d en los posgrados que ofrece.<\/span><span data-ccp-props=\"{&quot;201341983&quot;:0,&quot;335559731&quot;:708,&quot;335559739&quot;:160,&quot;335559740&quot;:240}\">\u00a0<\/span><\/p>\n<p>&nbsp;<\/p>\n<div id=\"attachment_102048\" style=\"width: 732px\" class=\"wp-caption aligncenter\"><a href=\"https:\/\/www.uv.mx\/prensa\/files\/2021\/09\/240921-FIETI-2021-3.jpg\"><img aria-describedby=\"caption-attachment-102048\" decoding=\"async\" loading=\"lazy\" class=\"size-full wp-image-102048\" src=\"https:\/\/www.uv.mx\/prensa\/files\/2021\/09\/240921-FIETI-2021-3.jpg\" alt=\"\" width=\"722\" height=\"481\" srcset=\"https:\/\/www.uv.mx\/prensa\/files\/2021\/09\/240921-FIETI-2021-3.jpg 722w, https:\/\/www.uv.mx\/prensa\/files\/2021\/09\/240921-FIETI-2021-3-300x200.jpg 300w\" sizes=\"(max-width: 722px) 100vw, 722px\" \/><\/a><p id=\"caption-attachment-102048\" class=\"wp-caption-text\">Gloria Elena Cruz S\u00e1nchez, directora del Instituto de Investigaciones en Educaci\u00f3n<\/p><\/div>\n<p>&nbsp;<\/p>\n<p><span data-contrast=\"auto\">Dijo estar convencida de que estas disciplinas tienen una gran trascendencia en el desarrollo social y cultural, ya que tanto la traducci\u00f3n como la ling\u00fc\u00edstica, en el siglo XXI, ocupan un espacio de suma importancia debido a los avances tecnol\u00f3gicos, a las facilidades de comunicaci\u00f3n entre los continentes y el auge de las relaciones internacionales.<\/span><span data-ccp-props=\"{&quot;201341983&quot;:0,&quot;335559731&quot;:708,&quot;335559739&quot;:160,&quot;335559740&quot;:240}\">\u00a0<\/span><\/p>\n<p><span data-contrast=\"auto\">Posteriormente, Mar\u00eda del Pilar Ortiz Lovillo, coordinadora del CA Ling\u00fc\u00edstica y Traducci\u00f3n, dio a conocer que a este foro se han sumado tambi\u00e9n conferencistas de diversas latitudes como Serbia, Bulgaria, Espa\u00f1a, Canad\u00e1 y Latinoam\u00e9rica.<\/span><span data-ccp-props=\"{&quot;201341983&quot;:0,&quot;335559739&quot;:160,&quot;335559740&quot;:240}\">\u00a0<\/span><\/p>\n<p><span data-contrast=\"auto\">Cada uno hablar\u00e1 del amplio espectro de la traducci\u00f3n y la interpretaci\u00f3n en sus vertientes literarias, cient\u00edfica, t\u00e9cnica y audiovisual.<\/span><span data-ccp-props=\"{&quot;201341983&quot;:0,&quot;335559731&quot;:708,&quot;335559739&quot;:160,&quot;335559740&quot;:240}\">\u00a0<\/span><\/p>\n<p><span data-contrast=\"auto\">Por tanto, destaca la asistencia de nueve pa\u00edses de Am\u00e9rica Latina, cuatro de Europa, as\u00ed como de 150 instituciones de educaci\u00f3n superior (IES).<\/span><span data-ccp-props=\"{&quot;201341983&quot;:0,&quot;335559739&quot;:160,&quot;335559740&quot;:240}\">\u00a0<\/span><\/p>\n<p><span data-contrast=\"auto\">Durante este d\u00eda de apertura del FIETI 2021 se dictaron dos conferencias magistrales: \u201cCompetencias emprendedoras y transversales en la formaci\u00f3n en traducci\u00f3n e interpretaci\u00f3n\u201d, por Anabel Gal\u00e1n Ma\u00f1as, vicerrectora de la Universidad Aut\u00f3noma de Barcelona, Espa\u00f1a; y \u201cLa declaraci\u00f3n de Quebec sobre la traducci\u00f3n literaria. Las traductoras y los traductores\u201d, por Louis Jolicoeur, de la Universidad de Laval, Quebec, Canad\u00e1.<\/span><span data-ccp-props=\"{&quot;201341983&quot;:0,&quot;335559731&quot;:708,&quot;335559739&quot;:160,&quot;335559740&quot;:240}\">\u00a0<\/span><\/p>\n<p>&nbsp;<\/p>\n<div id=\"attachment_102050\" style=\"width: 732px\" class=\"wp-caption aligncenter\"><a href=\"https:\/\/www.uv.mx\/prensa\/files\/2021\/09\/240921-FIETI-2021-4.jpg\"><img aria-describedby=\"caption-attachment-102050\" decoding=\"async\" loading=\"lazy\" class=\"size-full wp-image-102050\" src=\"https:\/\/www.uv.mx\/prensa\/files\/2021\/09\/240921-FIETI-2021-4.jpg\" alt=\"\" width=\"722\" height=\"481\" srcset=\"https:\/\/www.uv.mx\/prensa\/files\/2021\/09\/240921-FIETI-2021-4.jpg 722w, https:\/\/www.uv.mx\/prensa\/files\/2021\/09\/240921-FIETI-2021-4-300x200.jpg 300w\" sizes=\"(max-width: 722px) 100vw, 722px\" \/><\/a><p id=\"caption-attachment-102050\" class=\"wp-caption-text\">Mar\u00eda del Pilar Ortiz Lovillo, coordinadora del CA Ling\u00fc\u00edstica y Traducci\u00f3n<\/p><\/div>\n","protected":false},"excerpt":{"rendered":"<p>Elena Rustri\u00e1n, secretaria Acad\u00e9mica de la UV, inaugur\u00f3 el Segundo Foro Internacional sobre Estudios de Traducci\u00f3n e Interpretaci\u00f3n 2021, en el que, de manera virtual, participan m\u00e1s de 300 profesionales<\/p>\n","protected":false},"author":1508,"featured_media":102046,"comment_status":"closed","ping_status":"closed","sticky":false,"template":"","format":"standard","meta":[],"categories":[61],"tags":[],"_links":{"self":[{"href":"https:\/\/www.uv.mx\/prensa\/wp-json\/wp\/v2\/posts\/102045"}],"collection":[{"href":"https:\/\/www.uv.mx\/prensa\/wp-json\/wp\/v2\/posts"}],"about":[{"href":"https:\/\/www.uv.mx\/prensa\/wp-json\/wp\/v2\/types\/post"}],"author":[{"embeddable":true,"href":"https:\/\/www.uv.mx\/prensa\/wp-json\/wp\/v2\/users\/1508"}],"replies":[{"embeddable":true,"href":"https:\/\/www.uv.mx\/prensa\/wp-json\/wp\/v2\/comments?post=102045"}],"version-history":[{"count":1,"href":"https:\/\/www.uv.mx\/prensa\/wp-json\/wp\/v2\/posts\/102045\/revisions"}],"predecessor-version":[{"id":102146,"href":"https:\/\/www.uv.mx\/prensa\/wp-json\/wp\/v2\/posts\/102045\/revisions\/102146"}],"wp:featuredmedia":[{"embeddable":true,"href":"https:\/\/www.uv.mx\/prensa\/wp-json\/wp\/v2\/media\/102046"}],"wp:attachment":[{"href":"https:\/\/www.uv.mx\/prensa\/wp-json\/wp\/v2\/media?parent=102045"}],"wp:term":[{"taxonomy":"category","embeddable":true,"href":"https:\/\/www.uv.mx\/prensa\/wp-json\/wp\/v2\/categories?post=102045"},{"taxonomy":"post_tag","embeddable":true,"href":"https:\/\/www.uv.mx\/prensa\/wp-json\/wp\/v2\/tags?post=102045"}],"curies":[{"name":"wp","href":"https:\/\/api.w.org\/{rel}","templated":true}]}}