{"id":102257,"date":"2021-09-29T12:09:50","date_gmt":"2021-09-29T17:09:50","guid":{"rendered":"https:\/\/www.uv.mx\/prensa\/?p=102257"},"modified":"2021-10-01T12:03:49","modified_gmt":"2021-10-01T17:03:49","slug":"pacientes-con-tea-se-benefician-de-la-terapia-asistida-por-perros","status":"publish","type":"post","link":"https:\/\/www.uv.mx\/prensa\/general\/pacientes-con-tea-se-benefician-de-la-terapia-asistida-por-perros\/","title":{"rendered":"Pacientes con TEA se benefician de la terapia asistida por perros\u00a0"},"content":{"rendered":"<ul>\n<li data-leveltext=\"\u25cf\" data-font=\"\" data-listid=\"1\" data-aria-posinset=\"1\" data-aria-level=\"1\"><i><span data-contrast=\"auto\">X\u00f3chitl Ortiz, acad\u00e9mica de la Facultad de Psicolog\u00eda de la UANL,\u00a0comparti\u00f3\u00a0con la comunidad UV\u00a0sus resultados<\/span><\/i><span data-ccp-props=\"{&quot;201341983&quot;:0,&quot;335559740&quot;:240}\">\u00a0<\/span><\/li>\n<li data-leveltext=\"\u25cf\" data-font=\"\" data-listid=\"1\" data-aria-posinset=\"2\" data-aria-level=\"1\"><i><span data-contrast=\"auto\">Particip\u00f3 en el Seminario Conjunto de Cuerpos Acad\u00e9micos \u201cTemas actuales de psicolog\u00eda, neurociencias y educaci\u00f3n\u201d<\/span><\/i><span data-ccp-props=\"{&quot;201341983&quot;:0,&quot;335559740&quot;:240}\">\u00a0<\/span><\/li>\n<\/ul>\n<p><span data-ccp-props=\"{&quot;201341983&quot;:0,&quot;335559740&quot;:240}\">\u00a0<\/span><\/p>\n<div id=\"attachment_102261\" style=\"width: 732px\" class=\"wp-caption aligncenter\"><img aria-describedby=\"caption-attachment-102261\" decoding=\"async\" loading=\"lazy\" class=\"size-full wp-image-102261\" src=\"https:\/\/www.uv.mx\/prensa\/files\/2021\/09\/280921-DAVID-Uso-de-perros-en-terapia-1.png\" alt=\"\" width=\"722\" height=\"408\" srcset=\"https:\/\/www.uv.mx\/prensa\/files\/2021\/09\/280921-DAVID-Uso-de-perros-en-terapia-1.png 722w, https:\/\/www.uv.mx\/prensa\/files\/2021\/09\/280921-DAVID-Uso-de-perros-en-terapia-1-300x170.png 300w\" sizes=\"(max-width: 722px) 100vw, 722px\" \/><p id=\"caption-attachment-102261\" class=\"wp-caption-text\">X\u00f3chitl Ortiz,\u00a0de la Facultad de Psicolog\u00eda de la UANL, imparti\u00f3 conferencia sobre terapia asistida por perros<\/p><\/div>\n<p><span data-ccp-props=\"{&quot;201341983&quot;:0,&quot;335559740&quot;:240}\">\u00a0<\/span><\/p>\n<p><b><i><span data-contrast=\"auto\">David Sandoval Rodr\u00edguez<\/span><\/i><\/b><span data-ccp-props=\"{&quot;201341983&quot;:0,&quot;335559740&quot;:240}\">\u00a0<\/span><span data-ccp-props=\"{&quot;201341983&quot;:0,&quot;335559740&quot;:240}\">\u00a0<\/span><\/p>\n<p><b><i><span data-contrast=\"auto\">29\/09\/2021, Xalapa, Ver.-<\/span><\/i><\/b><span data-contrast=\"auto\">\u00a0Las terapias psicol\u00f3gicas que son asistidas por perros tienen la capacidad de tender puentes hacia los pacientes, mostrando resultados en adolescentes y ni\u00f1os con trastorno del espectro autista (TEA), destac\u00f3 X\u00f3chitl Ang\u00e9lica Ortiz Jim\u00e9nez, investigadora de la <a href=\"https:\/\/www.uv.mx\/psicologia\/\" target=\"_blank\" rel=\"noopener\">Facultad de Psicolog\u00eda<\/a> de la Universidad Aut\u00f3noma de Nuevo Le\u00f3n (UANL).<\/span><span data-ccp-props=\"{&quot;201341983&quot;:0,&quot;335559740&quot;:240}\">\u00a0<\/span><\/p>\n<p><span data-contrast=\"auto\">Con la conferencia\u00a0\u201cBeneficios psicol\u00f3gicos de la TEA por perros\u201d, la acad\u00e9mica particip\u00f3 en el Seminario Conjunto de Cuerpos Acad\u00e9micos \u201cTemas actuales de psicolog\u00eda, neurociencias y educaci\u00f3n\u201d, donde colabora la Universidad Veracruzana (UV)\u00a0a trav\u00e9s\u00a0del cuerpo acad\u00e9mico (CA) Psicolog\u00eda, Desarrollo, Salud y Educaci\u00f3n, adscrito a la Facultad de Psicolog\u00eda.<\/span><span data-ccp-props=\"{&quot;201341983&quot;:0,&quot;335559740&quot;:240}\">\u00a0<\/span><\/p>\n<p><span data-contrast=\"auto\">Dicho CA transmiti\u00f3 la sesi\u00f3n desde su canal de\u00a0<\/span><i><span data-contrast=\"auto\">Facebook<\/span><\/i><span data-contrast=\"auto\">:\u00a0<\/span><a href=\"https:\/\/www.facebook.com\/cognicionactiva\"><span data-contrast=\"none\">https:\/\/www.facebook.com\/cognicionactiva<\/span><\/a><span data-contrast=\"auto\">,\u00a0donde se podr\u00e1n\u00a0ver las siguientes sesiones del seminario.<\/span><span data-ccp-props=\"{&quot;201341983&quot;:0,&quot;335559731&quot;:720,&quot;335559740&quot;:240}\">\u00a0<\/span><\/p>\n<p><span data-contrast=\"auto\">Ortiz Jim\u00e9nez plante\u00f3 que\u00a0introducir al perro en las sesiones como una modalidad de terapia asistida, permite tender un puente con los pacientes y que centren su atenci\u00f3n con el animal y puedan as\u00ed\u00a0\u201cabrirse\u201d un poco m\u00e1s en el campo de sus emociones.<\/span><span data-ccp-props=\"{&quot;201341983&quot;:0,&quot;335559731&quot;:720,&quot;335559740&quot;:240}\">\u00a0<\/span><\/p>\n<p><span data-contrast=\"auto\">Esta terapia puede ayudar a desarrollar y mejorar variables como la empat\u00eda, la autoestima y la autorregulaci\u00f3n de los pacientes, afirm\u00f3.<\/span><span data-ccp-props=\"{&quot;201341983&quot;:0,&quot;335559731&quot;:720,&quot;335559740&quot;:240}\">\u00a0<\/span><\/p>\n<p><span data-contrast=\"auto\">\u201cEl hecho de convivir con un perro es en s\u00ed mismo terap\u00e9utico, saber que contamos con ellos y que no nos juzgan alivia a las personas\u201d, a\u00f1adi\u00f3.<\/span><span data-ccp-props=\"{&quot;201341983&quot;:0,&quot;335559731&quot;:720,&quot;335559740&quot;:240}\">\u00a0<\/span><\/p>\n<p><span data-contrast=\"auto\">Los animales como peces, conejos y gatos se han introducido en las terapias;\u00a0en tal sentido,\u00a0los perros pueden ayudarnos a catalizar este tipo de cambios,\u00a0poder hablar en t\u00e9rminos de las emociones del\u00a0canino\u00a0y despu\u00e9s de las del paciente para que pueda compartirlas.<\/span><span data-ccp-props=\"{&quot;201341983&quot;:0,&quot;335559731&quot;:720,&quot;335559740&quot;:240}\">\u00a0<\/span><\/p>\n<p><span data-contrast=\"auto\">Precis\u00f3 que la terapia asistida tiene objetivos muy espec\u00edficos en los que se planea c\u00f3mo se incorporar\u00e1 la presencia del perro y\u00a0enfatiz\u00f3 que debe llevarla a cabo un profesional\u00a0de la salud humana, a diferencia de las actividades asistidas que las puede realizar alg\u00fan profesional o voluntario que facilita el contacto de los animales con las personas.<\/span><span data-ccp-props=\"{&quot;201341983&quot;:0,&quot;335559731&quot;:720,&quot;335559740&quot;:240}\">\u00a0<\/span><\/p>\n<p>&nbsp;<\/p>\n<div id=\"attachment_102262\" style=\"width: 732px\" class=\"wp-caption aligncenter\"><img aria-describedby=\"caption-attachment-102262\" decoding=\"async\" loading=\"lazy\" class=\"size-full wp-image-102262\" src=\"https:\/\/www.uv.mx\/prensa\/files\/2021\/09\/280921-DAVID-Uso-de-perros-en-terapia-2.jpg\" alt=\"\" width=\"722\" height=\"410\" srcset=\"https:\/\/www.uv.mx\/prensa\/files\/2021\/09\/280921-DAVID-Uso-de-perros-en-terapia-2.jpg 722w, https:\/\/www.uv.mx\/prensa\/files\/2021\/09\/280921-DAVID-Uso-de-perros-en-terapia-2-300x170.jpg 300w\" sizes=\"(max-width: 722px) 100vw, 722px\" \/><p id=\"caption-attachment-102262\" class=\"wp-caption-text\">La investigadora dio a conocer resultados de diversos proyectos en que se apoya con perros y voluntarios, en su mayor\u00eda mujeres<\/p><\/div>\n<p>&nbsp;<\/p>\n<p><span data-contrast=\"auto\">Mencion\u00f3 tambi\u00e9n que existen varias teor\u00edas relacionadas con el efecto que el perro ejerce sobre los humanos.<\/span><span data-ccp-props=\"{&quot;201341983&quot;:0,&quot;335559731&quot;:720,&quot;335559740&quot;:240}\">\u00a0<\/span><\/p>\n<p><span data-contrast=\"auto\">\u201cLa relaci\u00f3n de los perros con los humanos es muy antigua, data de hace m\u00e1s de 20 mil a\u00f1os y se origina en el v\u00ednculo que se establece entre las dos especies, nos hace sentirnos atra\u00eddos y genera altos niveles de\u00a0oxitocina\u00a0en\u00a0ambos cuando se establece una relaci\u00f3n\u201d, coment\u00f3.<\/span><span data-ccp-props=\"{&quot;201341983&quot;:0,&quot;335559731&quot;:720,&quot;335559740&quot;:240}\">\u00a0<\/span><\/p>\n<p><span data-contrast=\"auto\">El primer cient\u00edfico que document\u00f3 los beneficios de este v\u00ednculo\u00a0fue el psiquiatra Boris\u00a0Levinson, quien describi\u00f3 que se dio cuenta c\u00f3mo uno de sus pacientes con autismo interactu\u00f3 con su perro mientras\u00a0estaba en su sala de espera y observ\u00f3 que el can fue capaz de captar la atenci\u00f3n del ni\u00f1o,\u00a0por\u00a0lo cual consider\u00f3 aplicarlo en su terapia.<\/span><span data-ccp-props=\"{&quot;201341983&quot;:0,&quot;335559731&quot;:720,&quot;335559740&quot;:240}\">\u00a0<\/span><\/p>\n<p><span data-contrast=\"auto\">Levinson\u00a0report\u00f3 que el ni\u00f1o ten\u00eda mayor facilidad para seguir las instrucciones del terapeuta cuando el perro estaba presente y esto mejor\u00f3 la terapia.<\/span><span data-ccp-props=\"{&quot;201341983&quot;:0,&quot;335559731&quot;:720,&quot;335559740&quot;:240}\">\u00a0<\/span><\/p>\n<p><span data-contrast=\"auto\">Respecto a qu\u00e9 razas de perros se utilizan en terapia, hay preferencias por los labradores o\u00a0golden\u00a0retriever,\u00a0pero no\u00a0son exclusivas.<\/span><span data-ccp-props=\"{&quot;201341983&quot;:0,&quot;335559731&quot;:720,&quot;335559740&quot;:240}\">\u00a0<\/span><\/p>\n<p><span data-contrast=\"auto\">\u201cExisten muy buenos perros criollos que pueden participar,\u00a0en realidad\u00a0depende\u00a0de que tengan buen temperamento\u00a0porque adem\u00e1s pasan una serie de pruebas y de formaci\u00f3n, no basta con decir: es que mi perro es muy amable y muy bonito\u00a0pues\u00a0el animal se requiere para un objetivo particular de la terapia y en tal sentido son evaluados por los terapeutas\u201d, destac\u00f3.<\/span><span data-ccp-props=\"{&quot;201341983&quot;:0,&quot;335559731&quot;:720,&quot;335559740&quot;:240}\">\u00a0<\/span><\/p>\n<p><span data-contrast=\"auto\">Asimismo,\u00a0relat\u00f3 el trabajo efectuado con 15 adolescentes en el manejo de las emociones y nueve binomios con perros de entre uno a cinco a\u00f1os, acompa\u00f1ados por voluntarios que eran en su mayor\u00eda mujeres y mencion\u00f3 que todos los trabajos se realizan con voluntarios,\u00a0quienes son los que forman a los perros y buscan certificarlos.<\/span><span data-ccp-props=\"{&quot;201341983&quot;:0,&quot;335559731&quot;:720,&quot;335559740&quot;:240}\">\u00a0<\/span><\/p>\n<p><span data-contrast=\"auto\">Los resultados mostraron que s\u00ed hubo cambios, particularmente en la atenci\u00f3n emocional y la conciencia que tienen los j\u00f3venes de sus propias emociones para comprenderlas y posteriormente regularlas.<\/span><span data-ccp-props=\"{&quot;201341983&quot;:0,&quot;335559731&quot;:720,&quot;335559740&quot;:240}\">\u00a0<\/span><\/p>\n<p><span data-contrast=\"auto\">\u201cLos adolescentes fueron m\u00e1s conscientes de las emociones que estaban sintiendo y en eso colaboraron los perros, en modelarlas\u00a0para que los\u00a0j\u00f3venes\u00a0pudieran reconocerlas y hablar de ellas.\u201d<\/span><span data-ccp-props=\"{&quot;201341983&quot;:0,&quot;335559731&quot;:720,&quot;335559740&quot;:240}\">\u00a0<\/span><\/p>\n<p><span data-contrast=\"auto\">La investigadora subray\u00f3 que el mayor beneficio registrado fue en la percepci\u00f3n de la empat\u00eda.<\/span><span data-ccp-props=\"{&quot;201341983&quot;:0,&quot;335559731&quot;:720,&quot;335559740&quot;:240}\">\u00a0<\/span><\/p>\n<p><span data-contrast=\"auto\">Otro de los trabajos realizados que incluy\u00f3 la incorporaci\u00f3n de perros en terapias cognitivo-conductuales fue con adultos que reportaron estr\u00e9s laboral y concluy\u00f3 con nueve personas.<\/span><span data-ccp-props=\"{&quot;201341983&quot;:0,&quot;335559731&quot;:720,&quot;335559740&quot;:240}\">\u00a0<\/span><\/p>\n<p><span data-contrast=\"auto\">Dichos pacientes coincidieron en que la motivaci\u00f3n para asistir fue la presencia de los perros en las sesiones, es decir,\u00a0que puede favorecer la adherencia al tratamiento y una disminuci\u00f3n en sus puntuaciones de estr\u00e9s.<\/span><span data-ccp-props=\"{&quot;201341983&quot;:0,&quot;335559731&quot;:720,&quot;335559740&quot;:240}\">\u00a0<\/span><\/p>\n<p><span data-contrast=\"auto\">Comparti\u00f3 que\u00a0Pedro Paredes Ramos, acad\u00e9mico de la Facultad de Medicina Veterinaria y Zootecnia\u00a0de la UV y\u00a0quien realiza investigaciones en torno al enriquecimiento ambiental en el desarrollo emocional y cognitivo de animales, la invit\u00f3 a participar en la redacci\u00f3n de un art\u00edculo donde dan a conocer los resultados del trabajo con ni\u00f1os con\u00a0TEA.<\/span><span data-ccp-props=\"{&quot;201341983&quot;:0,&quot;335559731&quot;:720,&quot;335559740&quot;:240}\">\u00a0<\/span><\/p>\n<p><span data-contrast=\"auto\">En el texto\u00a0se\u00f1alan que los ni\u00f1os tienden a realizar las actividades cuando hay un perro que los gu\u00eda o hace la actividad,\u00a0y se document\u00f3 que las conductas donde\u00a0presentaron mayor contacto visual, f\u00edsico e incluso sonrisas ocurren cuando est\u00e1 un perro presente en la sesi\u00f3n.<\/span><span data-ccp-props=\"{&quot;201341983&quot;:0,&quot;335559731&quot;:720,&quot;335559740&quot;:240}\">\u00a0<\/span><\/p>\n<p><span data-contrast=\"auto\">\u201cEste tipo de trabajo nos demuestra que hay un beneficio positivo en el paciente y se pueden mejorar los cambios en su interacci\u00f3n\u201d, afirm\u00f3 la investigadora de la UANL.<\/span><span data-ccp-props=\"{&quot;201341983&quot;:0,&quot;335559731&quot;:720,&quot;335559740&quot;:240}\">\u00a0<\/span><\/p>\n<p><span data-ccp-props=\"{&quot;201341983&quot;:0,&quot;335559740&quot;:240}\">\u00a0<\/span><\/p>\n<div id=\"attachment_102263\" style=\"width: 732px\" class=\"wp-caption aligncenter\"><img aria-describedby=\"caption-attachment-102263\" decoding=\"async\" loading=\"lazy\" class=\"size-full wp-image-102263\" src=\"https:\/\/www.uv.mx\/prensa\/files\/2021\/09\/280921-DAVID-Uso-de-perros-en-terapia-3.png\" alt=\"\" width=\"722\" height=\"412\" srcset=\"https:\/\/www.uv.mx\/prensa\/files\/2021\/09\/280921-DAVID-Uso-de-perros-en-terapia-3.png 722w, https:\/\/www.uv.mx\/prensa\/files\/2021\/09\/280921-DAVID-Uso-de-perros-en-terapia-3-300x171.png 300w\" sizes=\"(max-width: 722px) 100vw, 722px\" \/><p id=\"caption-attachment-102263\" class=\"wp-caption-text\">Ortiz Jim\u00e9nez mencion\u00f3 que cualquier raza de perro puede ser entrenada para brindar terapia asistida<\/p><\/div>\n","protected":false},"excerpt":{"rendered":"<p>Las terapias psicol\u00f3gicas que son asistidas por perros tienen la capacidad de tender puentes hacia los pacientes, mostrando resultados en adolescentes y ni\u00f1os con trastorno del espectro autista\u00a0(TEA): X\u00f3chitl Ang\u00e9lica Ortiz Jim\u00e9nez\u00a0<\/p>\n","protected":false},"author":1869,"featured_media":102261,"comment_status":"closed","ping_status":"closed","sticky":false,"template":"","format":"standard","meta":[],"categories":[1],"tags":[],"_links":{"self":[{"href":"https:\/\/www.uv.mx\/prensa\/wp-json\/wp\/v2\/posts\/102257"}],"collection":[{"href":"https:\/\/www.uv.mx\/prensa\/wp-json\/wp\/v2\/posts"}],"about":[{"href":"https:\/\/www.uv.mx\/prensa\/wp-json\/wp\/v2\/types\/post"}],"author":[{"embeddable":true,"href":"https:\/\/www.uv.mx\/prensa\/wp-json\/wp\/v2\/users\/1869"}],"replies":[{"embeddable":true,"href":"https:\/\/www.uv.mx\/prensa\/wp-json\/wp\/v2\/comments?post=102257"}],"version-history":[{"count":1,"href":"https:\/\/www.uv.mx\/prensa\/wp-json\/wp\/v2\/posts\/102257\/revisions"}],"predecessor-version":[{"id":102384,"href":"https:\/\/www.uv.mx\/prensa\/wp-json\/wp\/v2\/posts\/102257\/revisions\/102384"}],"wp:featuredmedia":[{"embeddable":true,"href":"https:\/\/www.uv.mx\/prensa\/wp-json\/wp\/v2\/media\/102261"}],"wp:attachment":[{"href":"https:\/\/www.uv.mx\/prensa\/wp-json\/wp\/v2\/media?parent=102257"}],"wp:term":[{"taxonomy":"category","embeddable":true,"href":"https:\/\/www.uv.mx\/prensa\/wp-json\/wp\/v2\/categories?post=102257"},{"taxonomy":"post_tag","embeddable":true,"href":"https:\/\/www.uv.mx\/prensa\/wp-json\/wp\/v2\/tags?post=102257"}],"curies":[{"name":"wp","href":"https:\/\/api.w.org\/{rel}","templated":true}]}}