{"id":102283,"date":"2021-09-29T14:00:17","date_gmt":"2021-09-29T19:00:17","guid":{"rendered":"https:\/\/www.uv.mx\/prensa\/?p=102283"},"modified":"2021-10-01T11:42:37","modified_gmt":"2021-10-01T16:42:37","slug":"convocatoria-de-posgrado-de-la-uv-esta-abierta-hay-52-programas-educativos","status":"publish","type":"post","link":"https:\/\/www.uv.mx\/prensa\/banner\/convocatoria-de-posgrado-de-la-uv-esta-abierta-hay-52-programas-educativos\/","title":{"rendered":"Convocatoria de posgrado de la UV est\u00e1 abierta; hay 52 programas educativos\u00a0"},"content":{"rendered":"<ul>\n<li data-leveltext=\"\uf0b7\" data-font=\"Symbol\" data-listid=\"2\" data-aria-posinset=\"1\" data-aria-level=\"1\"><i><span data-contrast=\"auto\">El\u00a0cupo\u00a0es\u00a0para 823 estudiantes, quienes iniciar\u00e1n clases en febrero de 2022<\/span><\/i><span data-ccp-props=\"{&quot;134233279&quot;:true}\">\u00a0<\/span><\/li>\n<li data-leveltext=\"\uf0b7\" data-font=\"Symbol\" data-listid=\"2\" data-aria-posinset=\"2\" data-aria-level=\"1\"><i><span data-contrast=\"auto\">Para mayores detalles sobre el proceso de registro que concluye el 4 octubre, consultar en\u00a0<\/span><\/i><a href=\"https:\/\/www.uv.mx\/escolar\/posgradoenero2022\"><i><span data-contrast=\"none\">https:\/\/www.uv.mx\/escolar\/posgradoenero2022<\/span><\/i><\/a><span data-ccp-props=\"{&quot;134233279&quot;:true}\">\u00a0<\/span><\/li>\n<\/ul>\n<p><span data-ccp-props=\"{}\">\u00a0<\/span><\/p>\n<div id=\"attachment_102284\" style=\"width: 732px\" class=\"wp-caption aligncenter\"><img aria-describedby=\"caption-attachment-102284\" decoding=\"async\" loading=\"lazy\" class=\"size-full wp-image-102284\" src=\"https:\/\/www.uv.mx\/prensa\/files\/2021\/09\/290921-PAOLA-Oferta-Posgrado-1.jpg\" alt=\"\" width=\"722\" height=\"432\" srcset=\"https:\/\/www.uv.mx\/prensa\/files\/2021\/09\/290921-PAOLA-Oferta-Posgrado-1.jpg 722w, https:\/\/www.uv.mx\/prensa\/files\/2021\/09\/290921-PAOLA-Oferta-Posgrado-1-300x180.jpg 300w\" sizes=\"(max-width: 722px) 100vw, 722px\" \/><p id=\"caption-attachment-102284\" class=\"wp-caption-text\">Patricia P\u00e9rez habl\u00f3 sobre la importancia de considerar las fechas relevantes del proceso de registro<\/p><\/div>\n<p><span data-ccp-props=\"{}\">\u00a0<\/span><\/p>\n<p><b><i><span data-contrast=\"auto\">Paola Cort\u00e9s P\u00e9rez<\/span><\/i><\/b><span data-ccp-props=\"{}\">\u00a0<\/span><\/p>\n<p><b><i><span data-contrast=\"auto\">29\/09\/2021, Xalapa,\u00a0Ver.-<\/span><\/i><\/b><span data-contrast=\"auto\">\u00a0La <a href=\"https:\/\/www.uv.mx\/\">Universidad Veracruzana<\/a> (UV) ofrece\u00a0823 lugares en los\u00a052 programas educativos\u00a0(PE)\u00a0de posgrado para\u00a0el\u00a0ciclo escolar que iniciar\u00e1 en febrero de 2022,\u00a0as\u00ed lo\u00a0dio a conocer la\u00a0Direcci\u00f3n General de la\u00a0Unidad de Estudios de Posgrado\u00a0durante su participaci\u00f3n en\u00a0<\/span><a href=\"https:\/\/www.uv.mx\/expoorienta\/\"><span data-contrast=\"none\">Expo\u00a0Orienta<\/span><\/a><span data-contrast=\"auto\">.<\/span><span data-ccp-props=\"{}\">\u00a0<\/span><\/p>\n<p><span data-contrast=\"auto\">La tarde del\u00a0lunes 27 de septiembre,\u00a0Patricia P\u00e9rez Ch\u00e1vez y\u00a0Guillermo Cruz Gonz\u00e1lez,\u00a0responsable de Difusi\u00f3n de Posgrado y\u00a0coordinador de Procesos Acad\u00e9micos-Administrativos, respectivamente,\u00a0ofrecieron una sesi\u00f3n informativa sobre\u00a0el proceso de ingreso a\u00a0PE\u00a0de posgrados.<\/span><span data-ccp-props=\"{&quot;335559731&quot;:708}\">\u00a0<\/span><\/p>\n<p><span data-contrast=\"auto\">Patricia P\u00e9rez detall\u00f3 que a lo largo del a\u00f1o la UV\u00a0presenta dos convocatorias para cursar alguno de sus posgrados,\u00a0las cuales\u00a0se publican en febrero y septiembre.<\/span><span data-ccp-props=\"{&quot;335559731&quot;:708}\">\u00a0<\/span><\/p>\n<p><span data-contrast=\"auto\">Para la convocatoria que abri\u00f3 en\u00a0el presente mes, la Universidad ofrece a\u00a0los j\u00f3venes veracruzanos y del pa\u00eds\u00a052 PE de posgrado:\u00a0tres en la\u00a0regi\u00f3n Coatzacoalcos-Minatitl\u00e1n,\u00a0cuatro en Orizaba-C\u00f3rdoba, cuatro en Poza Rica-Tuxpan,\u00a028 en Xalapa\u00a0y\u00a013 en Veracruz.<\/span><span data-ccp-props=\"{&quot;335559731&quot;:708}\">\u00a0<\/span><\/p>\n<p><span data-contrast=\"auto\">Las personas interesadas en\u00a0cursar alguno\u00a0de\u00a0ellos\u00a0deben ingresar al portal oficial\u00a0<\/span><a href=\"http:\/\/www.uv.mx\/\"><span data-contrast=\"none\">www.uv.mx<\/span><\/a><span data-contrast=\"auto\">\u00a0en la secci\u00f3n \u201cAspirantes\u201d, o bien en la p\u00e1gina\u00a0<\/span><i><span data-contrast=\"auto\">web<\/span><\/i><span data-contrast=\"auto\">\u00a0de Expo Orienta y\/o de la DGUEP.<\/span><span data-ccp-props=\"{&quot;335559731&quot;:708}\">\u00a0<\/span><\/p>\n<p><span data-contrast=\"auto\">Coment\u00f3 que la convocatoria oficial est<\/span><span data-contrast=\"auto\">\u00e1<\/span><span data-contrast=\"auto\">\u00a0disponible en el sitio institucional\u00a0<\/span><a href=\"https:\/\/www.uv.mx\/escolar\/posgradoenero2022\"><span data-contrast=\"none\">https:\/\/www.uv.mx\/escolar\/posgradoenero2022<\/span><\/a><span data-contrast=\"auto\">, cuenta con nueve apartados y el calendario de todo el proceso de registro; muestra a detalle los PE que se ofrecen para este ciclo escolar, en cada regi\u00f3n universitaria y por \u00e1rea acad\u00e9mica, y la modalidad.<\/span><span data-ccp-props=\"{&quot;335559731&quot;:708}\">\u00a0<\/span><\/p>\n<p><span data-contrast=\"auto\">\u201cRecomendamos a los aspirantes\u00a0leer\u00a0a detalle la convocatoria porque\u00a0marca\u00a0cada uno de los pasos que\u00a0se\u00a0deben realizar para registrarse.\u201d<\/span><span data-ccp-props=\"{&quot;335559731&quot;:708}\">\u00a0<\/span><\/p>\n<p><span data-contrast=\"auto\">El registro concluir\u00e1 el 4 de octubre\u00a0y\u00a0los\u00a0principales requisitos\u00a0y fechas que deben ser consideradas\u00a0son: el\u00a0pago de derecho a examen tendr\u00e1 que realizarse antes de\u00a0las 19:30 horas del\u00a05 de octubre,\u00a0tener\u00a0un equipo de c\u00f3mputo funcional\u00a0ya que todo el proceso ser<\/span><span data-contrast=\"auto\">\u00e1\u00a0<\/span><i><span data-contrast=\"auto\">online<\/span><\/i><span data-contrast=\"auto\">\u00a0debido a la pandemia\u00a0por\u00a0Covid-19.\u00a0Finalmente, el 7 de diciembre se publicar\u00e1n los resultados de las evaluaciones especiales y del examen EXANI III, para inscribirse del 24 al 28 de enero de 2022.<\/span><span data-ccp-props=\"{&quot;335559731&quot;:708}\">\u00a0<\/span><\/p>\n<p><span data-contrast=\"auto\">Explic\u00f3 que el EXANI III es\u00a0una examen\u00a0de conocimientos generales y lo presentar\u00e1n todos los aspirantes;\u00a0en esta ocasi\u00f3n ser\u00e1 aplicado en l\u00ednea\u00a0y\u00a0en\u00a0la convocatoria se marcan las condiciones necesarias.<\/span><span data-ccp-props=\"{&quot;335559731&quot;:708}\">\u00a0<\/span><\/p>\n<p><span data-contrast=\"auto\">Asimismo, dijo que cada PE considera\u00a0evaluaciones especiales\u00a0(a realizarse del 19 de octubre al 5 de noviembre), aparte del EXANI III,\u00a0que son determinadas por la coordinaci\u00f3n de cada posgrado,\u00a0algunas pueden ser entrevistas, cursos, entrega de un\u00a0anteproyecto de investigaci\u00f3n, entre otras.<\/span><span data-ccp-props=\"{&quot;335559731&quot;:708}\">\u00a0<\/span><\/p>\n<p><span data-contrast=\"auto\">\u201cSugerimos no esperar a que se cumplan las fechas para contactar al coordinador del posgrado\u00a0e\u00a0ir trabajando en los requisitos de las evaluaciones especiales.\u201d<\/span><span data-ccp-props=\"{&quot;335559731&quot;:708}\">\u00a0<\/span><\/p>\n<p><span data-contrast=\"auto\">Enfatiz\u00f3 que hay consideraciones importantes, una de ellas\u00a0es que\u00a0no se pueden suplantar personas ni documentos,\u00a0si es detectada una falta de este tipo, en\u00a0autom\u00e1tico\u00a0queda cancelado el registro y no pueden participar en el proceso de selecci\u00f3n de estudiantes.<\/span><span data-ccp-props=\"{&quot;335559731&quot;:708}\">\u00a0<\/span><\/p>\n<p><span data-contrast=\"auto\">De igual manera, si no suben al portal la fotograf\u00eda (con las caracter\u00edsticas solicitadas) y no cubren los requisitos del proceso de registro, el aspirante no podr\u00e1 presentar el EXANI III.<\/span><span data-ccp-props=\"{&quot;335559731&quot;:708}\">\u00a0<\/span><\/p>\n<p><span data-contrast=\"auto\">\u201cDeben revisar muy bien la convocatoria para cumplir en tiempo y forma con los documentos y requisitos que les son solicitados para poder participar en el proceso de ingreso a un programa de posgrado\u201d, puntualiz\u00f3 Guillermo Cruz, quien dio respuesta a\u00a0todos las dudas\u00a0de los asistentes y explic\u00f3 a detalle c\u00f3mo funciona el portal de registro.<\/span><span data-ccp-props=\"{&quot;335559731&quot;:708}\">\u00a0<\/span><\/p>\n<p><span data-contrast=\"auto\">Por \u00faltimo, dijeron que ante cualquier duda que se pueda presentar, pueden escribir a los correos electr\u00f3nicos\u00a0<\/span><a href=\"mailto:ingresoposgrado@uv.mx\"><span data-contrast=\"none\">ingresoposgrado@uv.mx<\/span><\/a><span data-contrast=\"auto\">\u00a0y\u00a0<\/span><a href=\"mailto:posgradodifusion@uv.mx\"><span data-contrast=\"none\">posgradodifusion@uv.mx<\/span><\/a><span data-ccp-props=\"{&quot;335559731&quot;:708}\">\u00a0<\/span><\/p>\n<p>&nbsp;<\/p>\n<div id=\"attachment_102285\" style=\"width: 732px\" class=\"wp-caption aligncenter\"><img aria-describedby=\"caption-attachment-102285\" decoding=\"async\" loading=\"lazy\" class=\"size-full wp-image-102285\" src=\"https:\/\/www.uv.mx\/prensa\/files\/2021\/09\/290921-PAOLA-Oferta-Posgrado-2.jpg\" alt=\"\" width=\"722\" height=\"430\" srcset=\"https:\/\/www.uv.mx\/prensa\/files\/2021\/09\/290921-PAOLA-Oferta-Posgrado-2.jpg 722w, https:\/\/www.uv.mx\/prensa\/files\/2021\/09\/290921-PAOLA-Oferta-Posgrado-2-300x179.jpg 300w\" sizes=\"(max-width: 722px) 100vw, 722px\" \/><p id=\"caption-attachment-102285\" class=\"wp-caption-text\">Guillermo Cruz dio respuesta a todas las dudas de los asistentes a la sesi\u00f3n informativa<\/p><\/div>\n","protected":false},"excerpt":{"rendered":"<p>Hay lugar para 823 estudiantes. Consulte el de su preferencia en\u00a0https:\/\/www.uv.mx\/escolar\/posgradoenero2022,\u00a0el proceso de\u00a0registro\u00a0concluye el 4 de octubre\u00a0<\/p>\n","protected":false},"author":1869,"featured_media":102286,"comment_status":"closed","ping_status":"closed","sticky":false,"template":"","format":"standard","meta":[],"categories":[61],"tags":[],"_links":{"self":[{"href":"https:\/\/www.uv.mx\/prensa\/wp-json\/wp\/v2\/posts\/102283"}],"collection":[{"href":"https:\/\/www.uv.mx\/prensa\/wp-json\/wp\/v2\/posts"}],"about":[{"href":"https:\/\/www.uv.mx\/prensa\/wp-json\/wp\/v2\/types\/post"}],"author":[{"embeddable":true,"href":"https:\/\/www.uv.mx\/prensa\/wp-json\/wp\/v2\/users\/1869"}],"replies":[{"embeddable":true,"href":"https:\/\/www.uv.mx\/prensa\/wp-json\/wp\/v2\/comments?post=102283"}],"version-history":[{"count":1,"href":"https:\/\/www.uv.mx\/prensa\/wp-json\/wp\/v2\/posts\/102283\/revisions"}],"predecessor-version":[{"id":102380,"href":"https:\/\/www.uv.mx\/prensa\/wp-json\/wp\/v2\/posts\/102283\/revisions\/102380"}],"wp:featuredmedia":[{"embeddable":true,"href":"https:\/\/www.uv.mx\/prensa\/wp-json\/wp\/v2\/media\/102286"}],"wp:attachment":[{"href":"https:\/\/www.uv.mx\/prensa\/wp-json\/wp\/v2\/media?parent=102283"}],"wp:term":[{"taxonomy":"category","embeddable":true,"href":"https:\/\/www.uv.mx\/prensa\/wp-json\/wp\/v2\/categories?post=102283"},{"taxonomy":"post_tag","embeddable":true,"href":"https:\/\/www.uv.mx\/prensa\/wp-json\/wp\/v2\/tags?post=102283"}],"curies":[{"name":"wp","href":"https:\/\/api.w.org\/{rel}","templated":true}]}}