{"id":102782,"date":"2021-10-12T08:00:12","date_gmt":"2021-10-12T13:00:12","guid":{"rendered":"https:\/\/www.uv.mx\/prensa\/?p=102782"},"modified":"2021-10-11T18:21:21","modified_gmt":"2021-10-11T23:21:21","slug":"mexico-cuenta-con-496-especies-de-mamiferos-terrestres","status":"publish","type":"post","link":"https:\/\/www.uv.mx\/prensa\/ciencia\/mexico-cuenta-con-496-especies-de-mamiferos-terrestres\/","title":{"rendered":"M\u00e9xico cuenta con 496 especies de mam\u00edferos terrestres"},"content":{"rendered":"<style type=\"text\/css\">\n  blockquote p { color: #28519b; font-family: helvetica; font-size: 1.4em; }<br \/><\/style>\n<ul>\n<li data-leveltext=\"\uf0b7\" data-font=\"Symbol\" data-listid=\"2\" data-aria-posinset=\"1\" data-aria-level=\"1\"><i><span data-contrast=\"auto\">A nivel mundial ocupa el segundo lugar en cuanto\u00a0al n\u00famero y diversidad de este tipo de fauna<\/span><\/i><span data-ccp-props=\"{&quot;134233279&quot;:true,&quot;201341983&quot;:0,&quot;335559739&quot;:160,&quot;335559740&quot;:240}\">\u00a0<\/span><\/li>\n<li data-leveltext=\"\uf0b7\" data-font=\"Symbol\" data-listid=\"2\" data-aria-posinset=\"2\" data-aria-level=\"1\"><i><span data-contrast=\"auto\">Jos\u00e9 Juan\u00a0Vega Garc\u00eda, egresado de la FCBA-UV,\u00a0regi\u00f3n Poza Rica-Tuxpan,\u00a0realiz\u00f3 estudio sobre diversidad taxon\u00f3mica<\/span><\/i><span data-ccp-props=\"{&quot;134233279&quot;:true,&quot;201341983&quot;:0,&quot;335559739&quot;:160,&quot;335559740&quot;:240}\">\u00a0<\/span><\/li>\n<li data-leveltext=\"\uf0b7\" data-font=\"Symbol\" data-listid=\"2\" data-aria-posinset=\"3\" data-aria-level=\"1\"><i><span data-contrast=\"auto\">Determin\u00f3 que Veracruz es uno de los estados del pa\u00eds con mayor diversidad de\u00a0mam\u00edferos<\/span><\/i><span data-ccp-props=\"{&quot;134233279&quot;:true,&quot;201341983&quot;:0,&quot;335559739&quot;:160,&quot;335559740&quot;:240}\">\u00a0<\/span><\/li>\n<\/ul>\n<p><span data-ccp-props=\"{&quot;201341983&quot;:0,&quot;335559739&quot;:160,&quot;335559740&quot;:240}\">\u00a0<\/span><\/p>\n<div id=\"attachment_102783\" style=\"width: 732px\" class=\"wp-caption aligncenter\"><a href=\"https:\/\/www.uv.mx\/prensa\/files\/2021\/10\/081021-DIVERSIDAD-TAXONOMICA-1-100k.jpg\"><img aria-describedby=\"caption-attachment-102783\" decoding=\"async\" loading=\"lazy\" class=\"size-full wp-image-102783\" src=\"https:\/\/www.uv.mx\/prensa\/files\/2021\/10\/081021-DIVERSIDAD-TAXONOMICA-1-100k.jpg\" alt=\"Jos\u00e9 Juan Vega Garc\u00eda realiz\u00f3 un estudio sobre la diversidad taxon\u00f3mica de los mam\u00edferos en M\u00e9xico \" width=\"722\" height=\"387\" srcset=\"https:\/\/www.uv.mx\/prensa\/files\/2021\/10\/081021-DIVERSIDAD-TAXONOMICA-1-100k.jpg 722w, https:\/\/www.uv.mx\/prensa\/files\/2021\/10\/081021-DIVERSIDAD-TAXONOMICA-1-100k-300x161.jpg 300w\" sizes=\"(max-width: 722px) 100vw, 722px\" \/><\/a><p id=\"caption-attachment-102783\" class=\"wp-caption-text\">Jos\u00e9 Juan Vega Garc\u00eda realiz\u00f3 un estudio sobre la diversidad taxon\u00f3mica de los mam\u00edferos en M\u00e9xico<\/p><\/div>\n<p>&nbsp;<\/p>\n<p><span data-contrast=\"auto\">Los estados con mayor riqueza de mam\u00edferos son Oaxaca, con 215 especies; Chiapas, 209, y Veracruz, 195; pero tambi\u00e9n son los que tienen mayor n\u00famero bajo un estatus de riesgo<\/span><\/p>\n<p>&nbsp;<\/p>\n<p><b><i><span data-contrast=\"auto\">Claudia Peralta V\u00e1zquez<\/span><\/i><\/b><span data-ccp-props=\"{&quot;201341983&quot;:0,&quot;335559739&quot;:160,&quot;335559740&quot;:240}\">\u00a0<\/span><\/p>\n<p><b><i><span data-contrast=\"auto\">12\/10\/2021, Xalapa,\u00a0Ver.-\u00a0<\/span><\/i><\/b><span data-contrast=\"auto\">Con un total de 496 especies de mam\u00edferos terrestres, M\u00e9xico ocupa el segundo lugar a nivel mundial en cuanto al n\u00famero y diversidad de este tipo de fauna que brinda importantes<\/span><span data-contrast=\"auto\">\u00a0<\/span><span data-contrast=\"auto\">servicios ecosist\u00e9micos a trav\u00e9s de interacciones positivas o negativas a plantas y otros\u00a0organismos,\u00a0as\u00ed lo\u00a0dio a conocer\u00a0Jos\u00e9 Juan Vega Garc\u00eda, egresado de la Facultad\u00a0de Ciencias Biol\u00f3gicas y Agropecuarias\u00a0(FCBA) de la Universidad Veracruzana (UV),\u00a0regi\u00f3n Poza Rica-Tuxpan.<\/span><span data-ccp-props=\"{&quot;201341983&quot;:0,&quot;335559739&quot;:160,&quot;335559740&quot;:240}\">\u00a0<\/span><\/p>\n<p><span data-contrast=\"auto\">Al exponer el tema\u00a0\u201cDiversidad taxon\u00f3mica de los mam\u00edferos en M\u00e9xico a escala estatal\u201d, para obtener el grado de Licenciado en Biolog\u00eda, el pasado jueves 23 de septiembre a trav\u00e9s de\u00a0<\/span><i><span data-contrast=\"auto\">Zoom<\/span><\/i><span data-contrast=\"auto\">,\u00a0Jos\u00e9 Juan mencion\u00f3 que estos mam\u00edferos ayudan en la\u00a0depredaci\u00f3n,\u00a0dispersi\u00f3n\u00a0de semillas\u00a0y\u00a0control de plagas, a trav\u00e9s de la ingesta de estos animales.<\/span><span data-ccp-props=\"{&quot;201341983&quot;:0,&quot;335559739&quot;:160,&quot;335559740&quot;:240}\">\u00a0<\/span><\/p>\n<p><span data-contrast=\"auto\">Tambi\u00e9n, en la\u00a0regulaci\u00f3n de poblaciones, construcci\u00f3n de madrigueras, echaderos\u00a0y\u00a0control de enfermedades\u00a0mediante la\u00a0depredaci\u00f3n de animales d\u00e9biles y enfermos.<\/span><span data-ccp-props=\"{&quot;201341983&quot;:0,&quot;335559731&quot;:708,&quot;335559739&quot;:160,&quot;335559740&quot;:240}\">\u00a0<\/span><\/p>\n<p><span data-contrast=\"auto\">Ante el director y codirector de este trabajo, Juan Manuel Pech Canch\u00e9 y Christian Alejandro Delf\u00edn Alfonso, respectivamente, el joven dio a conocer que el objetivo de la investigaci\u00f3n fue evaluar\u00a0la diversidad taxon\u00f3mica de la\u00a0mastofauna\u00a0(referente a los animales mam\u00edferos)\u00a0terrestre a escala estatal en M\u00e9xico.<\/span><span data-ccp-props=\"{&quot;201341983&quot;:0,&quot;335559739&quot;:160,&quot;335559740&quot;:240}\">\u00a0<\/span><\/p>\n<p><span data-contrast=\"auto\">Indic\u00f3 que en el mundo\u00a0existen alrededor de 17 pa\u00edses considerados megadiversos,\u00a0en los cuales se encuentra entre el 65 y 70 por ciento de toda la biodiversidad del planeta, con\u00a0alrededor de\u00a0seis\u00a0mil 400 especies de mam\u00edferos.<\/span><span data-ccp-props=\"{&quot;201341983&quot;:0,&quot;335559731&quot;:708,&quot;335559739&quot;:160,&quot;335559740&quot;:240}\">\u00a0<\/span><\/p>\n<p><span data-contrast=\"auto\">M\u00e9xico est\u00e1 considerado como\u00a0un\u00a0pa\u00eds\u00a0con alta diversidad biol\u00f3gica debido a su posici\u00f3n geogr\u00e1fica, diversidad de paisajes,\u00a0mayor\u00a0tama\u00f1o en todo el mundo, y a su historia evolutiva que lo ha posicionado en una\u00a0zona de transici\u00f3n en la que es posible la subsistencia de especies,\u00a0tanto con afinidades\u00a0neo\u00e1rticas\u00a0como\u00a0del neotr\u00f3pico.<\/span><span data-ccp-props=\"{&quot;201341983&quot;:0,&quot;335559731&quot;:708,&quot;335559739&quot;:160,&quot;335559740&quot;:240}\">\u00a0<\/span><\/p>\n<p><span data-contrast=\"auto\">Por tanto,\u00a0su trabajo de investigaci\u00f3n lo\u00a0enfoc\u00f3 en el an\u00e1lisis de la\u00a0riqueza y conservaci\u00f3n de los mam\u00edferos terrestres a nivel estatal\u00a0para\u00a0calcular\u00a0de forma m\u00e1s completa la biodiversidad taxon\u00f3mica de los mam\u00edferos, es decir, la cantidad de especies y n\u00famero de\u00a0individuos de cada una de \u00e9stas.<\/span><\/p>\n<div id=\"attachment_102784\" style=\"width: 732px\" class=\"wp-caption aligncenter\"><a href=\"https:\/\/www.uv.mx\/prensa\/files\/2021\/10\/081021-DIVERSIDAD-TAXONOMICA-2-100k.jpg\"><img aria-describedby=\"caption-attachment-102784\" decoding=\"async\" loading=\"lazy\" class=\"size-full wp-image-102784\" src=\"https:\/\/www.uv.mx\/prensa\/files\/2021\/10\/081021-DIVERSIDAD-TAXONOMICA-2-100k.jpg\" alt=\"El egresado de la FCBA-UV, regi\u00f3n Poza Rica-Tuxpan, resalt\u00f3 que los mam\u00edferos aportan importantes servicios ecosist\u00e9micos \" width=\"722\" height=\"302\" srcset=\"https:\/\/www.uv.mx\/prensa\/files\/2021\/10\/081021-DIVERSIDAD-TAXONOMICA-2-100k.jpg 722w, https:\/\/www.uv.mx\/prensa\/files\/2021\/10\/081021-DIVERSIDAD-TAXONOMICA-2-100k-300x125.jpg 300w\" sizes=\"(max-width: 722px) 100vw, 722px\" \/><\/a><p id=\"caption-attachment-102784\" class=\"wp-caption-text\">El egresado de la FCBA-UV, regi\u00f3n Poza Rica-Tuxpan, resalt\u00f3 que los mam\u00edferos aportan importantes servicios ecosist\u00e9micos<\/p><\/div>\n<p>&nbsp;<\/p>\n<p><span data-contrast=\"auto\">Lo anterior, sin duda, es de gran ayuda para la toma de decisiones de proyectos, por ejemplo: en la construcci\u00f3n del Tren Maya, mismo que recorrer\u00e1 una distancia de\u00a0mil\u00a0500\u00a0kil\u00f3metros y\u00a0pasar\u00e1 por los estados de Chiapas, Tabasco, Campeche, Yucat\u00e1n y Quintana Roo.<\/span><span data-ccp-props=\"{&quot;201341983&quot;:0,&quot;335559731&quot;:708,&quot;335559739&quot;:160,&quot;335559740&quot;:240}\">\u00a0<\/span><\/p>\n<p><span data-contrast=\"auto\">En M\u00e9xico no se han hecho estudios sobre diversidad taxon\u00f3mica meramente para mam\u00edferos, pero se han encontrado\u00a0otros\u00a0de especies marinas como delfines y orcas, y de vegetaci\u00f3n secundaria y primaria.<\/span><span data-ccp-props=\"{&quot;201341983&quot;:0,&quot;335559731&quot;:708,&quot;335559739&quot;:160,&quot;335559740&quot;:240}\">\u00a0<\/span><\/p>\n<p><span data-contrast=\"auto\">En este caso,\u00a0realiz\u00f3 un\u00a0an\u00e1lisis bibliogr\u00e1fico\u00a0y\u00a0elaboraci\u00f3n de un listado taxon\u00f3mico,\u00a0el\u00a0cual obtuvo de estudios de la\u00a0Comisi\u00f3n Nacional para el Conocimiento y Uso de la Biodiversidad\u00a0(<\/span><i><span data-contrast=\"auto\">Conabio<\/span><\/i><span data-contrast=\"auto\">), publicados a trav\u00e9s de su p\u00e1gina\u00a0<\/span><i><span data-contrast=\"auto\">web<\/span><\/i><span data-contrast=\"auto\">, que\u00a0complement\u00f3 con nuevos registros.<\/span><span data-ccp-props=\"{&quot;201341983&quot;:0,&quot;335559731&quot;:708,&quot;335559739&quot;:160,&quot;335559740&quot;:240}\">\u00a0<\/span><\/p>\n<p><span data-contrast=\"auto\">Coment\u00f3 que el\u00a0estado de conservaci\u00f3n de las especies se identific\u00f3 de forma nacional a trav\u00e9s de la\u00a0Norma\u00a0Oficial Mexicana\u00a0(NOM)\u00a0059-2010 de la Secretar\u00eda del Medio Ambiente y Recursos Naturales (<\/span><i><span data-contrast=\"auto\">Semarnat<\/span><\/i><span data-contrast=\"auto\">);\u00a0e\u00a0internacional,\u00a0con la Lista Roja de Especies Amenazadas de la\u00a0Uni\u00f3n Internacional para la Conservaci\u00f3n de la Naturaleza\u00a0(UICN).<\/span><span data-ccp-props=\"{&quot;201341983&quot;:0,&quot;335559731&quot;:708,&quot;335559739&quot;:160,&quot;335559740&quot;:240}\">\u00a0<\/span><\/p>\n<p><span data-contrast=\"auto\">En total, se\u00a0recopilaron 19 estudios de estado y 10 art\u00edculos con listados completos. Tambi\u00e9n, se\u00a0obtuvieron\u00a0tres\u00a0mil 723 registros de presencia de las especies de mam\u00edferos en M\u00e9xico distribuidos\u00a0en\u00a029 estados,\u00a0a excepci\u00f3n de\u00a0Morelos, Sonora y Tamaulipas.<\/span><span data-ccp-props=\"{&quot;201341983&quot;:0,&quot;335559731&quot;:708,&quot;335559739&quot;:160,&quot;335559740&quot;:240}\">\u00a0<\/span><\/p>\n<p><span data-contrast=\"auto\">De lo anterior, se\u00a0obtuvo el 95.75 por ciento de las especies descritas para M\u00e9xico.\u00a0La riqueza taxon\u00f3mica documentada es de 11 \u00f3rdenes, 35 familias, 167 g\u00e9neros y 473 especies.<\/span><span data-ccp-props=\"{&quot;201341983&quot;:0,&quot;335559731&quot;:708,&quot;335559739&quot;:160,&quot;335559740&quot;:240}\">\u00a0<\/span><\/p>\n<p><span data-contrast=\"auto\">Asimismo, los estados con mayor riqueza de mam\u00edferos son: Oaxaca, con 215 especies; Chiapas, 209; y Veracruz, 195, pero\u00a0tambi\u00e9n son los que tienen mayor n\u00famero bajo un estatus de riesgo.<\/span><\/p>\n<div id=\"attachment_102785\" style=\"width: 732px\" class=\"wp-caption aligncenter\"><a href=\"https:\/\/www.uv.mx\/prensa\/files\/2021\/10\/081021-DIVERSIDAD-TAXONOMICA-3-100k.jpg\"><img aria-describedby=\"caption-attachment-102785\" decoding=\"async\" loading=\"lazy\" class=\"size-full wp-image-102785\" src=\"https:\/\/www.uv.mx\/prensa\/files\/2021\/10\/081021-DIVERSIDAD-TAXONOMICA-3-100k.jpg\" alt=\"Acad\u00e9micos de la UV evaluaron el trabajo presentado v\u00eda remota \" width=\"722\" height=\"271\" srcset=\"https:\/\/www.uv.mx\/prensa\/files\/2021\/10\/081021-DIVERSIDAD-TAXONOMICA-3-100k.jpg 722w, https:\/\/www.uv.mx\/prensa\/files\/2021\/10\/081021-DIVERSIDAD-TAXONOMICA-3-100k-300x113.jpg 300w\" sizes=\"(max-width: 722px) 100vw, 722px\" \/><\/a><p id=\"caption-attachment-102785\" class=\"wp-caption-text\">Acad\u00e9micos de la UV evaluaron el trabajo presentado v\u00eda remota<\/p><\/div>\n<p>&nbsp;<\/p>\n<p><span data-contrast=\"auto\">Por otra parte, se\u00a0encontraron 95 especies end\u00e9micas y 173 sujetas a alguna categor\u00eda de riesgo descritas en la\u00a0NOM-059\u00a0de\u00a0<\/span><i><span data-contrast=\"auto\">Semarnat<\/span><\/i><span data-contrast=\"auto\">,\u00a0distribuidas de forma estatal y por orden taxon\u00f3mico.<\/span><span data-ccp-props=\"{&quot;201341983&quot;:0,&quot;335559731&quot;:708,&quot;335559739&quot;:160,&quot;335559740&quot;:240}\">\u00a0<\/span><\/p>\n<p><span data-contrast=\"auto\">La investigaci\u00f3n, desarrollada durante el periodo de pandemia,\u00a0revel\u00f3\u00a0que la mayor\u00eda de los estados se encuentran dentro del intervalo de confianza, y precisa que\u00a0los valores\u00a0esperados no son significativos,\u00a0a excepci\u00f3n de Chiapas y Tabasco, adem\u00e1s de Campeche y Veracruz.<\/span><span data-ccp-props=\"{&quot;201341983&quot;:0,&quot;335559731&quot;:708,&quot;335559739&quot;:160,&quot;335559740&quot;:240}\">\u00a0<\/span><\/p>\n<p><span data-contrast=\"auto\">Esto indica que los principales cambios a nivel estatal se presentan en la riqueza de especies, y en menor medida en la diversidad taxon\u00f3mica,\u00a0ya que su composici\u00f3n es muy semejante.<\/span><span data-ccp-props=\"{&quot;201341983&quot;:0,&quot;335559731&quot;:708,&quot;335559739&quot;:160,&quot;335559740&quot;:240}\">\u00a0<\/span><\/p>\n<p><span data-contrast=\"auto\">El estado de Campeche presenta la distinci\u00f3n taxon\u00f3mica m\u00e1s alta,\u00a0seguido por Tabasco y Quintana Roo;\u00a0por otro\u00a0lado,\u00a0est\u00e1n\u00a0Michoac\u00e1n,\u00a0Baja California Sur y Coahuila\u00a0con el\u00a0menor \u00edndice.<\/span><span data-ccp-props=\"{&quot;201341983&quot;:0,&quot;335559731&quot;:708,&quot;335559739&quot;:160,&quot;335559740&quot;:240}\">\u00a0<\/span><\/p>\n<p><span data-contrast=\"auto\">Por \u00faltimo, refiri\u00f3 que los mam\u00edferos mexicanos no han sido evaluados\u00a0detalladamente, lo\u00a0cual es importante\u00a0porque se ha\u00a0demostrado que esta medida aporta informaci\u00f3n valiosa\u00a0y\u00a0adicional a la riqueza.<\/span><span data-ccp-props=\"{&quot;201341983&quot;:0,&quot;335559731&quot;:708,&quot;335559739&quot;:160,&quot;335559740&quot;:240}\">\u00a0<\/span><\/p>\n<p><span data-contrast=\"auto\">Al t\u00e9rmino de la presentaci\u00f3n, Jos\u00e9 Juan Vega agradeci\u00f3 el apoyo de Celina Naval \u00c1vila,\u00a0Francisco Lim\u00f3n Salvador y Arturo Serrano Sol\u00eds, integrantes de la\u00a0comisi\u00f3n revisora de la tesis.<\/span><span data-ccp-props=\"{&quot;201341983&quot;:0,&quot;335559731&quot;:708,&quot;335559739&quot;:160,&quot;335559740&quot;:240}\">\u00a0<\/span><\/p>\n<p><span data-contrast=\"auto\">Adem\u00e1s, reconoci\u00f3 la asesor\u00eda de Maribel Ortiz y el respaldo de los miembros del Laboratorio de Vertebrados Terrestres.<\/span><span data-ccp-props=\"{&quot;201341983&quot;:0,&quot;335559731&quot;:708,&quot;335559739&quot;:160,&quot;335559740&quot;:240}\">\u00a0<\/span><\/p>\n","protected":false},"excerpt":{"rendered":"<p>Estos mam\u00edferos ayudan en la depredaci\u00f3n, dispersi\u00f3n de semillas y control de plagas, a trav\u00e9s de la ingesta de estos animales <\/p>\n","protected":false},"author":1775,"featured_media":102786,"comment_status":"closed","ping_status":"closed","sticky":false,"template":"","format":"standard","meta":[],"categories":[45,61],"tags":[868,1720,376,4058,4059,4057,2976],"_links":{"self":[{"href":"https:\/\/www.uv.mx\/prensa\/wp-json\/wp\/v2\/posts\/102782"}],"collection":[{"href":"https:\/\/www.uv.mx\/prensa\/wp-json\/wp\/v2\/posts"}],"about":[{"href":"https:\/\/www.uv.mx\/prensa\/wp-json\/wp\/v2\/types\/post"}],"author":[{"embeddable":true,"href":"https:\/\/www.uv.mx\/prensa\/wp-json\/wp\/v2\/users\/1775"}],"replies":[{"embeddable":true,"href":"https:\/\/www.uv.mx\/prensa\/wp-json\/wp\/v2\/comments?post=102782"}],"version-history":[{"count":1,"href":"https:\/\/www.uv.mx\/prensa\/wp-json\/wp\/v2\/posts\/102782\/revisions"}],"predecessor-version":[{"id":102787,"href":"https:\/\/www.uv.mx\/prensa\/wp-json\/wp\/v2\/posts\/102782\/revisions\/102787"}],"wp:featuredmedia":[{"embeddable":true,"href":"https:\/\/www.uv.mx\/prensa\/wp-json\/wp\/v2\/media\/102786"}],"wp:attachment":[{"href":"https:\/\/www.uv.mx\/prensa\/wp-json\/wp\/v2\/media?parent=102782"}],"wp:term":[{"taxonomy":"category","embeddable":true,"href":"https:\/\/www.uv.mx\/prensa\/wp-json\/wp\/v2\/categories?post=102782"},{"taxonomy":"post_tag","embeddable":true,"href":"https:\/\/www.uv.mx\/prensa\/wp-json\/wp\/v2\/tags?post=102782"}],"curies":[{"name":"wp","href":"https:\/\/api.w.org\/{rel}","templated":true}]}}