{"id":102805,"date":"2021-10-12T08:00:59","date_gmt":"2021-10-12T13:00:59","guid":{"rendered":"https:\/\/www.uv.mx\/prensa\/?p=102805"},"modified":"2021-10-13T12:07:00","modified_gmt":"2021-10-13T17:07:00","slug":"max-alberga-la-exposicion-arqueologia-secreta-de-sofia-echeverri","status":"publish","type":"post","link":"https:\/\/www.uv.mx\/prensa\/cultura\/max-alberga-la-exposicion-arqueologia-secreta-de-sofia-echeverri\/","title":{"rendered":"MAX alberga la exposici\u00f3n <em>Arqueolog\u00eda secreta<\/em>, de Sof\u00eda Echeverri"},"content":{"rendered":"<ul>\n<li data-leveltext=\"\uf0b7\" data-font=\"Symbol\" data-listid=\"1\" data-aria-posinset=\"1\" data-aria-level=\"1\"><i><span data-contrast=\"auto\">Una propuesta pict\u00f3rica que reflexiona sobre los roles de g\u00e9nero haciendo uso del\u00a0patrimonio simb\u00f3lico universal<\/span><\/i><\/li>\n<li data-leveltext=\"\uf0b7\" data-font=\"Symbol\" data-listid=\"1\" data-aria-posinset=\"1\" data-aria-level=\"1\"><i><span data-contrast=\"auto\">Estar\u00e1 abierta al p\u00fablico a\u00a0partir del 15 de octubre en la\u00a0Sala de Exposiciones Temporales\u00a0del\u00a0Museo de Antropolog\u00eda de Xalapa<\/span><\/i><\/li>\n<\/ul>\n<p>&nbsp;<\/p>\n<div id=\"attachment_102806\" style=\"width: 722px\" class=\"wp-caption aligncenter\"><a href=\"https:\/\/www.uv.mx\/prensa\/files\/2021\/10\/12011-MAX.jpg\"><img aria-describedby=\"caption-attachment-102806\" decoding=\"async\" loading=\"lazy\" class=\"size-full wp-image-102806\" src=\"https:\/\/www.uv.mx\/prensa\/files\/2021\/10\/12011-MAX.jpg\" alt=\"\" width=\"712\" height=\"481\" srcset=\"https:\/\/www.uv.mx\/prensa\/files\/2021\/10\/12011-MAX.jpg 712w, https:\/\/www.uv.mx\/prensa\/files\/2021\/10\/12011-MAX-300x203.jpg 300w\" sizes=\"(max-width: 712px) 100vw, 712px\" \/><\/a><p id=\"caption-attachment-102806\" class=\"wp-caption-text\">Sof\u00eda Echeverri busca reivindicar el poder hist\u00f3rico de la mujer<\/p><\/div>\n<p>&nbsp;<\/p>\n<p><b><i><span data-contrast=\"auto\">12\/10\/2021, Xalapa, Ver.-\u00a0<\/span><\/i><\/b><span data-contrast=\"auto\">A partir del viernes 15 de octubre, en la Sala de Exposiciones Temporales del Museo de Antropolog\u00eda de Xalapa (MAX) abrir\u00e1 sus puertas al p\u00fablico la exposici\u00f3n\u00a0<\/span><i><span data-contrast=\"auto\">Arqueolog\u00eda secreta<\/span><\/i><span data-contrast=\"auto\">, de Sof\u00eda Echeverri, una propuesta pict\u00f3rica que cuestiona al espectador sugiri\u00e9ndole reflexiones sobre los roles de g\u00e9nero y haciendo uso del patrimonio simb\u00f3lico universal para dar un lugar de potencia y equidad a la mujer.<\/span><span data-ccp-props=\"{&quot;201341983&quot;:0,&quot;335559739&quot;:160,&quot;335559740&quot;:240}\">\u00a0<\/span><\/p>\n<p><span data-contrast=\"auto\">\u201cLo que no se nombra, no existe\u201d, de igual manera, lo que no visualizamos tampoco\u00a0tiene posibilidades de existir, sostiene la\u00a0expositora,\u00a0por lo que en\u00a0<\/span><i><span data-contrast=\"auto\">Arqueolog\u00eda secreta\/Mujeres trabajando<\/span><\/i><span data-contrast=\"auto\">\u00a0representa\u00a0a la mujer desempe\u00f1ando \u2013desde una postura activa, l\u00fadica y de poder\u2013\u00a0los roles, s\u00edmbolos, profesiones y oficios otorgados tradicionalmente al var\u00f3n, con el objeto de contemplarla desempe\u00f1ando acciones que la dotan\u00a0de un especial empoderamiento.<\/span><span data-ccp-props=\"{&quot;201341983&quot;:0,&quot;335559731&quot;:708,&quot;335559739&quot;:160,&quot;335559740&quot;:240}\">\u00a0<\/span><\/p>\n<p><span data-contrast=\"auto\">En\u00a0su obra,\u00a0Sof\u00eda Echeverri\u00a0busca\u00a0reivindicar el poder hist\u00f3rico de la mujer asign\u00e1ndole s\u00edmbolos que por siglos fueron destinados a los varones, ofreciendo una posibilidad oculta desconocida del mundo.<\/span><span data-ccp-props=\"{&quot;201341983&quot;:0,&quot;335559731&quot;:708,&quot;335559739&quot;:160,&quot;335559740&quot;:240}\">\u00a0<\/span><\/p>\n<p><span data-contrast=\"auto\">Licenciada en Artes visuales por la Universidad de Guadalajara, su lenguaje pict\u00f3rico propone una dial\u00e9ctica entre la figuraci\u00f3n \u2013en blanco y negro\u2013\u00a0y la abstracci\u00f3n \u2013en color\u2013,\u00a0yuxtaponiendo ambos modos de expresi\u00f3n.\u00a0Su trabajo art\u00edstico refleja su preocupaci\u00f3n por\u00a0la inequidad de g\u00e9nero y la violencia contra la mujer, la depredaci\u00f3n humana y el desplazamiento y sustituci\u00f3n de las pr\u00e1cticas y est\u00e9ticas de los pueblos originarios, por las hegem\u00f3nicas. Ha realizado 19 exposiciones individuales y participado en m\u00e1s de 80 colectivas tanto en M\u00e9xico como en el extranjero. Actualmente forma parte del Sistema Nacional de Creadores de Arte (2019).<\/span><span data-ccp-props=\"{&quot;201341983&quot;:0,&quot;335559731&quot;:708,&quot;335559739&quot;:160,&quot;335559740&quot;:240}\">\u00a0<\/span><\/p>\n<p><span data-contrast=\"auto\">En el texto de sala, Andrea Medina Rosas define a\u00a0Echeverri\u00a0como\u00a0\u201cuna mujer libre que, ante las interpretaciones patriarcales de nuestro pasado por parte de la arqueolog\u00eda, reflexiona y elige\u00a0reinterpretar el arte prehisp\u00e1nico dando un lugar de igualdad y poder para las mujeres. No se trata de exactitud, de tener t\u00edtulo de arque\u00f3loga, se trata de reparar da\u00f1os con la potencia de la imaginaci\u00f3n, de ensanchar puertas para salir de la inercia de asumir lo dado como \u00fanica opci\u00f3n\u201d.<\/span><span data-ccp-props=\"{&quot;201341983&quot;:0,&quot;335559731&quot;:708,&quot;335559739&quot;:160,&quot;335559740&quot;:240}\">\u00a0<\/span><\/p>\n<p><span data-contrast=\"auto\">La muestra pict\u00f3rica<\/span><i><span data-contrast=\"auto\">\u00a0Arqueolog\u00eda secreta<\/span><\/i><span data-contrast=\"auto\">\u00a0de Sof\u00eda Echeverri estar\u00e1 abierta a todo p\u00fablico\u00a0hasta\u00a0el 19 de enero de 2022, de martes a domingo\u00a0de 9:00\u00a0a 17:00\u00a0horas, con todas las\u00a0medidas sanitarias.<\/span><\/p>\n","protected":false},"excerpt":{"rendered":"<p>En su obra, busca reivindicar el poder hist\u00f3rico de la mujer asign\u00e1ndole s\u00edmbolos que por siglos fueron destinados a los varones, ofreciendo una posibilidad oculta desconocida del mundo <\/p>\n","protected":false},"author":1508,"featured_media":102806,"comment_status":"closed","ping_status":"closed","sticky":false,"template":"","format":"standard","meta":[],"categories":[11],"tags":[],"_links":{"self":[{"href":"https:\/\/www.uv.mx\/prensa\/wp-json\/wp\/v2\/posts\/102805"}],"collection":[{"href":"https:\/\/www.uv.mx\/prensa\/wp-json\/wp\/v2\/posts"}],"about":[{"href":"https:\/\/www.uv.mx\/prensa\/wp-json\/wp\/v2\/types\/post"}],"author":[{"embeddable":true,"href":"https:\/\/www.uv.mx\/prensa\/wp-json\/wp\/v2\/users\/1508"}],"replies":[{"embeddable":true,"href":"https:\/\/www.uv.mx\/prensa\/wp-json\/wp\/v2\/comments?post=102805"}],"version-history":[{"count":2,"href":"https:\/\/www.uv.mx\/prensa\/wp-json\/wp\/v2\/posts\/102805\/revisions"}],"predecessor-version":[{"id":102856,"href":"https:\/\/www.uv.mx\/prensa\/wp-json\/wp\/v2\/posts\/102805\/revisions\/102856"}],"wp:featuredmedia":[{"embeddable":true,"href":"https:\/\/www.uv.mx\/prensa\/wp-json\/wp\/v2\/media\/102806"}],"wp:attachment":[{"href":"https:\/\/www.uv.mx\/prensa\/wp-json\/wp\/v2\/media?parent=102805"}],"wp:term":[{"taxonomy":"category","embeddable":true,"href":"https:\/\/www.uv.mx\/prensa\/wp-json\/wp\/v2\/categories?post=102805"},{"taxonomy":"post_tag","embeddable":true,"href":"https:\/\/www.uv.mx\/prensa\/wp-json\/wp\/v2\/tags?post=102805"}],"curies":[{"name":"wp","href":"https:\/\/api.w.org\/{rel}","templated":true}]}}