{"id":102876,"date":"2021-10-13T14:58:40","date_gmt":"2021-10-13T19:58:40","guid":{"rendered":"https:\/\/www.uv.mx\/prensa\/?p=102876"},"modified":"2021-10-13T17:41:32","modified_gmt":"2021-10-13T22:41:32","slug":"covid-19-y-sindemia-en-congreso-internacional-de-facultad-de-nutricion-uv","status":"publish","type":"post","link":"https:\/\/www.uv.mx\/prensa\/banner\/covid-19-y-sindemia-en-congreso-internacional-de-facultad-de-nutricion-uv\/","title":{"rendered":"Covid-19 y sindemia, en congreso internacional de Facultad de Nutrici\u00f3n UV"},"content":{"rendered":"<p>&nbsp;<\/p>\n<div id=\"attachment_102878\" style=\"width: 857px\" class=\"wp-caption aligncenter\"><a href=\"https:\/\/www.uv.mx\/prensa\/files\/2021\/10\/131021-congreso-nutricion-1.jpg\"><img aria-describedby=\"caption-attachment-102878\" decoding=\"async\" loading=\"lazy\" class=\"size-full wp-image-102878\" src=\"https:\/\/www.uv.mx\/prensa\/files\/2021\/10\/131021-congreso-nutricion-1.jpg\" alt=\"\" width=\"847\" height=\"481\" srcset=\"https:\/\/www.uv.mx\/prensa\/files\/2021\/10\/131021-congreso-nutricion-1.jpg 847w, https:\/\/www.uv.mx\/prensa\/files\/2021\/10\/131021-congreso-nutricion-1-300x170.jpg 300w, https:\/\/www.uv.mx\/prensa\/files\/2021\/10\/131021-congreso-nutricion-1-768x436.jpg 768w\" sizes=\"(max-width: 847px) 100vw, 847px\" \/><\/a><p id=\"caption-attachment-102878\" class=\"wp-caption-text\">La inauguraci\u00f3n formal del evento estuvo a cargo de Pedro Guti\u00e9rrez Aguilar, director general del \u00c1rea Acad\u00e9mica de Ciencias de la Salud<\/p><\/div>\n<p>&nbsp;<\/p>\n<p><b><i><span data-contrast=\"auto\">David Sandoval Rodr\u00edguez<\/span><\/i><\/b><span data-ccp-props=\"{&quot;201341983&quot;:0,&quot;335559740&quot;:240}\">\u00a0<\/span><\/p>\n<p><b><i><span data-contrast=\"auto\">13\/10\/2021,\u00a0Xalapa, Ver.-<\/span><\/i><\/b><span data-contrast=\"auto\">\u00a0La Facultad de Nutrici\u00f3n de la Universidad Veracruzana (UV) inici\u00f3 este mi\u00e9rcoles las actividades del Congreso Internacional \u201cRetos alimentarios, nutricionales y culturales ante la\u00a0sindemia\u00a0de la\u00a0malnutrici\u00f3n y\u00a0Covid-19\u201d con un reconocimiento\u00a0a las generaciones de\u00a0profesores, estudiantes y egresados que han puesto en alto\u00a0a esta entidad acad\u00e9mica\u00a0en los 44 a\u00f1os de\u00a0su\u00a0existencia.<\/span><span data-ccp-props=\"{&quot;201341983&quot;:0,&quot;335559740&quot;:240}\">\u00a0<\/span><\/p>\n<p><span data-contrast=\"auto\">En su\u00a0mensaje de bienvenida al encuentro virtual, Mar\u00eda Graciela S\u00e1nchez Montiel, directora de la Facultad, dijo:\u00a0\u201cNos une un hecho hist\u00f3rico, el trabajo conjunto a lo largo de 44 a\u00f1os, al recordar que en la Universidad Veracruzana el programa educativo de la\u00a0Licenciatura en\u00a0Nutrici\u00f3n fue aprobado\u00a0el 25 de agosto de 1975 y en 1977\u00a0el\u00a0Consejo Universitario\u00a0aprob\u00f3\u00a0la apertura del programa educativo en la regi\u00f3n Xalapa, iniciando actividades el 16 de octubre de\u00a0ese a\u00f1o\u201d.<\/span><span data-ccp-props=\"{&quot;201341983&quot;:0,&quot;335559731&quot;:720,&quot;335559740&quot;:240}\">\u00a0<\/span><\/p>\n<p><span data-contrast=\"auto\">Se\u00f1al\u00f3 que la Facultad ha tenido una participaci\u00f3n destacada durante casi cuatro d\u00e9cadas en la\u00a0Asociaci\u00f3n Mexicana de Miembros de Facultades y Escuelas de Nutrici\u00f3n.<\/span><span data-ccp-props=\"{&quot;201341983&quot;:0,&quot;335559731&quot;:720,&quot;335559740&quot;:240}\">\u00a0<\/span><\/p>\n<p><span data-contrast=\"auto\">Reconoci\u00f3 tambi\u00e9n a los egresados, ex directores y maestros distinguidos,\u00a0\u201cquienes\u00a0se ocuparon por gestionar y trabajar para lograr el\u00a0Nivel 1 de los Comit\u00e9s Interinstitucionales para la Evaluaci\u00f3n de la Educaci\u00f3n Superior\u00a0en 2004 y ratificarlo en 2006, al igual que por el Consejo Nacional para la Calidad de Programas Educativos en Nutriolog\u00eda,\u00a0del cual se han obtenido tres reconocimientos de calidad en 2008-2013, 2014-2019 y 2019-2024\u201d.<\/span><span data-ccp-props=\"{&quot;201341983&quot;:0,&quot;335559731&quot;:720,&quot;335559740&quot;:240}\">\u00a0<\/span><\/p>\n<p><span data-contrast=\"auto\">S\u00e1nchez Montiel reconoci\u00f3 que \u201cha sido un gran trabajo en equipo de muchos profesores aqu\u00ed presentes y otros que ya se jubilaron; de muchos estudiantes que hoy son grandes profesionales de la nutrici\u00f3n, sin ellos no se hubiera logrado\u201d.<\/span><span data-ccp-props=\"{&quot;201341983&quot;:0,&quot;335559731&quot;:720,&quot;335559740&quot;:240}\">\u00a0<\/span><\/p>\n<p><span data-contrast=\"auto\">Record\u00f3 que en las\u00a0primeras generaciones egresaba\u00a0un promedio de 80 estudiantes y con el modelo educativo actual\u00a0egresan\u00a0y obtienen su t\u00edtulo\u00a0120 estudiantes\u00a0anualmente.<\/span><span data-ccp-props=\"{&quot;201341983&quot;:0,&quot;335559731&quot;:720,&quot;335559740&quot;:240}\">\u00a0<\/span><\/p>\n<p><span data-contrast=\"auto\">Dijo adem\u00e1s que\u00a0este a\u00f1o el lema del D\u00eda Mundial de\u00a0la Alimentaci\u00f3n es \u201cAlimentos\u00a0inocuos ahora para un ma\u00f1ana saludable\u201d, con lo cual \u201cnos refrenda el compromiso como profesionales de la nutrici\u00f3n para seguir innovando en esta era de la tecnolog\u00eda,\u00a0pero a la vez es un llamado a recuperar las tradiciones de alimentaci\u00f3n, a recuperar los saberes y sabores de nuestros ancestros, a comer lo que la naturaleza nos da cuidando su inocuidad,\u00a0con lo que contribuiremos a disminuir la huella de carbono\u201d.<\/span><span data-ccp-props=\"{&quot;201341983&quot;:0,&quot;335559731&quot;:720,&quot;335559740&quot;:240}\">\u00a0<\/span><\/p>\n<p><span data-contrast=\"auto\">En representaci\u00f3n de las autoridades universitarias, Pedro Guti\u00e9rrez Aguilar, director general del\u00a0\u00c1rea\u00a0Acad\u00e9mica de Ciencias de la Salud, realiz\u00f3 la inauguraci\u00f3n formal del congreso y\u00a0destac\u00f3\u00a0que re\u00fane a investigadores, especialistas y profesionales de la salud provenientes de M\u00e9xico, Per\u00fa, El Salvador, Uruguay, Guatemala, Ecuador, Espa\u00f1a, Italia y Argentina.<\/span><span data-ccp-props=\"{&quot;201341983&quot;:0,&quot;335559731&quot;:720,&quot;335559740&quot;:240}\">\u00a0<\/span><\/p>\n<p>&nbsp;<\/p>\n<div id=\"attachment_102877\" style=\"width: 886px\" class=\"wp-caption aligncenter\"><a href=\"https:\/\/www.uv.mx\/prensa\/files\/2021\/10\/131021-congreso-nutricion-2.jpg\"><img aria-describedby=\"caption-attachment-102877\" decoding=\"async\" loading=\"lazy\" class=\"size-full wp-image-102877\" src=\"https:\/\/www.uv.mx\/prensa\/files\/2021\/10\/131021-congreso-nutricion-2.jpg\" alt=\"\" width=\"876\" height=\"481\" srcset=\"https:\/\/www.uv.mx\/prensa\/files\/2021\/10\/131021-congreso-nutricion-2.jpg 876w, https:\/\/www.uv.mx\/prensa\/files\/2021\/10\/131021-congreso-nutricion-2-300x165.jpg 300w, https:\/\/www.uv.mx\/prensa\/files\/2021\/10\/131021-congreso-nutricion-2-768x422.jpg 768w\" sizes=\"(max-width: 876px) 100vw, 876px\" \/><\/a><p id=\"caption-attachment-102877\" class=\"wp-caption-text\">Lisbeth D\u00edaz, supervisora m\u00e9dica del Cenaprece, destac\u00f3 que se ha incrementado la obesidad y diabetes en j\u00f3venes y mujeres<\/p><\/div>\n<p>&nbsp;<\/p>\n<p><span data-contrast=\"auto\">\u201cLos invito a tomar este espacio lleno de oportunidades para la formaci\u00f3n y actualizaci\u00f3n\u00a0ya que este congreso facilita la interacci\u00f3n, colaboraci\u00f3n e intercambio entre investigadores, profesores y estudiantes; nos da oportunidad de estrechar v\u00ednculos con expertos de otras latitudes a trav\u00e9s de un programa amplio y variado\u201d, puntualiz\u00f3 el acad\u00e9mico, quien extendi\u00f3 su reconocimiento y felicitaci\u00f3n a los organizadores para llevar a buen t\u00e9rmino el congreso.<\/span><span data-ccp-props=\"{&quot;201341983&quot;:0,&quot;335559731&quot;:720,&quot;335559740&quot;:240}\">\u00a0<\/span><\/p>\n<p><span data-contrast=\"auto\">La\u00a0primera conferencia magistral del congreso\u00a0fue\u00a0\u201cMalnutrici\u00f3n y vulnerabilidad biol\u00f3gica y psicol\u00f3gica ante el\u00a0Covid-19\u201d,\u00a0a cargo de Lisbeth Ixchel D\u00edaz Trejo, supervisora m\u00e9dica del Centro Nacional de Programas Preventivos y Control de Enfermedades (<\/span><i><span data-contrast=\"auto\">Cenaprece<\/span><\/i><span data-contrast=\"auto\">), quien recalc\u00f3 que la hipertensi\u00f3n, diabetes y obesidad son las principales comorbilidades encontradas en los fallecimientos provocados por el virus SARS CoV-2.<\/span><span data-ccp-props=\"{&quot;201341983&quot;:0,&quot;335559731&quot;:720,&quot;335559740&quot;:240}\">\u00a0<\/span><\/p>\n<p><span data-contrast=\"auto\">Precis\u00f3 que de acuerdo con\u00a0datos publicados\u00a0por la Encuesta Nacional de Salud y Nutrici\u00f3n, tanto en 2012 y 2018, se registr\u00f3 un incremento de la poblaci\u00f3n adulta con sobrepeso y obesidad, pasando de\u00a071.3\u00a0a 75.2 por ciento.<\/span><span data-ccp-props=\"{&quot;201341983&quot;:0,&quot;335559731&quot;:720,&quot;335559740&quot;:240}\">\u00a0<\/span><\/p>\n<p><span data-contrast=\"auto\">\u201cPodemos hablar de que tenemos una\u00a0sindemia\u00a0porque\u00a0a\u00a0estas enfermedades cr\u00f3nicas\u00a0\u2013que de por s\u00ed en los sistemas de salud, no s\u00f3lo en M\u00e9xico sino a nivel mundial, estaban presentando serios problemas para combatirlas\u2013\u00a0se les suma la presencia de la pandemia\u201d, afirm\u00f3.<\/span><span data-ccp-props=\"{&quot;201341983&quot;:0,&quot;335559731&quot;:720,&quot;335559740&quot;:240}\">\u00a0<\/span><\/p>\n<p><span data-contrast=\"auto\">Tales enfermedades cr\u00f3nicas est\u00e1n ligadas a la mala nutrici\u00f3n por exceso y subray\u00f3 que la encuesta mencionada refiere que\u00a0de\u00a0los j\u00f3venes de 12 a 19 a\u00f1os\u00a0de edad,\u00a0alrededor de la tercera parte tienen sobrepeso u obesidad; asimismo, dijo que\u00a0a nivel nacional la entidad con mayor prevalencia en este respecto es Veracruz,\u00a0y\u00a0que\u00a0la prevalencia de sobrepeso y obesidad es mayor en las mujeres que en los hombres.<\/span><span data-ccp-props=\"{&quot;201341983&quot;:0,&quot;335559731&quot;:720,&quot;335559740&quot;:240}\">\u00a0<\/span><\/p>\n<p><span data-contrast=\"auto\">D\u00edaz Trejo coment\u00f3 que tambi\u00e9n hubo un aumento en la prevalencia de diabetes,\u00a0de 2012 a 2018,\u00a0y se registraron incrementos de diabetes en mujeres m\u00e1s que en hombres, al igual\u00a0que en el rubro de hipertensi\u00f3n.<\/span><span data-ccp-props=\"{&quot;201341983&quot;:0,&quot;335559731&quot;:720,&quot;335559740&quot;:240}\">\u00a0<\/span><\/p>\n<p><span data-contrast=\"auto\">El 90 por ciento de los casos de diabetes mellitus tipo 2, el m\u00e1s com\u00fan en nuestro pa\u00eds, son atribuibles a la obesidad y sobrepeso, como lo refiere el Observatorio Mexicano de Enfermedades No Transmisibles.<\/span><span data-ccp-props=\"{&quot;201341983&quot;:0,&quot;335559740&quot;:240}\">\u00a0<\/span><\/p>\n<p><span data-contrast=\"auto\">En la inauguraci\u00f3n, atendieron virtualmente las directoras de diversas facultades: M\u00f3nica Sandoval Garc\u00eda,\u00a0de Medicina;\u00a0Liset\u00a0Figueroa V\u00e1zquez,\u00a0de Psicolog\u00eda; Sandra Luz Gonz\u00e1lez Herrera,\u00a0de Bioan\u00e1lisis; Carlos Flores P\u00e9rez,\u00a0de Enfermer\u00eda; Mar\u00eda Matilde Ortega Labourdette,\u00a0de Odontolog\u00eda,\u00a0y Carolina Palmeros\u00a0Exsome,\u00a0de la Facultad de Nutrici\u00f3n regi\u00f3n Veracruz.<\/span><\/p>\n","protected":false},"excerpt":{"rendered":"<p>Este mi\u00e9rcoles iniciaron las actividades del Congreso Internacional \u201cRetos alimentarios, nutricionales y culturales ante la sindemia de la malnutrici\u00f3n y Covid-19\u201d<\/p>\n","protected":false},"author":1508,"featured_media":102888,"comment_status":"closed","ping_status":"closed","sticky":false,"template":"","format":"standard","meta":[],"categories":[61],"tags":[],"_links":{"self":[{"href":"https:\/\/www.uv.mx\/prensa\/wp-json\/wp\/v2\/posts\/102876"}],"collection":[{"href":"https:\/\/www.uv.mx\/prensa\/wp-json\/wp\/v2\/posts"}],"about":[{"href":"https:\/\/www.uv.mx\/prensa\/wp-json\/wp\/v2\/types\/post"}],"author":[{"embeddable":true,"href":"https:\/\/www.uv.mx\/prensa\/wp-json\/wp\/v2\/users\/1508"}],"replies":[{"embeddable":true,"href":"https:\/\/www.uv.mx\/prensa\/wp-json\/wp\/v2\/comments?post=102876"}],"version-history":[{"count":1,"href":"https:\/\/www.uv.mx\/prensa\/wp-json\/wp\/v2\/posts\/102876\/revisions"}],"predecessor-version":[{"id":102889,"href":"https:\/\/www.uv.mx\/prensa\/wp-json\/wp\/v2\/posts\/102876\/revisions\/102889"}],"wp:featuredmedia":[{"embeddable":true,"href":"https:\/\/www.uv.mx\/prensa\/wp-json\/wp\/v2\/media\/102888"}],"wp:attachment":[{"href":"https:\/\/www.uv.mx\/prensa\/wp-json\/wp\/v2\/media?parent=102876"}],"wp:term":[{"taxonomy":"category","embeddable":true,"href":"https:\/\/www.uv.mx\/prensa\/wp-json\/wp\/v2\/categories?post=102876"},{"taxonomy":"post_tag","embeddable":true,"href":"https:\/\/www.uv.mx\/prensa\/wp-json\/wp\/v2\/tags?post=102876"}],"curies":[{"name":"wp","href":"https:\/\/api.w.org\/{rel}","templated":true}]}}