{"id":102880,"date":"2021-10-13T15:18:38","date_gmt":"2021-10-13T20:18:38","guid":{"rendered":"https:\/\/www.uv.mx\/prensa\/?p=102880"},"modified":"2021-10-13T15:18:38","modified_gmt":"2021-10-13T20:18:38","slug":"ruy-perez-tamayo-anuncio-que-donara-su-biblioteca-a-la-uv","status":"publish","type":"post","link":"https:\/\/www.uv.mx\/prensa\/banner\/ruy-perez-tamayo-anuncio-que-donara-su-biblioteca-a-la-uv\/","title":{"rendered":"Ruy P\u00e9rez Tamayo anunci\u00f3 que donar\u00e1 su biblioteca a la UV"},"content":{"rendered":"<style type=\"text\/css\">\n  blockquote p { color: #28519b; font-family: helvetica; font-size: 1.4em; }<br \/><\/style>\n<ul style=\"font-weight: 400\">\n<li data-leveltext=\"\uf0b7\" data-font=\"Symbol\" data-listid=\"2\" data-aria-posinset=\"1\" data-aria-level=\"1\"><i><span data-contrast=\"auto\">El investigador em\u00e9rito declar\u00f3<\/span><\/i><span data-contrast=\"auto\">:\u00a0<\/span><i><span data-contrast=\"auto\">\u201c<\/span><\/i><i><span data-contrast=\"auto\">es\u00a0<\/span><\/i><i><span data-contrast=\"auto\">todo lo que yo tengo y todo lo que soy, la pura verdad; por eso quiero dedicarle mi biblioteca a la Universidad Veracruzana<\/span><\/i><i><span data-contrast=\"auto\">\u201d.<\/span><\/i><span data-ccp-props=\"{&quot;134233117&quot;:true,&quot;134233118&quot;:true,&quot;201341983&quot;:0,&quot;335559685&quot;:360,&quot;335559731&quot;:0,&quot;335559740&quot;:240}\">\u00a0<\/span><\/li>\n<li data-leveltext=\"\uf0b7\" data-font=\"Symbol\" data-listid=\"2\" data-aria-posinset=\"2\" data-aria-level=\"1\"><i><span data-contrast=\"auto\">El rector Mart\u00edn Aguilar S\u00e1nchez\u00a0inaugur<\/span><\/i><i><span data-contrast=\"auto\">\u00f3<\/span><\/i><i><span data-contrast=\"auto\">\u00a0la edici\u00f3n 2021 de la C\u00e1tedra de Excelencia \u201cRuy P\u00e9rez Tamayo\u201d<\/span><\/i><span data-ccp-props=\"{&quot;134233117&quot;:true,&quot;134233118&quot;:true,&quot;201341983&quot;:0,&quot;335559685&quot;:360,&quot;335559731&quot;:0,&quot;335559740&quot;:240}\">\u00a0<\/span><\/li>\n<li data-leveltext=\"\uf0b7\" data-font=\"Symbol\" data-listid=\"2\" data-aria-posinset=\"3\" data-aria-level=\"1\"><i><span data-contrast=\"auto\">La iniciativa que anima la\u202fc\u00e1tedra desmiente las l\u00f3gicas de la pandemia como el victimismo, la pasividad y la falta de ideas, se\u00f1al\u00f3 Mart\u00edn Aguilar<\/span><\/i><span data-ccp-props=\"{&quot;134233117&quot;:true,&quot;134233118&quot;:true,&quot;201341983&quot;:0,&quot;335559685&quot;:360,&quot;335559731&quot;:0,&quot;335559740&quot;:240}\">\u00a0<\/span><\/li>\n<\/ul>\n<p>&nbsp;<\/p>\n<div id=\"attachment_102884\" style=\"width: 731px\" class=\"wp-caption aligncenter\"><a href=\"https:\/\/www.uv.mx\/prensa\/files\/2021\/10\/131021-Catedra-RPT-1.jpg\"><img aria-describedby=\"caption-attachment-102884\" decoding=\"async\" loading=\"lazy\" class=\"size-full wp-image-102884\" src=\"https:\/\/www.uv.mx\/prensa\/files\/2021\/10\/131021-Catedra-RPT-1.jpg\" alt=\"\" width=\"721\" height=\"481\" srcset=\"https:\/\/www.uv.mx\/prensa\/files\/2021\/10\/131021-Catedra-RPT-1.jpg 721w, https:\/\/www.uv.mx\/prensa\/files\/2021\/10\/131021-Catedra-RPT-1-300x200.jpg 300w\" sizes=\"(max-width: 721px) 100vw, 721px\" \/><\/a><p id=\"caption-attachment-102884\" class=\"wp-caption-text\">Mart\u00edn Aguilar, rector de la UV, inaugur\u00f3 formalmente la C\u00e1tedra de Excelencia \u201cRuy P\u00e9rez Tamayo\u201d<\/p><\/div>\n<p>&nbsp;<\/p>\n<blockquote><p><span data-contrast=\"auto\">En respuesta,\u00a0<\/span><span data-contrast=\"auto\">Aguilar S\u00e1nchez mencion\u00f3 en su discurso inaugural, que la\u202fUV\u202frecibe\u202fcon entusiasmo y agradecimiento la\u202fnoticia\u202fdel\u202fdoctor P\u00e9rez Tamayo:\u202f\u201cAgradezco profundamente ese acto de \u2018coronaci\u00f3n\u2019 que supone para toda nuestra comunidad, al ser el pensamiento del doctor un recorrido por las distintas ramas del saber y la cultura\u201d<\/span><\/p><\/blockquote>\n<p>&nbsp;<\/p>\n<p><b><i><span data-contrast=\"auto\">David Sandoval Rodr\u00edguez<\/span><\/i><\/b><span data-contrast=\"auto\">\u202f<\/span><span data-ccp-props=\"{&quot;134233117&quot;:true,&quot;134233118&quot;:true,&quot;201341983&quot;:0,&quot;335559740&quot;:240}\">\u00a0<\/span><\/p>\n<p><span data-contrast=\"auto\">\u202f<\/span><b><i><span data-contrast=\"auto\">13\/10\/2021,\u202fXalapa, Ver.-<\/span><\/i><\/b><span data-contrast=\"auto\">\u202fAutoridades de la Universidad Veracruzana\u202f(UV),\u202fencabezadas por el rector Mart\u00edn Gerardo Aguilar S\u00e1nchez, inauguraron la edici\u00f3n 2021 de la C\u00e1tedra de Excelencia \u201cRuy P\u00e9rez Tamayo\u201d, organizada en colaboraci\u00f3n con El Colegio Nacional y contando con la presencia del destacado cient\u00edfico mexicano,\u202fquien en su mensaje de bienvenida y agradecimiento declar\u00f3 que donar\u00e1 su biblioteca a la m\u00e1xima casa de estudios\u202fde la entidad.<\/span><span data-contrast=\"auto\">\u202f<\/span><span data-ccp-props=\"{&quot;134233117&quot;:true,&quot;134233118&quot;:true,&quot;201341983&quot;:0,&quot;335559740&quot;:240}\">\u00a0<\/span><\/p>\n<p><span data-contrast=\"auto\">En ceremonia presencial y transmitida de modo virtual mediante\u202f<\/span><i><span data-contrast=\"auto\">UVZoom<\/span><\/i><span data-contrast=\"auto\">, el Rector\u00a0<\/span><span data-contrast=\"auto\">mencion\u00f3<\/span><span data-contrast=\"auto\">\u00a0que la edici\u00f3n de la c\u00e1tedra est\u00e1 dedicada\u202fa los \u201cDesaf\u00edos de la humanidad ante los virus\u201d y cuenta con la participaci\u00f3n de distinguidos acad\u00e9micos de Espa\u00f1a, Colombia y M\u00e9xico.<\/span><span data-contrast=\"auto\">\u202f<\/span><span data-ccp-props=\"{&quot;134233117&quot;:true,&quot;134233118&quot;:true,&quot;201341983&quot;:0,&quot;335559731&quot;:720,&quot;335559740&quot;:240}\">\u00a0<\/span><\/p>\n<p><span data-contrast=\"auto\">\u201cDesde mi punto de vista,\u202funa iniciativa como la que hoy anima a la c\u00e1tedra desmiente lo que a veces las l\u00f3gicas de la pandemia y el confinamiento nos quieren transmitir: el victimismo, la pasividad y la falta de ideas, tres cosas que quiz\u00e1 nos acechen en estos momentos\u201d,\u202fcoment\u00f3 el Rector.<\/span><span data-contrast=\"auto\">\u202f<\/span><span data-ccp-props=\"{&quot;134233117&quot;:true,&quot;134233118&quot;:true,&quot;201341983&quot;:0,&quot;335559731&quot;:720,&quot;335559740&quot;:240}\">\u00a0<\/span><\/p>\n<p><span data-contrast=\"auto\">En tal sentido, sugiri\u00f3 a los asistentes virtuales que sigan la edici\u00f3n 2021 de\u202fla\u202fc\u00e1tedra, \u201cpues estoy convencido de que nos ofrecer\u00e1 un mural de perspectivas que van desde la historia de las pandemias hasta la deriva ecol\u00f3gica de nuestro mundo,\u202fpasando por los horizontes de la vacunaci\u00f3n\u201d.<\/span><span data-contrast=\"auto\">\u202f<\/span><span data-ccp-props=\"{&quot;134233117&quot;:true,&quot;134233118&quot;:true,&quot;201341983&quot;:0,&quot;335559731&quot;:720,&quot;335559740&quot;:240}\">\u00a0<\/span><\/p>\n<p><span data-contrast=\"auto\">Igualmente,\u202fpidi\u00f3 a los asistentes dedicar la actual edici\u00f3n de la c\u00e1tedra a todas aquellas personas que han fallecido a causa del Covid-19, \u201ccon esas muertes he aprendido algo que en los libros no hab\u00eda sabido leer y comprender: que nuestra finitud no es nuestra mortalidad\u201d.<\/span><span data-contrast=\"auto\">\u202f<\/span><span data-ccp-props=\"{&quot;134233117&quot;:true,&quot;134233118&quot;:true,&quot;201341983&quot;:0,&quot;335559731&quot;:720,&quot;335559740&quot;:240}\">\u00a0<\/span><\/p>\n<p><span data-contrast=\"auto\">En su mensaje de bienvenida virtual,\u202fP\u00e9rez Tamayo agradeci\u00f3 a la UV por la realizaci\u00f3n del evento y declar\u00f3: \u201cEstoy extraordinariamente emocionado y muy satisfecho con la situaci\u00f3n\u202fen que me encuentro el d\u00eda\u202fde hoy, mi presencia dentro de la Universidad Veracruzana me causa\u202fno s\u00f3lo una gran satisfacci\u00f3n,\u202fsino que me siento muy particularmente honrado\u201d.<\/span><span data-contrast=\"auto\">\u202f<\/span><span data-ccp-props=\"{&quot;134233117&quot;:true,&quot;134233118&quot;:true,&quot;201341983&quot;:0,&quot;335559731&quot;:720,&quot;335559740&quot;:240}\">\u00a0<\/span><\/p>\n<p><span data-contrast=\"auto\">Declar\u00f3 que, en correspondencia a la generosidad de la instituci\u00f3n, donar\u00e1 su biblioteca personal al acervo\u202fde la UV.<\/span><span data-contrast=\"auto\">\u202f<\/span><span data-ccp-props=\"{&quot;134233117&quot;:true,&quot;134233118&quot;:true,&quot;201341983&quot;:0,&quot;335559731&quot;:720,&quot;335559740&quot;:240}\">\u00a0<\/span><\/p>\n<p>&nbsp;<\/p>\n<div id=\"attachment_102883\" style=\"width: 686px\" class=\"wp-caption aligncenter\"><a href=\"https:\/\/www.uv.mx\/prensa\/files\/2021\/10\/131021-Catedra-RPT-2.jpg\"><img aria-describedby=\"caption-attachment-102883\" decoding=\"async\" loading=\"lazy\" class=\"size-full wp-image-102883\" src=\"https:\/\/www.uv.mx\/prensa\/files\/2021\/10\/131021-Catedra-RPT-2.jpg\" alt=\"\" width=\"676\" height=\"481\" srcset=\"https:\/\/www.uv.mx\/prensa\/files\/2021\/10\/131021-Catedra-RPT-2.jpg 676w, https:\/\/www.uv.mx\/prensa\/files\/2021\/10\/131021-Catedra-RPT-2-300x213.jpg 300w\" sizes=\"(max-width: 676px) 100vw, 676px\" \/><\/a><p id=\"caption-attachment-102883\" class=\"wp-caption-text\">Ruy P\u00e9rez Tamayo dijo que donar\u00e1 su biblioteca al acervo de la UV en correspondencia por su generosidad<\/p><\/div>\n<p>&nbsp;<\/p>\n<p><span data-contrast=\"auto\">\u201cHe estado meditando sobre cu\u00e1l\u202fser\u00e1\u202fel destino de mi biblioteca,\u202fque consiste en todo aquello que creo que s\u00e9 de la realidad,\u202fy he pensado en dedicarle mi biblioteca a la Universidad Veracruzana.\u202f\u00bfC\u00f3mo puedo dedicarle tan poco a una universidad\u202fque\u202fha sido\u202ftan generosa\u202fconmigo\u202fy\u202fcon el mundo?\u201d,\u202fse pregunt\u00f3.<\/span><span data-contrast=\"auto\">\u202f<\/span><span data-ccp-props=\"{&quot;134233117&quot;:true,&quot;134233118&quot;:true,&quot;201341983&quot;:0,&quot;335559731&quot;:720,&quot;335559740&quot;:240}\">\u00a0<\/span><\/p>\n<p><span data-contrast=\"auto\">Por ello,\u202faclar\u00f3 que su biblioteca es \u201ctodo lo que yo tengo y todo lo que soy, la pura verdad; por eso quiero dedicarle mi biblioteca a la Universidad Veracruzana, creo que es lo mejor que puedo hacer y la ha aceptado generosamente\u201d.<\/span><span data-contrast=\"auto\">\u202f<\/span><span data-ccp-props=\"{&quot;134233117&quot;:true,&quot;134233118&quot;:true,&quot;201341983&quot;:0,&quot;335559731&quot;:720,&quot;335559740&quot;:240}\">\u00a0<\/span><\/p>\n<p><span data-contrast=\"auto\">En respuesta,\u00a0<\/span><span data-contrast=\"auto\">Aguilar S\u00e1nchez mencion\u00f3 en su discurso inaugural, que la\u202fUV\u202frecibe\u202fcon entusiasmo y agradecimiento la\u202fnoticia\u202fdel\u202fdoctor P\u00e9rez Tamayo:\u202f\u201cAgradezco profundamente ese acto de \u2018coronaci\u00f3n\u2019 que supone para toda nuestra comunidad, al ser el pensamiento del doctor un recorrido por las distintas ramas del saber y la cultura\u201d.<\/span><span data-contrast=\"auto\">\u202f<\/span><span data-ccp-props=\"{&quot;134233117&quot;:true,&quot;134233118&quot;:true,&quot;201341983&quot;:0,&quot;335559731&quot;:720,&quot;335559740&quot;:240}\">\u00a0<\/span><\/p>\n<p><span data-contrast=\"auto\">Asimismo,\u202fexpres\u00f3 al acad\u00e9mico:\u202f\u201cTenga la certeza\u202fde que sabremos resguardar con celo y aprecio esa pluralidad y propiciar el acercamiento, el uso y el disfrute de ella\u201d.<\/span><span data-contrast=\"auto\">\u202f<\/span><span data-ccp-props=\"{&quot;134233117&quot;:true,&quot;134233118&quot;:true,&quot;201341983&quot;:0,&quot;335559731&quot;:720,&quot;335559740&quot;:240}\">\u00a0<\/span><\/p>\n<p><span data-contrast=\"auto\">El coordinador del evento, Pedro Guti\u00e9rrez Aguilar, director general del \u00c1rea Acad\u00e9mica de Ciencias de la Salud, dio lectura a la semblanza de Ruy P\u00e9rez Tamayo, subray\u00f3\u202fque\u202fde 1983 a 1993\u202fform\u00f3 parte de la Junta de Gobierno de la Universidad Nacional Aut\u00f3noma de M\u00e9xico (UNAM)\u202fy es miembro de la Academia de la Lengua, de El Colegio Nacional,\u202fe investigador nacional de excelencia del Sistema Nacional de Investigadores (SNI) y obtuvo el Premio Nacional de Ciencias en 1974.<\/span><span data-contrast=\"auto\">\u202f<\/span><span data-ccp-props=\"{&quot;134233117&quot;:true,&quot;134233118&quot;:true,&quot;201341983&quot;:0,&quot;335559731&quot;:720,&quot;335559740&quot;:240}\">\u00a0<\/span><\/p>\n<p><span data-contrast=\"auto\">Previo a la inauguraci\u00f3n se efectuaron las ponencias \u201cLos tres olvidos de la\u202fpandemia de 1918 y la pandemia por Covid-19\u201d y \u201cVigilancia gen\u00f3mica del virus SARS-CoV-2 causante de la pandemia de Covid-19 en nuestro pa\u00eds\u201d;\u202flas actividades continuar\u00e1n el jueves\u202f14 de\u00a0octubre y pueden\u202fseguirse en la liga institucional:\u202f<\/span><a href=\"https:\/\/uveracruzana.zoom.us\/j\/81921374765\"><span data-contrast=\"none\">https:\/\/uveracruzana.zoom.us\/j\/81921374765<\/span><\/a><span data-contrast=\"auto\">\u202f<\/span><span data-ccp-props=\"{&quot;134233117&quot;:true,&quot;134233118&quot;:true,&quot;201341983&quot;:0,&quot;335559731&quot;:720,&quot;335559740&quot;:240}\">\u00a0<\/span><\/p>\n<p><span data-contrast=\"auto\">Atendieron a la inauguraci\u00f3n, de manera presencial,\u202fElena\u202fRustri\u00e1n\u202fPortilla, secretaria Acad\u00e9mica,\u202fy Norma Trujillo B\u00e1ez, titular de la Direcci\u00f3n General\u202fde Comunicaci\u00f3n Universitaria;\u202fvirtualmente,\u202flos directores generales de las \u00e1reas acad\u00e9micas, los vicerrectores de las cuatro regiones universitarias, acad\u00e9micos, investigadores y estudiantes universitarios.<\/span><\/p>\n<p>&nbsp;<\/p>\n<div id=\"attachment_102882\" style=\"width: 717px\" class=\"wp-caption aligncenter\"><a href=\"https:\/\/www.uv.mx\/prensa\/files\/2021\/10\/131021-Catedra-RPT-3.jpg\"><img aria-describedby=\"caption-attachment-102882\" decoding=\"async\" loading=\"lazy\" class=\"size-full wp-image-102882\" src=\"https:\/\/www.uv.mx\/prensa\/files\/2021\/10\/131021-Catedra-RPT-3.jpg\" alt=\"\" width=\"707\" height=\"481\" srcset=\"https:\/\/www.uv.mx\/prensa\/files\/2021\/10\/131021-Catedra-RPT-3.jpg 707w, https:\/\/www.uv.mx\/prensa\/files\/2021\/10\/131021-Catedra-RPT-3-300x204.jpg 300w\" sizes=\"(max-width: 707px) 100vw, 707px\" \/><\/a><p id=\"caption-attachment-102882\" class=\"wp-caption-text\">Acad\u00e9micos, investigadores, funcionarios y estudiantes siguieron la inauguraci\u00f3n de forma virtual por <em>UVZoom<\/em><\/p><\/div>\n","protected":false},"excerpt":{"rendered":"<p>\u201cHe estado meditando sobre cu\u00e1l\u202fser\u00e1\u202fel destino de mi biblioteca,\u202fque consiste en todo aquello que creo que s\u00e9 de la realidad,\u202fy he pensado en dedicarle mi biblioteca a la Universidad Veracruzana\u201d: Ruy P\u00e9rez Tamayo<\/p>\n","protected":false},"author":1508,"featured_media":102885,"comment_status":"closed","ping_status":"closed","sticky":false,"template":"","format":"standard","meta":[],"categories":[61],"tags":[],"_links":{"self":[{"href":"https:\/\/www.uv.mx\/prensa\/wp-json\/wp\/v2\/posts\/102880"}],"collection":[{"href":"https:\/\/www.uv.mx\/prensa\/wp-json\/wp\/v2\/posts"}],"about":[{"href":"https:\/\/www.uv.mx\/prensa\/wp-json\/wp\/v2\/types\/post"}],"author":[{"embeddable":true,"href":"https:\/\/www.uv.mx\/prensa\/wp-json\/wp\/v2\/users\/1508"}],"replies":[{"embeddable":true,"href":"https:\/\/www.uv.mx\/prensa\/wp-json\/wp\/v2\/comments?post=102880"}],"version-history":[{"count":1,"href":"https:\/\/www.uv.mx\/prensa\/wp-json\/wp\/v2\/posts\/102880\/revisions"}],"predecessor-version":[{"id":102886,"href":"https:\/\/www.uv.mx\/prensa\/wp-json\/wp\/v2\/posts\/102880\/revisions\/102886"}],"wp:featuredmedia":[{"embeddable":true,"href":"https:\/\/www.uv.mx\/prensa\/wp-json\/wp\/v2\/media\/102885"}],"wp:attachment":[{"href":"https:\/\/www.uv.mx\/prensa\/wp-json\/wp\/v2\/media?parent=102880"}],"wp:term":[{"taxonomy":"category","embeddable":true,"href":"https:\/\/www.uv.mx\/prensa\/wp-json\/wp\/v2\/categories?post=102880"},{"taxonomy":"post_tag","embeddable":true,"href":"https:\/\/www.uv.mx\/prensa\/wp-json\/wp\/v2\/tags?post=102880"}],"curies":[{"name":"wp","href":"https:\/\/api.w.org\/{rel}","templated":true}]}}