{"id":103120,"date":"2021-10-19T15:18:13","date_gmt":"2021-10-19T20:18:13","guid":{"rendered":"https:\/\/www.uv.mx\/prensa\/?p=103120"},"modified":"2021-10-20T12:29:14","modified_gmt":"2021-10-20T17:29:14","slug":"temporada-dos-de-la-osx-contempla-a-filippa-giordano-y-jorge-federico-osorio","status":"publish","type":"post","link":"https:\/\/www.uv.mx\/prensa\/banner\/temporada-dos-de-la-osx-contempla-a-filippa-giordano-y-jorge-federico-osorio\/","title":{"rendered":"Temporada Dos de la OSX\u00a0contempla\u00a0a\u00a0Filippa\u00a0Giordano y\u00a0Jorge Federico Osorio\u00a0"},"content":{"rendered":"<ul>\n<li data-leveltext=\"\u25cf\" data-font=\"\" data-listid=\"1\" data-aria-posinset=\"1\" data-aria-level=\"1\"><i><span data-contrast=\"auto\">El primer concierto ser\u00e1 did\u00e1ctico, el 28 de octubre,\u00a0y el 29 ser\u00e1 en la Catedral Metropolitana<\/span><\/i><span data-ccp-props=\"{&quot;201341983&quot;:0,&quot;335559740&quot;:240}\">\u00a0<\/span><\/li>\n<li data-leveltext=\"\u25cf\" data-font=\"\" data-listid=\"1\" data-aria-posinset=\"2\" data-aria-level=\"1\"><i><span data-contrast=\"auto\">Filippa\u00a0Giordano estar\u00e1 presente con la Orquesta Sinf\u00f3nica de Xalapa en el Festival Cultural Xalapa,\u00a0el 19 de noviembre<\/span><\/i><span data-ccp-props=\"{&quot;201341983&quot;:0,&quot;335559740&quot;:240}\">\u00a0<\/span><\/li>\n<\/ul>\n<p><span data-ccp-props=\"{&quot;201341983&quot;:0,&quot;335559740&quot;:240}\">\u00a0<\/span><\/p>\n<div id=\"attachment_103127\" style=\"width: 732px\" class=\"wp-caption aligncenter\"><img aria-describedby=\"caption-attachment-103127\" decoding=\"async\" loading=\"lazy\" class=\"size-full wp-image-103127\" src=\"https:\/\/www.uv.mx\/prensa\/files\/2021\/10\/191021-OSX-2a-temporada-1.jpg\" alt=\"\" width=\"722\" height=\"450\" srcset=\"https:\/\/www.uv.mx\/prensa\/files\/2021\/10\/191021-OSX-2a-temporada-1.jpg 722w, https:\/\/www.uv.mx\/prensa\/files\/2021\/10\/191021-OSX-2a-temporada-1-300x187.jpg 300w, https:\/\/www.uv.mx\/prensa\/files\/2021\/10\/191021-OSX-2a-temporada-1-200x125.jpg 200w\" sizes=\"(max-width: 722px) 100vw, 722px\" \/><p id=\"caption-attachment-103127\" class=\"wp-caption-text\">Rey Alejandro Conde,\u00a0director de Grupos Art\u00edsticos; Rafael Alcal\u00e1, director de Difusi\u00f3n Cultural;\u00a0Martin\u00a0Lebel,\u00a0director de la OSX,\u00a0y Jorge Alberto L\u00f3pez,\u00a0secretario T\u00e9cnico de la OSX<\/p><\/div>\n<p>&nbsp;<\/p>\n<blockquote><p><span data-contrast=\"auto\">El 28 de octubre habr\u00e1 un concierto did\u00e1ctico a las 10:00 horas y el 29 un concierto en la Catedral Metropolitana a las 20:00<\/span><span data-ccp-props=\"{&quot;201341983&quot;:0,&quot;335559740&quot;:240}\">\u00a0<\/span><\/p><\/blockquote>\n<p><span data-ccp-props=\"{&quot;201341983&quot;:0,&quot;335559740&quot;:240}\">\u00a0<\/span><\/p>\n<p><b><i><span data-contrast=\"auto\">David Sandoval Rodr\u00edguez<\/span><\/i><\/b><span data-ccp-props=\"{&quot;201341983&quot;:0,&quot;335559740&quot;:240}\">\u00a0<\/span><\/p>\n<p><b><i><span data-contrast=\"auto\">19\/10\/2021,\u00a0Xalapa, Ver.-<\/span><\/i><\/b><span data-contrast=\"auto\">\u00a0La <a href=\"https:\/\/www.orquestasinfonicadexalapa.com\/\" target=\"_blank\" rel=\"noopener\">Orquesta Sinf\u00f3nica de Xalapa<\/a> (OSX) anunci\u00f3 el inicio de la Temporada Dos de conciertos 2021 que incluye una presentaci\u00f3n en la Catedral Metropolitana y la presencia de la soprano\u00a0Filippa\u00a0Giordano, adem\u00e1s del reconocido pianista Jorge Federico Osorio,\u00a0y finalizar\u00e1 con un Concierto Navide\u00f1o con la participaci\u00f3n del violinista Francisco\u00a0Fullana.<\/span><span data-ccp-props=\"{&quot;201341983&quot;:0,&quot;335559740&quot;:240}\">\u00a0<\/span><\/p>\n<p><span data-contrast=\"auto\">En rueda de prensa, autoridades de la Universidad Veracruzana (UV) encabezadas por Rafael Alcal\u00e1 Hinojosa, titular de la Direcci\u00f3n General de Difusi\u00f3n Cultural;\u00a0Martin\u00a0Lebel, director titular de la OSX;\u00a0Rey Alejandro Conde,\u00a0director de Grupos Art\u00edsticos,\u00a0y Jorge Alberto L\u00f3pez Guti\u00e9rrez,\u00a0secretario T\u00e9cnico de la OSX, dieron a conocer los detalles de la programaci\u00f3n que considera un regreso seguro a\u00a0Tlaqn\u00e1, Centro Cultural,\u00a0para el p\u00fablico\u00a0xalape\u00f1o.<\/span><span data-ccp-props=\"{&quot;201341983&quot;:0,&quot;335559740&quot;:240}\">\u00a0<\/span><\/p>\n<p><span data-contrast=\"auto\">\u201cRegresamos de manera gradual a las actividades y tendremos un concierto muy\u00a0especial\u201d, precis\u00f3 Martin\u00a0Lebel;<\/span><span data-contrast=\"auto\">\u00a0un concierto virtual el 27 de octubre, Fanny\u00a0Mendenssohn: orgullo OSX, que contempla a los violinistas F\u00e9lix Alan\u00eds y Tonatiuh Baz\u00e1n, bajo la direcci\u00f3n de Martin\u00a0Lebel.<\/span><span data-ccp-props=\"{&quot;201341983&quot;:0,&quot;335559740&quot;:240}\">\u00a0<\/span><\/p>\n<p><span data-contrast=\"auto\">\u00a0<\/span> <span data-contrast=\"auto\">\u201cEl jueves 28 de octubre tendremos un concierto did\u00e1ctico a las 10:00\u00a0horas y el viernes 29 un concierto en la Catedral Metropolitana a las 20:00\u00a0para acercarnos a la comunidad\u00a0xalape\u00f1a\u201d.<\/span><span data-ccp-props=\"{&quot;201341983&quot;:0,&quot;335559740&quot;:240}\">\u00a0<\/span><\/p>\n<p><span data-contrast=\"auto\">El\u00a0concierto del viernes 29 ser\u00e1 gratuito para todo p\u00fablico y busca acercar la Sinf\u00f3nica de Xalapa a los ciudadanos.<\/span><span data-ccp-props=\"{&quot;201341983&quot;:0,&quot;335559731&quot;:720,&quot;335559740&quot;:240}\">\u00a0<\/span><\/p>\n<p><span data-contrast=\"auto\">En ambas presentaciones la OSX ofrecer\u00e1\u00a0el\u00a0programa denominado\u00a0<\/span><i><span data-contrast=\"auto\">Altar\u00a0musical<\/span><\/i><span data-contrast=\"auto\">, pensado en las festividades de D\u00eda de\u00a0Muertos, con\u00a0diversas obras de Johann\u00a0Sebastian\u00a0Bach como la\u00a0<\/span><i><span data-contrast=\"auto\">Cantata No. 27<\/span><\/i><span data-contrast=\"auto\">, la\u00a0<\/span><i><span data-contrast=\"auto\">Cantata No. 120<\/span><\/i><span data-contrast=\"auto\">\u00a0y el\u00a0<\/span><i><span data-contrast=\"auto\">Concierto para dos violines<\/span><\/i><span data-contrast=\"auto\">.<\/span><span data-ccp-props=\"{&quot;201341983&quot;:0,&quot;335559740&quot;:240}\">\u00a0<\/span><\/p>\n<p><span data-contrast=\"auto\">Ser\u00e1 el viernes 5 de noviembre,\u00a0a las\u00a020:30 horas, cuando la OSX brinde su primer concierto de esta temporada en\u00a0Tlaqn\u00e1, con un aforo disponible del 31 por ciento, es decir, alrededor de 180 personas, para cumplir con los protocolos sanitarios vigentes.<\/span><span data-ccp-props=\"{&quot;201341983&quot;:0,&quot;335559740&quot;:240}\">\u00a0<\/span><\/p>\n<p>&nbsp;<\/p>\n<div id=\"attachment_103124\" style=\"width: 732px\" class=\"wp-caption aligncenter\"><img aria-describedby=\"caption-attachment-103124\" decoding=\"async\" loading=\"lazy\" class=\"size-full wp-image-103124\" src=\"https:\/\/www.uv.mx\/prensa\/files\/2021\/10\/191021-OSX-2a-temporada-2.jpg\" alt=\"\" width=\"722\" height=\"472\" srcset=\"https:\/\/www.uv.mx\/prensa\/files\/2021\/10\/191021-OSX-2a-temporada-2.jpg 722w, https:\/\/www.uv.mx\/prensa\/files\/2021\/10\/191021-OSX-2a-temporada-2-300x196.jpg 300w\" sizes=\"(max-width: 722px) 100vw, 722px\" \/><p id=\"caption-attachment-103124\" class=\"wp-caption-text\">El director titular de la OSX, Martin\u00a0Lebel, destac\u00f3 que habr\u00e1 varios conciertos especiales en la Temporada Dos<\/p><\/div>\n<p>&nbsp;<\/p>\n<p><span data-contrast=\"auto\">\u201cTenemos un protocolo muy claro, con el uso de\u00a0cubrebocas\u00a0durante todo el concierto, no hay intermedio y podemos decir que realmente\u00a0Tlaqn\u00e1\u00a0es el lugar m\u00e1s seguro de todo Xalapa, m\u00e1s seguro que los restaurantes por el protocolo que se sigue y el p\u00fablico puede venir sin temer porque realmente est\u00e1 muy bien hecho, tanto los m\u00fasicos como los asistentes siguen las medidas de distanciamiento social\u201d, agreg\u00f3\u00a0Lebel\u00a0y\u00a0record\u00f3 que \u201cla salud es m\u00e1s importante que el arte,\u00a0pero el arte es importante para nuestro coraz\u00f3n, por eso estamos tan felices de empezar de nuevo\u201d.<\/span><span data-ccp-props=\"{&quot;201341983&quot;:0,&quot;335559740&quot;:240}\">\u00a0<\/span><\/p>\n<p><span data-contrast=\"auto\">Habr\u00e1 conciertos especiales, como el que realizar\u00e1n con la soprano\u00a0Filippa\u00a0Giordano dentro del programa del Festival Cultural Xalapa que organiza la Secretar\u00eda de Turismo y Cultura del Estado de Veracruz (<\/span><i><span data-contrast=\"auto\">Sectur<\/span><\/i><span data-contrast=\"auto\">) el viernes 19 de noviembre, que tendr\u00e1 como director invitado a\u00a0Lanfranco\u00a0Marcelletti.<\/span><span data-ccp-props=\"{&quot;201341983&quot;:0,&quot;335559740&quot;:240}\">\u00a0<\/span><\/p>\n<p><span data-contrast=\"auto\">Martin\u00a0Lebel\u00a0destac\u00f3 tambi\u00e9n el concierto del viernes 10 de diciembre con el destacado pianista Jorge Federico Osorio, en el que se interpretar\u00e1n obras de Mozart, Blas Galindo y\u00a0B\u00e9la\u00a0Bart\u00f3k.<\/span><span data-ccp-props=\"{&quot;201341983&quot;:0,&quot;335559740&quot;:240}\">\u00a0<\/span><\/p>\n<p><span data-contrast=\"auto\">El tercero ser\u00e1 un concierto navide\u00f1o que contar\u00e1 con la presencia del reconocido violinista Francisco\u00a0Fullana,\u00a0quien interpretar\u00e1 las\u00a0<\/span><i><span data-contrast=\"auto\">Cuatro Estaciones<\/span><\/i><span data-contrast=\"auto\">\u00a0de Vivaldi.<\/span><span data-ccp-props=\"{&quot;201341983&quot;:0,&quot;335559740&quot;:240}\">\u00a0<\/span><\/p>\n<p><span data-contrast=\"auto\">En su participaci\u00f3n, Alcal\u00e1 Hinojosa detall\u00f3 que los conciertos del 28 y 29 de octubre forman parte del Festival Bravo Xalapa.<\/span><span data-ccp-props=\"{&quot;201341983&quot;:0,&quot;335559740&quot;:240}\">\u00a0<\/span><\/p>\n<p><span data-contrast=\"auto\">Recalc\u00f3 adem\u00e1s que las instalaciones\u00a0de\u00a0Tlaqn\u00e1\u00a0lograron el distintivo de seguridad sanitaria que otorga el Instituto Mexicano del Seguro Social (IMSS);\u00a0\u201ces muy importante porque asegura que todas las personas que laboran y el p\u00fablico que asista ser\u00e1n recibidos en un recinto seguro\u201d.<\/span><span data-ccp-props=\"{&quot;201341983&quot;:0,&quot;335559740&quot;:240}\">\u00a0<\/span><\/p>\n<p><span data-contrast=\"auto\">Rey Alejandro Conde subray\u00f3 en su mensaje que la OSX ha continuado sus actividades durante la pandemia a trav\u00e9s de videos educativos con sus integrantes y con las transmisiones de conciertos\u00a0en l\u00ednea.<\/span><span data-ccp-props=\"{&quot;201341983&quot;:0,&quot;335559740&quot;:240}\">\u00a0<\/span><\/p>\n<p><span data-contrast=\"auto\">En tanto, Jorge Alberto L\u00f3pez\u00a0coment\u00f3 respecto al distintivo de seguridad sanitaria que se obtuvo gracias al manejo que ha tenido el personal y el cuidado de los espacios:\u00a0\u201cTlaqn\u00e1, en conjunto con la UV, dise\u00f1\u00f3 protocolos espec\u00edficos que permiten un mayor cuidado y hasta la fecha no ha ocurrido ning\u00fan contagio dentro del\u00a0recinto, por lo que continuaremos con esta cultura de cuidado, con el distanciamiento y con el aforo controlado\u201d.<\/span><span data-ccp-props=\"{&quot;201341983&quot;:0,&quot;335559740&quot;:240}\">\u00a0<\/span><\/p>\n<p><span data-contrast=\"auto\">Cabe recordar que los boletos para asistir a los conciertos del 19 de noviembre, 10 y 17 de diciembre tendr\u00e1n un precio especial y se pueden adquirir en las taquillas de\u00a0Tlaqn\u00e1\u00a0los viernes de 11:00 a 20:30 horas,\u00a0en\u00a0la Tienda UV localizada a un costado de la Facultad de Contadur\u00eda y Administraci\u00f3n, de lunes a viernes de 10:00 a 13:00 horas,\u00a0y en l\u00ednea accediendo a la direcci\u00f3n\u00a0<\/span><a href=\"http:\/\/www.orquestasinfonicadexalapa.com\/\"><span data-contrast=\"none\">www.orquestasinfonicadexalapa.com<\/span><\/a><span data-ccp-props=\"{&quot;201341983&quot;:0,&quot;335559740&quot;:240}\">\u00a0<\/span><\/p>\n<p><span data-ccp-props=\"{&quot;201341983&quot;:0,&quot;335559740&quot;:240}\">\u00a0<\/span><\/p>\n<div id=\"attachment_103125\" style=\"width: 732px\" class=\"wp-caption aligncenter\"><img aria-describedby=\"caption-attachment-103125\" decoding=\"async\" loading=\"lazy\" class=\"size-full wp-image-103125\" src=\"https:\/\/www.uv.mx\/prensa\/files\/2021\/10\/191021-OSX-2a-temporada-3.jpg\" alt=\"\" width=\"722\" height=\"516\" srcset=\"https:\/\/www.uv.mx\/prensa\/files\/2021\/10\/191021-OSX-2a-temporada-3.jpg 722w, https:\/\/www.uv.mx\/prensa\/files\/2021\/10\/191021-OSX-2a-temporada-3-300x214.jpg 300w\" sizes=\"(max-width: 722px) 100vw, 722px\" \/><p id=\"caption-attachment-103125\" class=\"wp-caption-text\">Rafael Alcal\u00e1, director de Difusi\u00f3n Cultural, dijo que Tlaqn\u00e1 cuenta con el distintivo de seguridad sanitaria que otorga el IMSS<\/p><\/div>\n","protected":false},"excerpt":{"rendered":"<p>\u201cLa salud es m\u00e1s importante que el arte, pero el arte es importante para nuestro coraz\u00f3n, por eso estamos tan felices de empezar de nuevo\u201d: Martin\u00a0Lebel\u00a0<\/p>\n","protected":false},"author":1869,"featured_media":103135,"comment_status":"closed","ping_status":"closed","sticky":false,"template":"","format":"standard","meta":[],"categories":[61],"tags":[],"_links":{"self":[{"href":"https:\/\/www.uv.mx\/prensa\/wp-json\/wp\/v2\/posts\/103120"}],"collection":[{"href":"https:\/\/www.uv.mx\/prensa\/wp-json\/wp\/v2\/posts"}],"about":[{"href":"https:\/\/www.uv.mx\/prensa\/wp-json\/wp\/v2\/types\/post"}],"author":[{"embeddable":true,"href":"https:\/\/www.uv.mx\/prensa\/wp-json\/wp\/v2\/users\/1869"}],"replies":[{"embeddable":true,"href":"https:\/\/www.uv.mx\/prensa\/wp-json\/wp\/v2\/comments?post=103120"}],"version-history":[{"count":1,"href":"https:\/\/www.uv.mx\/prensa\/wp-json\/wp\/v2\/posts\/103120\/revisions"}],"predecessor-version":[{"id":103259,"href":"https:\/\/www.uv.mx\/prensa\/wp-json\/wp\/v2\/posts\/103120\/revisions\/103259"}],"wp:featuredmedia":[{"embeddable":true,"href":"https:\/\/www.uv.mx\/prensa\/wp-json\/wp\/v2\/media\/103135"}],"wp:attachment":[{"href":"https:\/\/www.uv.mx\/prensa\/wp-json\/wp\/v2\/media?parent=103120"}],"wp:term":[{"taxonomy":"category","embeddable":true,"href":"https:\/\/www.uv.mx\/prensa\/wp-json\/wp\/v2\/categories?post=103120"},{"taxonomy":"post_tag","embeddable":true,"href":"https:\/\/www.uv.mx\/prensa\/wp-json\/wp\/v2\/tags?post=103120"}],"curies":[{"name":"wp","href":"https:\/\/api.w.org\/{rel}","templated":true}]}}